{"id":509493,"date":"2025-11-03T19:28:10","date_gmt":"2025-11-03T19:28:10","guid":{"rendered":"https:\/\/www.europesays.com\/fr\/509493\/"},"modified":"2025-11-03T19:28:10","modified_gmt":"2025-11-03T19:28:10","slug":"affaire-lafarge-le-proces-inedit-de-la-multinationale-qui-financait-letat-islamique-souvre-a-paris-mediapart","status":"publish","type":"post","link":"https:\/\/www.europesays.com\/fr\/509493\/","title":{"rendered":"Affaire Lafarge : le proc\u00e8s in\u00e9dit de la multinationale qui finan\u00e7ait l\u2019\u00c9tat islamique s\u2019ouvre \u00e0 Paris &#8211; Mediapart"},"content":{"rendered":"<ol>\n<li><a href=\"https:\/\/news.google.com\/rss\/articles\/CBMi3gFBVV95cUxNeHpXeU90TE9BaFlHZDhZcDNScnhvZW82cHdIRHVlbGRPXzUxSXd3b1ZmZGlWbUtYYVBMR2dXNG4wd1cyQTNFWHFQcGxURS1BLVMwSERqdUtqX0J0d3pJQnlWVmFYMXRic3dILUQ2WkRkNnYzNEhWcDRZOVgtVlhjeXEzakFfSk9CeDVicXVfcWhUT1E2UWU2YnFPbUItREhmNnItSmdmNHNyWXdURzRhNkYwVVZfMzd1c2Mwdl9nRWpDWkRldXFVay1ianJuRWxQNmdQc2V6bXlvbGxZMEE?oc=5\" target=\"_blank\" rel=\"noopener\">Affaire Lafarge : le proc\u00e8s in\u00e9dit de la multinationale qui finan\u00e7ait l\u2019\u00c9tat islamique s\u2019ouvre \u00e0 Paris<\/a>&nbsp;&nbsp;Mediapart<\/li>\n<li><a href=\"https:\/\/news.google.com\/rss\/articles\/CBMijAJBVV95cUxPLVktNWUzMkhKQzlaNFhXc0FRVE1yaGY2NEYzcVBiNDVHajJyY3daMV9kNzJnZjF4OTIzeVJCbjA0MkMxa00tRzhfQi1iQ2NNZ0VZUktCdUhoZlV2X1hfcHRoVmVxLVAxWVRvWkFlbUVhRUxXa0ZidFNSRkFYbzZPVEx4cFBCYS14czFmaEtiR3BFOHNaWi1QcEpDdHIzZW1uMW1VRXg0TWRRcWpmMG5MbkVkZHVJOUg0aExqOTNNODZQYkY4cEZrSUxOTVloWk9NSjlwNHBEWnhtTjVWQ1ZUNmFoamFyTWJOSlVMVVJnM2NBNWhGR25OR1NWYTgxX3R1eUp4UXZYZU9sSXlO?oc=5\" target=\"_blank\" rel=\"noopener\">\u00ab Pri\u00e8re d&rsquo;autoriser le ciment \u00e0 passer les barrages \u00bb : le proc\u00e8s des sombres compromis de Lafarge avec les djihadistes en Syrie<\/a>&nbsp;&nbsp;Les Echos<\/li>\n<li><a href=\"https:\/\/news.google.com\/rss\/articles\/CBMimwJBVV95cUxPS2ZfX19CVUFFV3ZaOWVZc3VRSTRFSDctSEEyVFNkWjhJLXRsWHFLeWNNZ0VwSzFGMnJ1Yk55Qm0yWHBRdHFuNEhLQVJxYUNOZE9NbWVfSXhXNWVTSkhMckU2RVE4MmNLOXA4WUdFZjdsVC1oMnRXQkl6TS1ZUzR1enBrUWI4elFmMTk0TE9tbThRRFdWdm5hZUxXaGJtb3JfVjdaTU1pWmhsMkl5OU1BSlVJck5WZmhDbWhLMmJ0bFNZR0NscGtldDJJcU5VdV9jcTAwbk1CV2NZVlZ1bEhIdk9hbmpRQWVMdWkzZXQwTGpxR1FNZEd6QlhMUE1rTWcyTFZ4eDFGY3hLRTBsSlR0T2J4bzR2bmVBM2Nv?oc=5\" target=\"_blank\" rel=\"noopener\">\u00ab Il y a des points de jonction entre les deux affaires \u00bb : l\u2019association MAT-R\u00e9 suivra de pr\u00e8s le proc\u00e8s de Lafarge-Holcim en Syrie<\/a>&nbsp;&nbsp;Sud Ouest<\/li>\n<li><a href=\"https:\/\/news.google.com\/rss\/articles\/CBMi5gFBVV95cUxPSVo2d3VuMHR6VzVxenloMTRwRlFXQmdCRzJFUWI0V21pc3VwQ2pYRVM1Q3laeS1IYmUyMmgzUzVUek45eHFCcDh3bDRGd3MzaG9jU1VCNXB3X3hxVUNkMmZBRlVxQmhSYTE1c19BeXdNYnBmN0ZLaWZDRU9zT3lHb3BwbHJIUlpUeXJjamhRNUFMMFpCN3hfWHRjTzZjMW5FbDVQMEhQOGFnS2lSOWRuTDl6d0FyZmExcEFDekstbHFjQjhCRk1GV3hDbjZ0SXFmaDZfV3NkMFZzX2k1SzUxVlp4clRPdw?oc=5\" target=\"_blank\" rel=\"noopener\">Le cimentier Lafarge jug\u00e9 pour \u00ab financement du terrorisme \u00bb : un proc\u00e8s sur fond de guerre civile en Syrie<\/a>&nbsp;&nbsp;Le Figaro<\/li>\n<li><a href=\"https:\/\/news.google.com\/rss\/articles\/CBMi1gFBVV95cUxOUVVSYWcwbllRbGpVRHJiVHRpSURjQks4YlRTTFNsUkdhOEtCWXZNcjBJVm9qOWlEclFUTm9UdHFRSVg4Z2NfLWdjcVFQOGhsb01IZEljRHVKcldxQVNjR0FXWmgwTF9HREtkMm5yT08xOHFKSm9HUDNQR2tsNUl2NUhxWGlfS1k0anNNSlJ4X1MzbURCaVR6cUJOX2h2bVJBTmExaUt4bS1vb1pmeW1JZ2VtVnNUUTdNOEpBN2p1SXR5SVE1alN4Q0ZjdVhqdjJjOERiaWRn?oc=5\" target=\"_blank\" rel=\"noopener\">Lafarge : \u00ab\u00a0Il y a des anomalies consid\u00e9rables\u00a0\u00bb<\/a>&nbsp;&nbsp;BFMTV<\/li>\n<\/ol>\n","protected":false},"excerpt":{"rendered":"Affaire Lafarge : le proc\u00e8s in\u00e9dit de la multinationale qui finan\u00e7ait l\u2019\u00c9tat islamique s\u2019ouvre \u00e0 Paris&nbsp;&nbsp;Mediapart \u00ab Pri\u00e8re&hellip;\n","protected":false},"author":2,"featured_media":509494,"comment_status":"","ping_status":"","sticky":false,"template":"","format":"standard","meta":{"footnotes":""},"categories":[6],"tags":[63078,35,63079,33,34,23398,1011,27,303,63080,63081,63082,32,34045],"class_list":{"0":"post-509493","1":"post","2":"type-post","3":"status-publish","4":"format-standard","5":"has-post-thumbnail","7":"category-economie","8":"tag-bruno-lafont","9":"tag-business","10":"tag-ecchr","11":"tag-economie","12":"tag-economy","13":"tag-etat-islamique","14":"tag-fr","15":"tag-france","16":"tag-justice","17":"tag-lafarge","18":"tag-multinationale","19":"tag-sherpa","20":"tag-syrie","21":"tag-terrorisme-islamiste"},"share_on_mastodon":{"url":"https:\/\/pubeurope.com\/@fr\/115487421692094151","error":""},"_links":{"self":[{"href":"https:\/\/www.europesays.com\/fr\/wp-json\/wp\/v2\/posts\/509493","targetHints":{"allow":["GET"]}}],"collection":[{"href":"https:\/\/www.europesays.com\/fr\/wp-json\/wp\/v2\/posts"}],"about":[{"href":"https:\/\/www.europesays.com\/fr\/wp-json\/wp\/v2\/types\/post"}],"author":[{"embeddable":true,"href":"https:\/\/www.europesays.com\/fr\/wp-json\/wp\/v2\/users\/2"}],"replies":[{"embeddable":true,"href":"https:\/\/www.europesays.com\/fr\/wp-json\/wp\/v2\/comments?post=509493"}],"version-history":[{"count":0,"href":"https:\/\/www.europesays.com\/fr\/wp-json\/wp\/v2\/posts\/509493\/revisions"}],"wp:featuredmedia":[{"embeddable":true,"href":"https:\/\/www.europesays.com\/fr\/wp-json\/wp\/v2\/media\/509494"}],"wp:attachment":[{"href":"https:\/\/www.europesays.com\/fr\/wp-json\/wp\/v2\/media?parent=509493"}],"wp:term":[{"taxonomy":"category","embeddable":true,"href":"https:\/\/www.europesays.com\/fr\/wp-json\/wp\/v2\/categories?post=509493"},{"taxonomy":"post_tag","embeddable":true,"href":"https:\/\/www.europesays.com\/fr\/wp-json\/wp\/v2\/tags?post=509493"}],"curies":[{"name":"wp","href":"https:\/\/api.w.org\/{rel}","templated":true}]}}