{"id":509495,"date":"2025-11-03T19:29:13","date_gmt":"2025-11-03T19:29:13","guid":{"rendered":"https:\/\/www.europesays.com\/fr\/509495\/"},"modified":"2025-11-03T19:29:13","modified_gmt":"2025-11-03T19:29:13","slug":"trump-accuse-la-russie-de-mener-des-essais-nucleaires-les-troupes-de-moscou-avancent-sur-le-front-2","status":"publish","type":"post","link":"https:\/\/www.europesays.com\/fr\/509495\/","title":{"rendered":"Trump accuse la Russie de mener des essais nucl\u00e9aires, les troupes de Moscou avancent sur le front"},"content":{"rendered":"<p>Vous avez rat\u00e9 les derniers \u00e9v\u00e9nements sur la <a href=\"https:\/\/www.20minutes.fr\/monde\/ukraine\/\" class=\"c-link c-link--is-underlined\" rel=\"nofollow noopener\" target=\"_blank\">guerre en Ukraine<\/a>\u00a0? 20 Minutes fait le point pour vous tous les soirs. Voici l\u2019essentiel de ce lundi 3\u00a0novembre, 1.349e jour du conflit.<\/p>\n<p>Le fait du jour<\/p>\n<p>\u00ab\u00a0La <a href=\"https:\/\/www.20minutes.fr\/monde\/russie\/\" class=\"c-link c-link--is-underlined\" rel=\"nofollow noopener\" target=\"_blank\">Russie<\/a> fait des essais [nucl\u00e9aires], et la <a href=\"https:\/\/www.20minutes.fr\/dossier\/chine\" class=\"c-link c-link--is-underlined\" rel=\"nofollow noopener\" target=\"_blank\">Chine<\/a> fait des essais, mais ils n\u2019en parlent pas\u00a0\u00bb, a assur\u00e9 <a href=\"https:\/\/www.20minutes.fr\/dossier\/donald_trump\" class=\"c-link c-link--is-underlined\" rel=\"nofollow noopener\" target=\"_blank\">Donald Trump<\/a> une interview diffus\u00e9e par la cha\u00eene am\u00e9ricaine CBS. \u00ab\u00a0On va faire des essais parce que d\u2019autres font des essais. La <a href=\"https:\/\/www.20minutes.fr\/monde\/coree_du_nord\/\" class=\"c-link c-link--is-underlined\" rel=\"nofollow noopener\" target=\"_blank\">Cor\u00e9e du Nord<\/a> fait des essais. Le Pakistan fait des essais\u00a0\u00bb, a poursuivi le locataire de la Maison Blanche. \u00ab\u00a0Vous savez, aussi puissantes que soient [les armes nucl\u00e9aires], le monde est grand. Vous ne savez pas n\u00e9cessairement o\u00f9 ils font des essais. Ils font des essais souterrains, en profondeur, o\u00f9 les gens ne savent pas vraiment ce qui se passe. Vous sentez une petite vibration. Ils font des essais et on n\u2019en fait pas. Nous devons en faire\u00a0\u00bb, a-t-il insist\u00e9 pour appuyer sa d\u00e9cision de reprendre ses propres essais.<\/p>\n<\/p>\n<p>Aucune puissance n\u2019a proc\u00e9d\u00e9 officiellement \u00e0 un essai nucl\u00e9aire depuis trois d\u00e9cennies \u2013 \u00e0 l\u2019exception de la Cor\u00e9e du Nord (\u00e0 six reprises entre\u00a02006 et\u00a02017). La Russie (alors Union sovi\u00e9tique) n\u2019en a th\u00e9oriquement plus conduit depuis\u00a01990 et la Chine depuis\u00a01996. Mais de nombreux pays, Etats-Unis en t\u00eate, effectuent r\u00e9guli\u00e8rement des tests de vecteurs \u2013 missiles, sous-marins, avions de chasse ou autres.<\/p>\n<p>\u00ab\u00a0La Chine a toujours adh\u00e9r\u00e9 \u00e0 la voie du d\u00e9veloppement pacifique, m\u00e8ne une politique de non-utilisation en premier des armes nucl\u00e9aires, adh\u00e8re \u00e0 une strat\u00e9gie nucl\u00e9aire bas\u00e9e sur l\u2019autod\u00e9fense et respecte son engagement de suspendre les essais nucl\u00e9aires\u00a0\u00bb, a indiqu\u00e9 lundi Mao Ning, une porte-parole du minist\u00e8re chinois des Affaires \u00e9trang\u00e8res, d\u00e9mentant donc les propos de Donald Trump. La Russie n\u2019a pas r\u00e9agi.<\/p>\n<p>Le chiffre du jour<\/p>\n<p>461. Le nombre de kilom\u00e8tres carr\u00e9s conquis par les troupes de <a href=\"https:\/\/www.20minutes.fr\/monde\/vladimir_poutine\/\" class=\"c-link c-link--is-underlined\" rel=\"nofollow noopener\" target=\"_blank\">Vladimir Poutine<\/a> en territoire ukrainien au mois d\u2019octobre, selon l\u2019analyse de l\u2019AFP sur la base des donn\u00e9es fournies par l\u2019Institut am\u00e9ricain pour l\u2019\u00e9tude de la guerre (ISW). Un chiffre l\u00e9g\u00e8rement sup\u00e9rieur aux 447\u00a0km2 de territoire conquis en septembre. Ce chiffre est proche de la moyenne mensuelle pour l\u2019ann\u00e9e\u00a02025, apr\u00e8s un pic en juillet (634\u00a0km2). C\u2019est dans la r\u00e9gion de Donetsk que la Russie a le plus avanc\u00e9 en octobre avec 169\u00a0km2 conquis et une moyenne de 5,5 km2 par jour. Au 31\u00a0octobre, elle en occupait 81\u00a0%, ainsi que la quasi-totalit\u00e9 de la r\u00e9gion voisine de Lougansk.<\/p>\n<p>Fin octobre, l\u2019arm\u00e9e russe contr\u00f4lait totalement ou partiellement 19,2\u00a0% du territoire ukrainien. Quelque 7\u00a0%, la Crim\u00e9e et des zones du Donbass, \u00e9taient d\u00e9j\u00e0 contr\u00f4l\u00e9s avant le d\u00e9but de l\u2019invasion russe de f\u00e9vrier\u00a02022.<\/p>\n<p>La tendance<\/p>\n<p>Encore un survol de drone d\u2019origine inconnue et encore un a\u00e9roport ferm\u00e9. Le trafic a\u00e9rien a \u00e9t\u00e9 temporairement suspendu \u00e0 l\u2019a\u00e9roport de Br\u00e8me, en <a href=\"https:\/\/www.20minutes.fr\/dossier\/allemagne\" class=\"c-link c-link--is-underlined\" rel=\"nofollow noopener\" target=\"_blank\">Allemagne<\/a>, dimanche en soir\u00e9e. L\u2019appareil a \u00e9t\u00e9 rep\u00e9r\u00e9 \u00ab\u00a0aux abords imm\u00e9diats de l\u2019a\u00e9roport vers 19h30\u00a0\u00bb, selon un porte-parole de la police. Vendredi soir d\u00e9j\u00e0, les vols ont \u00e9t\u00e9 suspendus pendant pr\u00e8s de deux heures \u00e0 l\u2019a\u00e9roport de Berlin-Brandebourg \u00e0 cause de la pr\u00e9sence de drones.<\/p>\n<p><a href=\"http:\/\/20minutes.fr\/monde\/ukraine\" class=\"c-link c-btn c-btn--primary\" rel=\"nofollow noopener\" target=\"_blank\">Notre dossier sur la guerre en Ukraine<\/a><\/p>\n<p>D\u00e9but octobre, l\u2019a\u00e9roport de Munich, le deuxi\u00e8me d\u2019Allemagne, avait d\u00e9j\u00e0 d\u00fb interrompre plusieurs heures ses op\u00e9rations pour la m\u00eame raison.<\/p>\n<p>Les autorit\u00e9s allemandes ont \u00e0 plusieurs reprises mis en garde contre la menace croissante pos\u00e9e par les drones, apr\u00e8s une s\u00e9rie d\u2019incursions d\u2019appareils non identifi\u00e9s dans des a\u00e9roports et sites militaires cette ann\u00e9e. Berlin, l\u2019un des principaux soutiens de l\u2019Ukraine face \u00e0 la Russie, soup\u00e7onne Moscou d\u2019\u00eatre \u00e0 l\u2019origine de certaines de ces activit\u00e9s.<\/p>\n","protected":false},"excerpt":{"rendered":"Vous avez rat\u00e9 les derniers \u00e9v\u00e9nements sur la guerre en Ukraine\u00a0? 20 Minutes fait le point pour vous&hellip;\n","protected":false},"author":2,"featured_media":509496,"comment_status":"","ping_status":"","sticky":false,"template":"","format":"standard","meta":{"footnotes":""},"categories":[5],"tags":[47,11,672,309,75,564,73,1011,27,131,14,74,12,132,135,28],"class_list":{"0":"post-509495","1":"post","2":"type-post","3":"status-publish","4":"format-standard","5":"has-post-thumbnail","7":"category-international","8":"tag-actualite","9":"tag-actualites","10":"tag-allemagne","11":"tag-chine","12":"tag-donald-trump","13":"tag-drone","14":"tag-etats-unis","15":"tag-fr","16":"tag-france","17":"tag-guerre-en-ukraine","18":"tag-international","19":"tag-monde","20":"tag-news","21":"tag-russie","22":"tag-vladimir-poutine","23":"tag-world"},"share_on_mastodon":{"url":"https:\/\/pubeurope.com\/@fr\/115487425484211171","error":""},"_links":{"self":[{"href":"https:\/\/www.europesays.com\/fr\/wp-json\/wp\/v2\/posts\/509495","targetHints":{"allow":["GET"]}}],"collection":[{"href":"https:\/\/www.europesays.com\/fr\/wp-json\/wp\/v2\/posts"}],"about":[{"href":"https:\/\/www.europesays.com\/fr\/wp-json\/wp\/v2\/types\/post"}],"author":[{"embeddable":true,"href":"https:\/\/www.europesays.com\/fr\/wp-json\/wp\/v2\/users\/2"}],"replies":[{"embeddable":true,"href":"https:\/\/www.europesays.com\/fr\/wp-json\/wp\/v2\/comments?post=509495"}],"version-history":[{"count":0,"href":"https:\/\/www.europesays.com\/fr\/wp-json\/wp\/v2\/posts\/509495\/revisions"}],"wp:featuredmedia":[{"embeddable":true,"href":"https:\/\/www.europesays.com\/fr\/wp-json\/wp\/v2\/media\/509496"}],"wp:attachment":[{"href":"https:\/\/www.europesays.com\/fr\/wp-json\/wp\/v2\/media?parent=509495"}],"wp:term":[{"taxonomy":"category","embeddable":true,"href":"https:\/\/www.europesays.com\/fr\/wp-json\/wp\/v2\/categories?post=509495"},{"taxonomy":"post_tag","embeddable":true,"href":"https:\/\/www.europesays.com\/fr\/wp-json\/wp\/v2\/tags?post=509495"}],"curies":[{"name":"wp","href":"https:\/\/api.w.org\/{rel}","templated":true}]}}