{"id":509497,"date":"2025-11-03T19:30:20","date_gmt":"2025-11-03T19:30:20","guid":{"rendered":"https:\/\/www.europesays.com\/fr\/509497\/"},"modified":"2025-11-03T19:30:20","modified_gmt":"2025-11-03T19:30:20","slug":"temoins-du-13-novembre-2015-ils-racontent-les-sentiments-qui-les-hantent-toujours-10-ans-apres","status":"publish","type":"post","link":"https:\/\/www.europesays.com\/fr\/509497\/","title":{"rendered":"T\u00e9moins du 13-Novembre\u00a02015, ils racontent les sentiments qui les hantent toujours 10\u00a0ans apr\u00e8s"},"content":{"rendered":"<p>        <img decoding=\"async\" loading=\"lazy\" src=\"https:\/\/www.europesays.com\/fr\/wp-content\/uploads\/2025\/11\/c5676c1_upload-1-makr4rlx6yuc-coralie-triptyque-2.jpg\"  width=\"728\" height=\"410\" alt=\"Coralie, rescap\u00e9e du Bataclan, interrog\u00e9e pour le \u00ab\u00a0Programme 13-Novembre\u00a0\u00bb en 2016, 2018\u00a0et 2021.\"\/>  <\/p>\n<p>INA<\/p>\n<p>Coralie, rescap\u00e9e du Bataclan, interrog\u00e9e pour le \u00ab\u00a0Programme 13-Novembre\u00a0\u00bb en 2016, 2018\u00a0et 2021.<\/p>\n<p class=\"asset asset-text\">13-NOVEMBRE &#8211; \u00ab\u00a0Je me sens coupable et \u00e0 la fois je n\u2019y suis pour rien. On me l\u2019a suffisamment dit, mais c\u2019est quelque chose qui est encore tr\u00e8s pr\u00e9sent aujourd\u2019hui.\u00a0\u00bb Le r\u00e9cit de Manon, t\u00e9moin oculaire des <a href=\"https:\/\/www.huffingtonpost.fr\/france\/article\/a-quoi-ressemblera-l-hommage-pour-les-dix-ans-du-13-novembre_256117.html\" target=\"_blank\" rel=\"noopener\">attentats du 13\u00a0novembre\u00a02015<\/a>, r\u00e9sonne chez de <a href=\"https:\/\/www.huffingtonpost.fr\/politique\/video\/4-ans-apres-l-attentat-du-13-novembre-je-tente-de-survivre_154552.html\" target=\"_blank\" rel=\"noopener\">nombreux rescap\u00e9s<\/a>. Le documentaire 13\u00a0novembre, nos vies en \u00e9clats, diffus\u00e9 ce lundi 3\u00a0novembre \u00e0 23\u00a0h\u00a020\u00a0sur France 2, revient sur <a href=\"https:\/\/www.huffingtonpost.fr\/life\/video\/contre-le-syndrome-post-traumatique-les-techniques-de-cette-militaire_206389.html\" target=\"_blank\" rel=\"noopener\">l\u2019impact psychologique<\/a> de ce drame, au fil des ans, sur ceux qui restent.<\/p>\n<p class=\"asset asset-text\">Dans les mois qui ont suivi les \u00e9v\u00e8nements, un vaste projet de recherche est lanc\u00e9 par le CNRS et l\u2019Inserm, en partenariat avec l\u2019INA et l\u2019ECPAD. L\u2019objectif\u00a0de ce \u00ab\u00a0Programme 13-Novembre\u00a0\u00bb est de recueillir la parole de pr\u00e8s de mille t\u00e9moins\u00a0: habitants des lieux touch\u00e9s, rescap\u00e9s, familles de victimes, soignants, membres des forces de l\u2019ordre\u2026<\/p>\n<p class=\"asset asset-text\">\u00ab\u00a0Le 13\u00a0novembre repr\u00e9sentait une situation unique et un cadre d\u2019\u00e9tude exceptionnel\u00a0: tant de personnes ayant v\u00e9cu le m\u00eame \u00e9v\u00e8nement. Et avec une volont\u00e9 incroyable de t\u00e9moigner, notait en janvier <a href=\"https:\/\/www.huffingtonpost.fr\/life\/article\/les-attentats-de-2015-ont-aussi-fait-avancer-les-recherches-sur-la-memoire-traumatique_244534.html\" target=\"_blank\" rel=\"noopener\">aupr\u00e8s du HuffPost Francis Eustache<\/a>, neuropsychologue et directeur de recherche \u00e0 l\u2019\u00c9cole pratique des hautes \u00e9tudes (EPHE), qui codirige ce programme avec l\u2019historien Denis Peschanski du CNRS. On analyse l\u2019influence r\u00e9ciproque de la m\u00e9moire individuelle et de la m\u00e9moire collective.\u00a0\u00bb<\/p>\n<p>    \u00ab\u00a0Je me sens coupable de ne pas avoir \u00e9t\u00e9 bless\u00e9e\u00a0\u00bb    <\/p>\n<p class=\"asset asset-text\">Dix ans apr\u00e8s les attentats, le programme est toujours en cours\u00a0: interrog\u00e9s et film\u00e9s \u00e0 trois reprises (2016, 2018\u00a0et 2021), les t\u00e9moins doivent participer \u00e0 de derniers entretiens en 2026.\u00a0Parmi les 4\u00a0500\u00a0heures d\u00e9j\u00e0 enregistr\u00e9es et constituant une v\u00e9ritable archive vivante, le documentaire de la r\u00e9alisatrice Val\u00e9rie Manns, <strong>dont la bande-annonce est \u00e0 voir ci-dessous<\/strong>, retrace le parcours de 27 personnes. Dont celui de\u00a0Manon, qui se trouvait en terrasse dans le 11e arrondissement, \u00e0 quelques m\u00e8tres des fusillades.<\/p>\n<p> La lecture de ce contenu est susceptible d\u2019entra\u00eener un d\u00e9p\u00f4t de cookies de la part de l\u2019op\u00e9rateur tiers qui l\u2019h\u00e9berge. Compte-tenu des choix que vous avez exprim\u00e9s en mati\u00e8re de d\u00e9p\u00f4t de cookies, nous avons bloqu\u00e9 l\u2019affichage de ce contenu. Si vous souhaitez y acc\u00e9der, vous devez accepter la cat\u00e9gorie de cookies \u201cContenus tiers\u201d en cliquant sur le bouton ci-dessous. <\/p>\n<p> Lire la Vid\u00e9o        <\/p>\n<p class=\"asset asset-text\">\u00ab\u00a0Il y avait de la lumi\u00e8re partout, de la musique, c\u2019\u00e9tait super cool. Et j\u2019ai vu des gens tomber, se rappelle-t-elle, interrog\u00e9e une premi\u00e8re fois en 2016. Je pensais que c\u2019\u00e9tait des p\u00e9tards, mais je ne comprenais pas pourquoi les gens tombaient. Je me disais que c\u2019\u00e9tait pour se cacher. Et d\u2019un coup, tout le monde a commenc\u00e9 \u00e0 courir dans tous les sens. Et moi, je continuais \u00e0 fumer ma cigarette tout en regardant \u00e7a.\u00a0\u00bb<\/p>\n<p class=\"asset asset-text\">Le sentiment principal qui habite la jeune femme depuis, c\u2019est la culpabilit\u00e9. \u00ab\u00a0De ne pas avoir \u00e9t\u00e9 bless\u00e9e. De ne pas avoir \u00e9t\u00e9 capable de sortir du restaurant pour aller aider tous ces gens. Je me sens coupable et \u00e0 la fois je n\u2019y suis pour rien, confesse-t-elle, lors de l\u2019entretien effectu\u00e9 en 2021. J\u2019ai vu des gens allong\u00e9s par terre, tr\u00e8s m\u00e9lang\u00e9s. J\u2019ai assist\u00e9 aux 5\u00a0derni\u00e8res minutes de leur vie et c\u2019est \u00e7a, je crois, qui est le plus difficile.\u00a0\u00bb Six ans apr\u00e8s les attentats, la quasi-totalit\u00e9 des personnes interrog\u00e9es dit exp\u00e9rimenter des troubles post-traumatiques. On estime \u00e0 4\u00a0000\u00a0le nombre de victimes physiques et psychiques.<\/p>\n<p>    \u00ab\u00a0C\u2019est une pliure au milieu de ma vie\u00a0\u00bb    <\/p>\n<p class=\"asset asset-text\">Philippe, major de la Garde r\u00e9publicaine pr\u00e9sent aux abords du Stade de France le soir du 13\u00a0novembre, a vu l\u2019un des terroristes qui venait de se faire sauter, mort, \u00e0 genoux sur le sol devant lui. Il ne se passe pas un jour sans qu\u2019il y pense. \u00ab\u00a0Cela va peut-\u00eatre choquer, mais j\u2019aurais tellement voulu au moins recevoir un petit boulon, quelque chose, avoue-t-il, lui aussi rong\u00e9 par la culpabilit\u00e9. Je n\u2019ai rien eu. Je me suis fait faire un petit tatouage afin de marquer ma peau.\u00a0\u00bb<\/p>\n<p class=\"asset asset-text\">Yann, lui, d\u00eenait au Petit Cambodge \u00e0 la veille de ses 40\u00a0ans\u00a0: \u00ab\u00a0Le rythme \u00e9tait celui-ci\u00a0: \u201cTa-ta, ta-ta-ta\u201d. J\u2019\u00e9tais \u00e9paule contre \u00e9paule avec mon fr\u00e8re, et j\u2019ai eu cette impression bizarre de me dire\u00a0: je suis en train de me prot\u00e9ger derri\u00e8re mon fr\u00e8re\u2026 Qui est l\u2019une des personnes les plus importantes pour moi.\u00a0\u00bb L\u2019\u00e9v\u00e8nement, au cours duquel il a \u00e9t\u00e9 touch\u00e9 par une balle, l\u2019a marqu\u00e9 au plus profond de son \u00eatre.<\/p>\n<p class=\"asset asset-text\">\u00ab\u00a0C\u2019est une pliure au milieu de ma vie. \u00c7a n\u2019a pas dur\u00e9 tr\u00e8s longtemps, la fusillade. 45\u00a0secondes \u00e0 1 minute. Mais il y a un avant et un apr\u00e8s\u00a0\u00bb, r\u00e9sume-t-il en 2018, d\u00e9crivant un \u00e9tat \u00ab\u00a0d\u00e9pressif\u00a0\u00bb. Flora, elle, \u00e9tait ce soir-l\u00e0 au Carillon avec sa s\u0153ur. Au sol, elles ont \u00e9chapp\u00e9 aux balles. \u00ab\u00a0Y\u2019avait un mec qui pissait le sang \u00e0 c\u00f4t\u00e9, moi je ne l\u2019ai pas aid\u00e9, se rappelle-t-elle. (&#8230;)  Il demandait de l\u2019aide, il hurlait. Je ne lui ai m\u00eame pas donn\u00e9 la main. Je me suis sentie hypercoupable d\u2019avoir \u00e9t\u00e9 \u00e9go\u00efste.\u00a0\u00bb Elle repense souvent aux victimes. \u00ab\u00a0Ils nous ont prot\u00e9g\u00e9s, les gens qui sont morts. S\u2019ils n\u2019avaient pas \u00e9t\u00e9 l\u00e0, c\u2019est nous qui aurions eu les balles, ils faisaient \u00e9cran\u00a0\u00bb, conclut-elle.<\/p>\n<p>    \u00ab\u00a0Le simple fait de vivre est d\u00e9j\u00e0 ext\u00e9nuant\u00a0\u00bb    <\/p>\n<p class=\"asset asset-text\">Coralie, bless\u00e9e par balle au Bataclan, s\u2019en est sortie en parvenant \u00e0 atteindre une issue de secours en rampant, apr\u00e8s avoir \u00e9t\u00e9 pi\u00e9tin\u00e9e par une trentaine de personnes. Elle porte encore la trace sur la cuisse d\u2019un talon aiguille qui lui a march\u00e9 dessus. Elle a toujours du mal aujourd\u2019hui \u00e0 s\u2019ins\u00e9rer dans la vie \u00ab\u00a0normale\u00a0\u00bb, \u00e0 trouver un travail.<\/p>\n<p class=\"asset asset-text\">\u00ab\u00a0Depuis le 13\u00a0novembre\u00a02015, est-ce que des images ou des pens\u00e9es vous reviennent d\u2019un seul coup, en dehors de votre volont\u00e9\u00a0? Est-ce qu\u2019elles vous semblent si vives et d\u00e9taill\u00e9es que vous avez l\u2019impression de revivre la sc\u00e8ne\u00a0?\u00a0\u00bb \u00c0 ces questions, Coralie r\u00e9pond \u00ab\u00a0oui\u00a0\u00bb, lors des trois entretiens. Un ressenti que partage Fr\u00e9d\u00e9ric, qui a pass\u00e9 deux heures allong\u00e9 sur le sol de la fosse du Bataclan, avant d\u2019\u00eatre lib\u00e9r\u00e9 par les forces de l\u2019ordre. En 2021, il confie que \u00ab\u00a0le simple fait de vivre est d\u00e9j\u00e0 ext\u00e9nuant\u00a0\u00bb. \u00ab\u00a0\u00c7a me fout vraiment la trouille, ajoute-t-il. Je suis en pleine d\u00e9ch\u00e9ance, j\u2019ai 55\u00a0ans et j\u2019en ai encore 30\u00a0\u00e0 vivre. Je veux aller mieux que \u00e7a avant, quand m\u00eame.\u00a0\u00bb<\/p>\n<p class=\"asset asset-text\">Yann, rescap\u00e9 des terrasses, ressent le m\u00eame abattement. En 2021, il explique qu\u2019avec le recul, il se rend compte que les attentats l\u2019ont emp\u00each\u00e9 de concr\u00e9tiser son d\u00e9sir d\u2019enfant. \u00ab\u00a0Je ne me suis pas senti les \u00e9paules, regrette-t-il. C\u2019est un peu dur, \u00e7a vient vraiment de l\u2019attentat, car sans cela, la vie ne se serait pas d\u00e9roul\u00e9e de la m\u00eame mani\u00e8re.\u00a0\u00bb<\/p>\n<p class=\"asset asset-text\">Manon, elle, a une peur qui domine\u00a0: celle d\u2019oublier. \u00ab\u00a0Je vois bien que mes souvenirs changent, qu\u2019ils \u00e9voluent, qu\u2019ils disparaissent. Et je n\u2019ai pas envie\u00a0\u00bb, redoute-t-elle en 2021. Ce film et ce programme vont dans le sens inverse\u00a0: archiver et graver la parole de ceux qui restent, qui forment ensemble le puzzle de notre m\u00e9moire collective.<\/p>\n","protected":false},"excerpt":{"rendered":"INA Coralie, rescap\u00e9e du Bataclan, interrog\u00e9e pour le \u00ab\u00a0Programme 13-Novembre\u00a0\u00bb en 2016, 2018\u00a0et 2021. 13-NOVEMBRE &#8211; \u00ab\u00a0Je me&hellip;\n","protected":false},"author":2,"featured_media":509498,"comment_status":"","ping_status":"","sticky":false,"template":"","format":"standard","meta":{"footnotes":""},"categories":[4],"tags":[11,63084,63085,1011,27,12,25,63083,1254],"class_list":{"0":"post-509497","1":"post","2":"type-post","3":"status-publish","4":"format-standard","5":"has-post-thumbnail","7":"category-france","8":"tag-actualites","9":"tag-attentat-du-bataclan","10":"tag-attentats-13-novembre-2015","11":"tag-fr","12":"tag-france","13":"tag-news","14":"tag-republique-francaise","15":"tag-stress-post-traumatique","16":"tag-terrorisme"},"share_on_mastodon":{"url":"https:\/\/pubeurope.com\/@fr\/115487430040033239","error":""},"_links":{"self":[{"href":"https:\/\/www.europesays.com\/fr\/wp-json\/wp\/v2\/posts\/509497","targetHints":{"allow":["GET"]}}],"collection":[{"href":"https:\/\/www.europesays.com\/fr\/wp-json\/wp\/v2\/posts"}],"about":[{"href":"https:\/\/www.europesays.com\/fr\/wp-json\/wp\/v2\/types\/post"}],"author":[{"embeddable":true,"href":"https:\/\/www.europesays.com\/fr\/wp-json\/wp\/v2\/users\/2"}],"replies":[{"embeddable":true,"href":"https:\/\/www.europesays.com\/fr\/wp-json\/wp\/v2\/comments?post=509497"}],"version-history":[{"count":0,"href":"https:\/\/www.europesays.com\/fr\/wp-json\/wp\/v2\/posts\/509497\/revisions"}],"wp:featuredmedia":[{"embeddable":true,"href":"https:\/\/www.europesays.com\/fr\/wp-json\/wp\/v2\/media\/509498"}],"wp:attachment":[{"href":"https:\/\/www.europesays.com\/fr\/wp-json\/wp\/v2\/media?parent=509497"}],"wp:term":[{"taxonomy":"category","embeddable":true,"href":"https:\/\/www.europesays.com\/fr\/wp-json\/wp\/v2\/categories?post=509497"},{"taxonomy":"post_tag","embeddable":true,"href":"https:\/\/www.europesays.com\/fr\/wp-json\/wp\/v2\/tags?post=509497"}],"curies":[{"name":"wp","href":"https:\/\/api.w.org\/{rel}","templated":true}]}}