{"id":509501,"date":"2025-11-03T19:32:15","date_gmt":"2025-11-03T19:32:15","guid":{"rendered":"https:\/\/www.europesays.com\/fr\/509501\/"},"modified":"2025-11-03T19:32:15","modified_gmt":"2025-11-03T19:32:15","slug":"saint-genest-lerpt-invite-par-un-senateur-le-conseil-municipal-des-enfants-a-visite-le-senat","status":"publish","type":"post","link":"https:\/\/www.europesays.com\/fr\/509501\/","title":{"rendered":"Saint-Genest-Lerpt. Invit\u00e9 par un s\u00e9nateur, le conseil municipal des enfants a visit\u00e9 le S\u00e9nat"},"content":{"rendered":"<p>Cette d\u00e9l\u00e9gation \u00e9tait compos\u00e9e du conseil municipal des enfants (23 enfants), d\u2019anciens combattants et membres du Souvenir Fran\u00e7ais (4 personnes), et de la municipalit\u00e9 (10 \u00e9lus, dont le maire).<\/p>\n<p>Apr\u00e8s un d\u00e9placement en TGV tr\u00e8s matinal, la d\u00e9l\u00e9gation s\u2019est rendue au S\u00e9nat \u00e0 l\u2019invitation du s\u00e9nateur Pierre-Jean Rochette, qui avec le concours de ses assistants&#8230;<\/p>\n","protected":false},"excerpt":{"rendered":"Cette d\u00e9l\u00e9gation \u00e9tait compos\u00e9e du conseil municipal des enfants (23 enfants), d\u2019anciens combattants et membres du Souvenir Fran\u00e7ais&hellip;\n","protected":false},"author":2,"featured_media":509502,"comment_status":"","ping_status":"","sticky":false,"template":"","format":"standard","meta":{"footnotes":""},"categories":[9653],"tags":[1111,11,2430,1687,7539,1777,674,1011,27,12,25,12491,4001,17929],"class_list":{"0":"post-509501","1":"post","2":"type-post","3":"status-publish","4":"format-standard","5":"has-post-thumbnail","7":"category-saint-etienne","8":"tag-actu","9":"tag-actualites","10":"tag-auvergne-rhone-alpes","11":"tag-culture-loisirs","12":"tag-edition-loire-sud","13":"tag-eu","14":"tag-europe","15":"tag-fr","16":"tag-france","17":"tag-news","18":"tag-republique-francaise","19":"tag-roche-la-moliere-bassin","20":"tag-saint-etienne","21":"tag-saint-genest-lerpt"},"share_on_mastodon":{"url":"https:\/\/pubeurope.com\/@fr\/115487437295449635","error":""},"_links":{"self":[{"href":"https:\/\/www.europesays.com\/fr\/wp-json\/wp\/v2\/posts\/509501","targetHints":{"allow":["GET"]}}],"collection":[{"href":"https:\/\/www.europesays.com\/fr\/wp-json\/wp\/v2\/posts"}],"about":[{"href":"https:\/\/www.europesays.com\/fr\/wp-json\/wp\/v2\/types\/post"}],"author":[{"embeddable":true,"href":"https:\/\/www.europesays.com\/fr\/wp-json\/wp\/v2\/users\/2"}],"replies":[{"embeddable":true,"href":"https:\/\/www.europesays.com\/fr\/wp-json\/wp\/v2\/comments?post=509501"}],"version-history":[{"count":0,"href":"https:\/\/www.europesays.com\/fr\/wp-json\/wp\/v2\/posts\/509501\/revisions"}],"wp:featuredmedia":[{"embeddable":true,"href":"https:\/\/www.europesays.com\/fr\/wp-json\/wp\/v2\/media\/509502"}],"wp:attachment":[{"href":"https:\/\/www.europesays.com\/fr\/wp-json\/wp\/v2\/media?parent=509501"}],"wp:term":[{"taxonomy":"category","embeddable":true,"href":"https:\/\/www.europesays.com\/fr\/wp-json\/wp\/v2\/categories?post=509501"},{"taxonomy":"post_tag","embeddable":true,"href":"https:\/\/www.europesays.com\/fr\/wp-json\/wp\/v2\/tags?post=509501"}],"curies":[{"name":"wp","href":"https:\/\/api.w.org\/{rel}","templated":true}]}}