{"id":509505,"date":"2025-11-03T19:34:10","date_gmt":"2025-11-03T19:34:10","guid":{"rendered":"https:\/\/www.europesays.com\/fr\/509505\/"},"modified":"2025-11-03T19:34:10","modified_gmt":"2025-11-03T19:34:10","slug":"nancy-comme-dautres-commerces-ce-centre-commercial-auchan-va-mettre-fin-a-la-gratuite-totale-de-son-parking","status":"publish","type":"post","link":"https:\/\/www.europesays.com\/fr\/509505\/","title":{"rendered":"Nancy. Comme d\u2019autres commerces, ce centre commercial Auchan va mettre fin \u00e0 la gratuit\u00e9 totale de son parking"},"content":{"rendered":"<p>Garer sa voiture \u00e0 Auchan boulevard Lobau, pour partir \u00e0 pied\u00a0pour se balader en ville plusieurs heures ou travailler dans le quartier toute la journ\u00e9e, sans rien payer\u00a0? C\u2019est bient\u00f4t termin\u00e9.<\/p>\n<p>Lasse de voir son parking (550 places) trop souvent investi par des automobilistes n\u2019\u00e9tant pas clients, et p\u00e9nalisant justement des clients potentiels ne trouvant parfois plus de place pour aller faire leurs courses, la&#8230;<\/p>\n","protected":false},"excerpt":{"rendered":"Garer sa voiture \u00e0 Auchan boulevard Lobau, pour partir \u00e0 pied\u00a0pour se balader en ville plusieurs heures ou&hellip;\n","protected":false},"author":2,"featured_media":509506,"comment_status":"","ping_status":"","sticky":false,"template":"","format":"standard","meta":{"footnotes":""},"categories":[9635],"tags":[1111,11,33,1704,1777,674,1011,27,775,1702,1703,12,25,2803,216],"class_list":{"0":"post-509505","1":"post","2":"type-post","3":"status-publish","4":"format-standard","5":"has-post-thumbnail","7":"category-nancy","8":"tag-actu","9":"tag-actualites","10":"tag-economie","11":"tag-edition-nancy-et-agglomeration","12":"tag-eu","13":"tag-europe","14":"tag-fr","15":"tag-france","16":"tag-grand-est","17":"tag-nancy","18":"tag-nancy-ville-54b","19":"tag-news","20":"tag-republique-francaise","21":"tag-transport","22":"tag-vie-des-entreprises"},"share_on_mastodon":{"url":"https:\/\/pubeurope.com\/@fr\/115487445102650010","error":""},"_links":{"self":[{"href":"https:\/\/www.europesays.com\/fr\/wp-json\/wp\/v2\/posts\/509505","targetHints":{"allow":["GET"]}}],"collection":[{"href":"https:\/\/www.europesays.com\/fr\/wp-json\/wp\/v2\/posts"}],"about":[{"href":"https:\/\/www.europesays.com\/fr\/wp-json\/wp\/v2\/types\/post"}],"author":[{"embeddable":true,"href":"https:\/\/www.europesays.com\/fr\/wp-json\/wp\/v2\/users\/2"}],"replies":[{"embeddable":true,"href":"https:\/\/www.europesays.com\/fr\/wp-json\/wp\/v2\/comments?post=509505"}],"version-history":[{"count":0,"href":"https:\/\/www.europesays.com\/fr\/wp-json\/wp\/v2\/posts\/509505\/revisions"}],"wp:featuredmedia":[{"embeddable":true,"href":"https:\/\/www.europesays.com\/fr\/wp-json\/wp\/v2\/media\/509506"}],"wp:attachment":[{"href":"https:\/\/www.europesays.com\/fr\/wp-json\/wp\/v2\/media?parent=509505"}],"wp:term":[{"taxonomy":"category","embeddable":true,"href":"https:\/\/www.europesays.com\/fr\/wp-json\/wp\/v2\/categories?post=509505"},{"taxonomy":"post_tag","embeddable":true,"href":"https:\/\/www.europesays.com\/fr\/wp-json\/wp\/v2\/tags?post=509505"}],"curies":[{"name":"wp","href":"https:\/\/api.w.org\/{rel}","templated":true}]}}