{"id":509517,"date":"2025-11-03T19:40:13","date_gmt":"2025-11-03T19:40:13","guid":{"rendered":"https:\/\/www.europesays.com\/fr\/509517\/"},"modified":"2025-11-03T19:40:13","modified_gmt":"2025-11-03T19:40:13","slug":"le-tunnel-de-la-grandmare-a-rouen-va-fermer-plusieurs-nuits-pour-des-travaux-voici-quand","status":"publish","type":"post","link":"https:\/\/www.europesays.com\/fr\/509517\/","title":{"rendered":"Le tunnel de la Grand&rsquo;Mare \u00e0 Rouen va fermer plusieurs nuits pour des travaux : voici quand"},"content":{"rendered":"<p>            Par<br \/>\n        <strong><br \/>\n            <a href=\"https:\/\/actu.fr\/auteur\/yann-rivallan\" title=\"Consulter tous les articles de Yann Rivallan\" target=\"_blank\" rel=\"noopener\">Yann Rivallan<\/a><br \/>\n        <\/strong><\/p>\n<p>        Publi\u00e9 le<\/p>\n<p>            3 nov. 2025 \u00e0 20h02        <\/p>\n<p>Il faudra y penser si vous passez par l\u00e0 un peu tard. Dans les prochains jours, <strong>le tunnel de la Grand\u2019Mare<\/strong> \u00e0 <a href=\"https:\/\/actu.fr\/normandie\/rouen_76540\" target=\"_blank\" rel=\"noopener\">Rouen<\/a> va fermer pendant <strong>deux nuits<\/strong> en raison de travaux. Selon la Direction Interd\u00e9partementale des Routes Nord-Ouest (Dirno), il s\u2019agit de \u00ab\u00a0travaux de lavage des parois et de maintenance trimestrielle du tunnel\u00a0\u00bb.<\/p>\n<p>Des travaux en deux phases<\/p>\n<p class=\" wall-content\">C\u2019est pr\u00e9cis\u00e9ment entre <strong>le 4 et le 6 novembre 2025<\/strong> que le tunnel va fermer durant deux nuits. Les travaux vont se faire en deux fois :<\/p>\n<p class=\" wall-content\">\u2022 Du mardi 4 novembre au mercredi 5 novembre 2025 (1 nuit) : le tunnel de la Grand\u2019Mare sera ferm\u00e9 dans le sens <strong>Rouen vers Abbeville<\/strong> de 20h30 \u00e0 06h00 ;<br \/>\u2022 Du mercredi 5 novembre au jeudi 6 novembre 2025 (1 nuit) : le tunnel de la Grand\u2019Mare sera ferm\u00e9 dans le sens <strong>Abbeville vers Rouen<\/strong> de 20h30 \u00e0 06h00.<\/p>\n<p class=\" wall-content\">En clair, le tunnel fermera dans un sens puis dans l\u2019autre au cours de deux nuits cons\u00e9cutives. Pour limiter la g\u00eane occasionn\u00e9e, <strong>des d\u00e9viations<\/strong> seront mises en place chaque nuit.<\/p>\n<p>Suivez l\u2019actualit\u00e9 de Rouen sur <a href=\"https:\/\/www.whatsapp.com\/channel\/0029VaKfnf99hXF2ddApFB1D\" target=\"_blank\" rel=\"noopener\">notre cha\u00eene WhatsApp<\/a> et sur <a href=\"https:\/\/www.tiktok.com\/@76actu.fr?lang=fr\" target=\"_blank\" rel=\"noopener\">notre compte TikTok<\/a><\/p>\n<p class=\" wall-content\">Personnalisez votre actualit\u00e9 en ajoutant vos villes et m\u00e9dias en favori avec <a href=\"https:\/\/moncompte.actu.fr\" title=\"D\u00e9couvez Mon Actu\" rel=\"nofollow noopener\" data-trk=\"{&quot;cta&quot;:{&quot;action&quot;:&quot;https:\\\/\\\/moncompte.actu.fr&quot;,&quot;category&quot;:&quot;mon compte&quot;,&quot;from&quot;:&quot;article footer&quot;,&quot;name&quot;:&quot;Mon actu&quot;,&quot;type&quot;:&quot;cta&quot;}}\" target=\"_blank\">Mon Actu<\/a>.<\/p>\n<p>                    <script async src=\"\/\/www.tiktok.com\/embed.js\"><\/script><\/p>\n","protected":false},"excerpt":{"rendered":"Par Yann Rivallan Publi\u00e9 le 3 nov. 2025 \u00e0 20h02 Il faudra y penser si vous passez par&hellip;\n","protected":false},"author":2,"featured_media":509518,"comment_status":"","ping_status":"","sticky":false,"template":"","format":"standard","meta":{"footnotes":""},"categories":[9587],"tags":[1111,11,3542,1777,674,1011,27,12028,12,5161,25,9590,104,2086],"class_list":{"0":"post-509517","1":"post","2":"type-post","3":"status-publish","4":"format-standard","5":"has-post-thumbnail","7":"category-rouen","8":"tag-actu","9":"tag-actualites","10":"tag-circulation","11":"tag-eu","12":"tag-europe","13":"tag-fr","14":"tag-france","15":"tag-hauts-de-rouen","16":"tag-news","17":"tag-normandie","18":"tag-republique-francaise","19":"tag-rouen","20":"tag-societe","21":"tag-travaux"},"share_on_mastodon":{"url":"https:\/\/pubeurope.com\/@fr\/115487468767767797","error":""},"_links":{"self":[{"href":"https:\/\/www.europesays.com\/fr\/wp-json\/wp\/v2\/posts\/509517","targetHints":{"allow":["GET"]}}],"collection":[{"href":"https:\/\/www.europesays.com\/fr\/wp-json\/wp\/v2\/posts"}],"about":[{"href":"https:\/\/www.europesays.com\/fr\/wp-json\/wp\/v2\/types\/post"}],"author":[{"embeddable":true,"href":"https:\/\/www.europesays.com\/fr\/wp-json\/wp\/v2\/users\/2"}],"replies":[{"embeddable":true,"href":"https:\/\/www.europesays.com\/fr\/wp-json\/wp\/v2\/comments?post=509517"}],"version-history":[{"count":0,"href":"https:\/\/www.europesays.com\/fr\/wp-json\/wp\/v2\/posts\/509517\/revisions"}],"wp:featuredmedia":[{"embeddable":true,"href":"https:\/\/www.europesays.com\/fr\/wp-json\/wp\/v2\/media\/509518"}],"wp:attachment":[{"href":"https:\/\/www.europesays.com\/fr\/wp-json\/wp\/v2\/media?parent=509517"}],"wp:term":[{"taxonomy":"category","embeddable":true,"href":"https:\/\/www.europesays.com\/fr\/wp-json\/wp\/v2\/categories?post=509517"},{"taxonomy":"post_tag","embeddable":true,"href":"https:\/\/www.europesays.com\/fr\/wp-json\/wp\/v2\/tags?post=509517"}],"curies":[{"name":"wp","href":"https:\/\/api.w.org\/{rel}","templated":true}]}}