{"id":509529,"date":"2025-11-03T19:46:18","date_gmt":"2025-11-03T19:46:18","guid":{"rendered":"https:\/\/www.europesays.com\/fr\/509529\/"},"modified":"2025-11-03T19:46:18","modified_gmt":"2025-11-03T19:46:18","slug":"strasbourg-top-5-des-locaux-en-lice-pour-accueillir-la-librairie-kleber-pendant-les-travaux","status":"publish","type":"post","link":"https:\/\/www.europesays.com\/fr\/509529\/","title":{"rendered":"Strasbourg. Top 5 des locaux en lice pour accueillir la librairie Kl\u00e9ber pendant les travaux"},"content":{"rendered":"<p>Pour l\u2019heure, c\u2019est silence radio. Rien ne filtre sur le ou les points de chute recherch\u00e9s ou choisis au centre-ville pour accueillir la client\u00e8le et les \u00e9v\u00e9nements de la librairie Kl\u00e9ber. Pour m\u00e9moire, cette institution locale et r\u00e9gionale \u2013 l\u2019une des plus grosses locomotives culturelles de Strasbourg \u2013 dispose d\u2019environ 100\u00a0000 ouvrages dans les rayons sur trois niveaux. Une offre et un chiffre d\u2019affaires qui en font l\u2019une des cinq plus importantes en France.<\/p>\n<p>Diff\u00e9rents sites identifi\u00e9s<\/p>\n<p>Comme le d\u00e9taillait une <a href=\"https:\/\/www.dna.fr\/culture-loisirs\/2025\/06\/18\/la-librairie-kleber-fermera-pendant-10-mois-pour-travaux-en-2026\" target=\"_blank\" rel=\"noopener\">d\u00e9lib\u00e9ration du conseil municipal en juin dernier<\/a> , les travaux de s\u00e9curisation pris en charge par la Ville vont durer environ cinq mois et sont estim\u00e9s \u00e0 2,7\u00a0millions d\u2019euros (4,3\u00a0M\u20ac TTC). De leur c\u00f4t\u00e9, les \u00e9ditions Gallimard prennent en charge, durant les cinq mois suivants, les sols, les travaux d\u2019am\u00e9nagement&#8230;<\/p>\n","protected":false},"excerpt":{"rendered":"Pour l\u2019heure, c\u2019est silence radio. Rien ne filtre sur le ou les points de chute recherch\u00e9s ou choisis&hellip;\n","protected":false},"author":2,"featured_media":509530,"comment_status":"","ping_status":"","sticky":false,"template":"","format":"standard","meta":{"footnotes":""},"categories":[2820],"tags":[1111,11,4406,130,1687,33,2880,1777,674,107,1011,27,775,2410,12,2661,25,640,2879],"class_list":{"0":"post-509529","1":"post","2":"type-post","3":"status-publish","4":"format-standard","5":"has-post-thumbnail","7":"category-strasbourg","8":"tag-actu","9":"tag-actualites","10":"tag-commerce-et-services","11":"tag-consommation","12":"tag-culture-loisirs","13":"tag-economie","14":"tag-edition-strasbourg","15":"tag-eu","16":"tag-europe","17":"tag-fil-info","18":"tag-fr","19":"tag-france","20":"tag-grand-est","21":"tag-livres-bd","22":"tag-news","23":"tag-patrimoine-culturel","24":"tag-republique-francaise","25":"tag-strasbourg","26":"tag-strasbourg-ville"},"share_on_mastodon":{"url":"https:\/\/pubeurope.com\/@fr\/115487492436647413","error":""},"_links":{"self":[{"href":"https:\/\/www.europesays.com\/fr\/wp-json\/wp\/v2\/posts\/509529","targetHints":{"allow":["GET"]}}],"collection":[{"href":"https:\/\/www.europesays.com\/fr\/wp-json\/wp\/v2\/posts"}],"about":[{"href":"https:\/\/www.europesays.com\/fr\/wp-json\/wp\/v2\/types\/post"}],"author":[{"embeddable":true,"href":"https:\/\/www.europesays.com\/fr\/wp-json\/wp\/v2\/users\/2"}],"replies":[{"embeddable":true,"href":"https:\/\/www.europesays.com\/fr\/wp-json\/wp\/v2\/comments?post=509529"}],"version-history":[{"count":0,"href":"https:\/\/www.europesays.com\/fr\/wp-json\/wp\/v2\/posts\/509529\/revisions"}],"wp:featuredmedia":[{"embeddable":true,"href":"https:\/\/www.europesays.com\/fr\/wp-json\/wp\/v2\/media\/509530"}],"wp:attachment":[{"href":"https:\/\/www.europesays.com\/fr\/wp-json\/wp\/v2\/media?parent=509529"}],"wp:term":[{"taxonomy":"category","embeddable":true,"href":"https:\/\/www.europesays.com\/fr\/wp-json\/wp\/v2\/categories?post=509529"},{"taxonomy":"post_tag","embeddable":true,"href":"https:\/\/www.europesays.com\/fr\/wp-json\/wp\/v2\/tags?post=509529"}],"curies":[{"name":"wp","href":"https:\/\/api.w.org\/{rel}","templated":true}]}}