{"id":50953,"date":"2025-04-25T05:14:07","date_gmt":"2025-04-25T05:14:07","guid":{"rendered":"https:\/\/www.europesays.com\/fr\/50953\/"},"modified":"2025-04-25T05:14:07","modified_gmt":"2025-04-25T05:14:07","slug":"500-000-francais-vont-recevoir-un-appel-important-de-lassurance-maladie","status":"publish","type":"post","link":"https:\/\/www.europesays.com\/fr\/50953\/","title":{"rendered":"500 000 Fran\u00e7ais vont recevoir un appel important de l&rsquo;Assurance maladie"},"content":{"rendered":"<p>\u00c0 partir du mois de juin cette ann\u00e9e, vous allez peut-\u00eatre recevoir un appel de <a href=\"https:\/\/www.presse-citron.net\/telecharger\/loisirs\/sante\/ameli-lassurance-maladie.html\" target=\"_blank\" rel=\"false noopener nofollow\">l\u2019Assurance maladie<\/a>. Face \u00e0 la multiplication des escroqueries en ligne, bon nombre d\u2019entre vous pourraient \u00eatre tent\u00e9s de raccrocher imm\u00e9diatement, mais, cette fois, cela vaut la peine de patienter.<\/p>\n<p> Une campagne d\u2019appel importante <\/p>\n<p>L\u2019Assurance maladie nous informe en effet dans un communiqu\u00e9 publi\u00e9 le mercredi 23 avril d\u2019une campagne d\u2019appels o\u00f9 elle a pr\u00e9vu de contacter 500\u00a0000 Fran\u00e7ais. L\u2019organisation souligne \u00e0 cet \u00e9gard\u00a0:<\/p>\n<blockquote>\n<p>Pour sensibiliser les assur\u00e9s atteints de diab\u00e8te ou d\u2019insuffisance cardiaque \u00e0 l\u2019importance de consultations r\u00e9guli\u00e8res avec leur m\u00e9decin g\u00e9n\u00e9raliste, l\u2019Assurance Maladie pr\u00e9pare une vaste campagne d\u2019appels. \u00c0 partir du mois de juin, elle va contacter par t\u00e9l\u00e9phone un demi-million de personnes souffrant de ces 2 maladies et ayant consult\u00e9 un m\u00e9decin g\u00e9n\u00e9raliste moins de 2 fois dans l\u2019ann\u00e9e. Ces appels ont pour objectif de s\u2019assurer que le parcours de soins des personnes concern\u00e9es se d\u00e9roule dans de bonnes conditions et, si besoin, de les orienter vers leur m\u00e9decin traitant.<\/p>\n<\/blockquote>\n<p>Cette op\u00e9ration rev\u00eat d\u2019ailleurs une importance cruciale, comme l\u2019explique l\u2019instance\u00a0: \u00ab\u00a0Quand on est atteint d\u2019une maladie chronique, un suivi m\u00e9dical r\u00e9gulier par le m\u00e9decin g\u00e9n\u00e9raliste est indispensable pour pr\u00e9server une bonne qualit\u00e9 de vie et \u00e9viter les complications. Consulter r\u00e9guli\u00e8rement son m\u00e9decin g\u00e9n\u00e9raliste permet d\u2019adapter au mieux les traitements, de rep\u00e9rer rapidement toute aggravation et de limiter les risques d\u2019hospitalisation en urgence li\u00e9s \u00e0 la maladie.\u00a0\u00bb<\/p>\n<p> Gare aux arnaques autour de la CPAM <\/p>\n<p>Vous \u00eates maintenant pr\u00e9venu. Cela dit, il est important de rappeler que la CPAM est parfois l\u2019objet d\u2019authentiques escroqueries. L\u2019an dernier, de nombreux Fran\u00e7ais <a href=\"https:\/\/www.presse-citron.net\/attention-a-cette-arnaque-liee-a-lassurance-maladie-qui-fait-des-ravages-en-france\/\" target=\"_blank\" rel=\"false noopener nofollow\">ont re\u00e7u des SMS ou e-mails alarmants<\/a> leur demandant de renouveler leur carte vitale ou de mettre \u00e0 jour leurs informations. Ces messages, qui usurpent l\u2019identit\u00e9 de l\u2019Assurance maladie, cherchent \u00e0 instaurer un sentiment d\u2019urgence pour inciter les victimes \u00e0 appeler un num\u00e9ro surtax\u00e9 ou \u00e0 renseigner leurs donn\u00e9es sur un faux site.<\/p>\n<p>Le danger est accentu\u00e9 par la fuite massive de donn\u00e9es concernant 33 millions d\u2019assur\u00e9s, qui rend les tentatives de fraude encore plus cr\u00e9dibles. Les escrocs peuvent ainsi exploiter des informations personnelles pr\u00e9cises pour tromper leurs cibles et commettre des vols d\u2019argent ou de donn\u00e9es.<\/p>\n<p>Pour se prot\u00e9ger, il faut retenir que l\u2019Assurance maladie ne demande jamais d\u2019informations confidentielles par SMS ou e-mail. En cas de doute ou si l\u2019on a \u00e9t\u00e9 pi\u00e9g\u00e9, il est essentiel de pr\u00e9venir sa banque, porter plainte et signaler l\u2019incident sur <a href=\"https:\/\/www.cybermalveillance.gouv.fr\/\" target=\"_blank\" rel=\"false noopener nofollow\">cybermalveillance.gouv.fr<\/a> ou au 33700.<\/p>\n<blockquote>\n<p class=\"text-base text-neutral-700 dark:text-neutral-300\">\ud83d\udccd Pour ne manquer aucune actualit\u00e9 de Presse-citron, suivez-nous sur <a href=\"https:\/\/news.google.com\/publications\/CAAqBggKMIPiNTC70wU?hl=fr&amp;gl=FR&amp;ceid=FR%3Afr\" target=\"_blank\" rel=\"nofollow noopener\">Google Actualit\u00e9s<\/a> et <a href=\"https:\/\/whatsapp.com\/channel\/0029VaCkGuz4NViitBXbEr0b\" target=\"_blank\" rel=\"nofollow noopener\">WhatsApp<\/a>.<\/p>\n<\/blockquote>\n","protected":false},"excerpt":{"rendered":"\u00c0 partir du mois de juin cette ann\u00e9e, vous allez peut-\u00eatre recevoir un appel de l\u2019Assurance maladie. Face&hellip;\n","protected":false},"author":2,"featured_media":50954,"comment_status":"","ping_status":"","sticky":false,"template":"","format":"standard","meta":{"footnotes":""},"categories":[10],"tags":[3514,1011,27,72,71],"class_list":{"0":"post-50953","1":"post","2":"type-post","3":"status-publish","4":"format-standard","5":"has-post-thumbnail","7":"category-sante","8":"tag-arnaque","9":"tag-fr","10":"tag-france","11":"tag-health","12":"tag-sante"},"share_on_mastodon":{"url":"https:\/\/pubeurope.com\/@fr\/114396899796222488","error":""},"_links":{"self":[{"href":"https:\/\/www.europesays.com\/fr\/wp-json\/wp\/v2\/posts\/50953","targetHints":{"allow":["GET"]}}],"collection":[{"href":"https:\/\/www.europesays.com\/fr\/wp-json\/wp\/v2\/posts"}],"about":[{"href":"https:\/\/www.europesays.com\/fr\/wp-json\/wp\/v2\/types\/post"}],"author":[{"embeddable":true,"href":"https:\/\/www.europesays.com\/fr\/wp-json\/wp\/v2\/users\/2"}],"replies":[{"embeddable":true,"href":"https:\/\/www.europesays.com\/fr\/wp-json\/wp\/v2\/comments?post=50953"}],"version-history":[{"count":0,"href":"https:\/\/www.europesays.com\/fr\/wp-json\/wp\/v2\/posts\/50953\/revisions"}],"wp:featuredmedia":[{"embeddable":true,"href":"https:\/\/www.europesays.com\/fr\/wp-json\/wp\/v2\/media\/50954"}],"wp:attachment":[{"href":"https:\/\/www.europesays.com\/fr\/wp-json\/wp\/v2\/media?parent=50953"}],"wp:term":[{"taxonomy":"category","embeddable":true,"href":"https:\/\/www.europesays.com\/fr\/wp-json\/wp\/v2\/categories?post=50953"},{"taxonomy":"post_tag","embeddable":true,"href":"https:\/\/www.europesays.com\/fr\/wp-json\/wp\/v2\/tags?post=50953"}],"curies":[{"name":"wp","href":"https:\/\/api.w.org\/{rel}","templated":true}]}}