{"id":509531,"date":"2025-11-03T19:47:11","date_gmt":"2025-11-03T19:47:11","guid":{"rendered":"https:\/\/www.europesays.com\/fr\/509531\/"},"modified":"2025-11-03T19:47:11","modified_gmt":"2025-11-03T19:47:11","slug":"strasbourg-au-conseil-municipal-les-orientations-budgetaires-avec-les-elections-dans-le-viseur","status":"publish","type":"post","link":"https:\/\/www.europesays.com\/fr\/509531\/","title":{"rendered":"Strasbourg. Au conseil municipal, les orientations budg\u00e9taires avec les \u00e9lections dans le viseur"},"content":{"rendered":"<p>La maire <a href=\"https:\/\/www.dna.fr\/p\/jeanne-barseghian\" target=\"_blank\" rel=\"noopener\">Jeanne Barseghian<\/a> a expliqu\u00e9 ce \u00ab\u00a0timing budg\u00e9taire resserr\u00e9 du fait <a href=\"https:\/\/www.dna.fr\/elections\/2025\/11\/02\/surenchere-securitaire-l-ia-s-invite-dans-la-campagne-drama-a-l-afges\" target=\"_blank\" rel=\"noopener\">des \u00e9lections municipales de mars prochain<\/a> \u00a0\u00bb. Comprendre\u00a0: pour pr\u00e9parer la suite de l\u2019action municipale, ce d\u00e9bat a lieu avec deux mois d\u2019avance sur les habitudes. Le budget primitif sera \u00e0 l\u2019ordre du jour en d\u00e9cembre lors du prochain conseil municipal.<\/p>\n<p>Les orientations 2026, <a href=\"https:\/\/www.dna.fr\/politique\/2025\/11\/03\/orientations-budgetaires-suivez-les-debats-dans-l-hemicycle\" target=\"_blank\" rel=\"noopener\">la maire les d\u00e9cline en trois axes<\/a> \u00a0: \u00ab\u00a0Prot\u00e9ger les habitant(e)s face \u00e0 l\u2019urgence sociale et au choc climatique\u00a0; pr\u00e9server des marges de man\u0153uvre.\u00a0\u00bb Enfin, \u00ab\u00a0pr\u00e9parer pour les d\u00e9cennies \u00e0 venir une meilleure sobri\u00e9t\u00e9 \u00e9nerg\u00e9tique, des sources d\u2019\u00e9nergies renouvelables locales, les mobilit\u00e9s du quotidien\u00a0\u00bb.<\/p>\n<p>Un sc\u00e9nario qui est un \u00ab\u00a0non-recours \u00e0 l\u2019augmentation de la fiscalit\u00e9\u00a0\u00bb<\/p>\n<p><a href=\"https:\/\/www.dna.fr\/politique\/2022\/03\/13\/syamak-agha-babaei-est-il-l-homme-qui-tire-toutes-les-ficelles\" target=\"_blank\" rel=\"noopener\">Le premier adjoint en charge des finances, Syamak Agha Babaei<\/a> , a pr\u00e9cis\u00e9. \u00ab\u00a0Le sc\u00e9nario que nous proposons pour 2026 est un non-recours \u00e0 l\u2019augmentation de la fiscalit\u00e9\u00a0\u00bb. \u00ab\u00a0Nous int\u00e9grons dans ce sc\u00e9nario des \u00e9l\u00e9ments pr\u00e9visibles issus du budget&#8230;<\/p>\n","protected":false},"excerpt":{"rendered":"La maire Jeanne Barseghian a expliqu\u00e9 ce \u00ab\u00a0timing budg\u00e9taire resserr\u00e9 du fait des \u00e9lections municipales de mars prochain&hellip;\n","protected":false},"author":2,"featured_media":509532,"comment_status":"","ping_status":"","sticky":false,"template":"","format":"standard","meta":{"footnotes":""},"categories":[2820],"tags":[1111,11,1984,2880,1777,674,107,1011,27,775,12,316,25,640,2879],"class_list":{"0":"post-509531","1":"post","2":"type-post","3":"status-publish","4":"format-standard","5":"has-post-thumbnail","7":"category-strasbourg","8":"tag-actu","9":"tag-actualites","10":"tag-conseil-municipal","11":"tag-edition-strasbourg","12":"tag-eu","13":"tag-europe","14":"tag-fil-info","15":"tag-fr","16":"tag-france","17":"tag-grand-est","18":"tag-news","19":"tag-politique","20":"tag-republique-francaise","21":"tag-strasbourg","22":"tag-strasbourg-ville"},"share_on_mastodon":{"url":"https:\/\/pubeurope.com\/@fr\/115487496511432917","error":""},"_links":{"self":[{"href":"https:\/\/www.europesays.com\/fr\/wp-json\/wp\/v2\/posts\/509531","targetHints":{"allow":["GET"]}}],"collection":[{"href":"https:\/\/www.europesays.com\/fr\/wp-json\/wp\/v2\/posts"}],"about":[{"href":"https:\/\/www.europesays.com\/fr\/wp-json\/wp\/v2\/types\/post"}],"author":[{"embeddable":true,"href":"https:\/\/www.europesays.com\/fr\/wp-json\/wp\/v2\/users\/2"}],"replies":[{"embeddable":true,"href":"https:\/\/www.europesays.com\/fr\/wp-json\/wp\/v2\/comments?post=509531"}],"version-history":[{"count":0,"href":"https:\/\/www.europesays.com\/fr\/wp-json\/wp\/v2\/posts\/509531\/revisions"}],"wp:featuredmedia":[{"embeddable":true,"href":"https:\/\/www.europesays.com\/fr\/wp-json\/wp\/v2\/media\/509532"}],"wp:attachment":[{"href":"https:\/\/www.europesays.com\/fr\/wp-json\/wp\/v2\/media?parent=509531"}],"wp:term":[{"taxonomy":"category","embeddable":true,"href":"https:\/\/www.europesays.com\/fr\/wp-json\/wp\/v2\/categories?post=509531"},{"taxonomy":"post_tag","embeddable":true,"href":"https:\/\/www.europesays.com\/fr\/wp-json\/wp\/v2\/tags?post=509531"}],"curies":[{"name":"wp","href":"https:\/\/api.w.org\/{rel}","templated":true}]}}