{"id":509539,"date":"2025-11-03T19:52:16","date_gmt":"2025-11-03T19:52:16","guid":{"rendered":"https:\/\/www.europesays.com\/fr\/509539\/"},"modified":"2025-11-03T19:52:16","modified_gmt":"2025-11-03T19:52:16","slug":"a-nantes-loffensive-de-foulques-chombart-de-lauwe","status":"publish","type":"post","link":"https:\/\/www.europesays.com\/fr\/509539\/","title":{"rendered":"A Nantes, l\u2019offensive de Foulques Chombart de Lauwe"},"content":{"rendered":"<p>Son nom claque comme un \u00e9tendard. Issu de l&rsquo;ancienne bourgeoisie du Nord, Foulques Chombart de Lauwe s&rsquo;installe comme l&rsquo;adversaire de Johanna Rolland pour 2026. \u00c0 <a class=\"Link\" href=\"https:\/\/www.lepoint.fr\/tags\/nantes\" data-gtm=\"click:capsule\" data-capsule=\"Lien\" rel=\"nofollow noopener\" target=\"_blank\">Nantes<\/a>, son irruption sur la sc\u00e8ne politique n&rsquo;est pas un simple \u00e9pisode local. Elle illustre le pari de la droite r\u00e9publicaine qui veut reconqu\u00e9rir les grandes villes. Investi largement \u00e0 l&rsquo;issue d&rsquo;une primaire en juin\u00a02025, Foulques Chombart de Lauwe aborde les municipales avec m\u00e9thode.<\/p>\n<p>Entr\u00e9 en campagne d\u00e8s 2023\u00a0pour installer son offre, il entend rassembler la droite, le centre et \u00ab\u00a0tous ceux qui aspirent \u00e0 en finir avec trente-sept\u00a0ans de socialisme\u00a0\u00bb. Son \u00e9chec aux l\u00e9gislatives de 2022\u00a0(9,35\u00a0%) fait office d&rsquo;\u00e9lectrochoc. Dans une m\u00e9tropole o\u00f9 la gauche domine et o\u00f9 la macronie compte encore, FCL comprend que la banni\u00e8re L&#8230;<\/p>\n<p>Toute l\u2019actualit\u00e9 \u00e0 1\u20ac le premier mois<\/p>\n<p><a href=\"https:\/\/abo.lepoint.fr\/?provenance=21EDI020098\" class=\"btn\" title=\"S&#039;abonner\" data-gtm=\"click:abo|display:abo\" data-campaign=\"paywall_maison\" rel=\"nofollow noopener\" target=\"_blank\">S&rsquo;abonner<\/a><\/p>\n<p>ou<\/p>\n<p>La newsletter politique<\/p>\n<p class=\"period\">Tous les lundis \u00e0 11h30<\/p>\n<p>Recevez en avant-premi\u00e8re les informations et analyses politiques de la r\u00e9daction du Point.<\/p>\n<p>Merci !<br \/>Votre inscription a bien \u00e9t\u00e9 prise en compte avec l&rsquo;adresse email :<\/p>\n<p>Pour d\u00e9couvrir toutes nos autres newsletters, rendez-vous ici : <a href=\"https:\/\/moncompte.lepoint.fr\/\" title=\"\" rel=\"nofollow noopener\" target=\"_blank\">MonCompte<\/a><\/p>\n<p>En vous inscrivant, vous acceptez les <a href=\"https:\/\/www.lepoint.fr\/html\/cgu\/\" title=\"Conditions g\u00e9n\u00e9rales d&#039;utilisation\" rel=\"nofollow noopener\" target=\"_blank\">conditions g\u00e9n\u00e9rales d\u2019utilisations<\/a> et notre <a href=\"https:\/\/www.lepoint.fr\/html\/politique-de-protection-donnees-personnelles\/\" title=\"Politique de confidentialit\u00e9\" rel=\"nofollow noopener\" target=\"_blank\">politique de confidentialit\u00e9<\/a>.<\/p>\n","protected":false},"excerpt":{"rendered":"Son nom claque comme un \u00e9tendard. Issu de l&rsquo;ancienne bourgeoisie du Nord, Foulques Chombart de Lauwe s&rsquo;installe comme&hellip;\n","protected":false},"author":2,"featured_media":509540,"comment_status":"","ping_status":"","sticky":false,"template":"","format":"standard","meta":{"footnotes":""},"categories":[2818],"tags":[1111,11,4188,1777,674,1011,27,766,12,2636,25],"class_list":{"0":"post-509539","1":"post","2":"type-post","3":"status-publish","4":"format-standard","5":"has-post-thumbnail","7":"category-nantes","8":"tag-actu","9":"tag-actualites","10":"tag-elections-municipales","11":"tag-eu","12":"tag-europe","13":"tag-fr","14":"tag-france","15":"tag-nantes","16":"tag-news","17":"tag-pays-de-la-loire","18":"tag-republique-francaise"},"share_on_mastodon":{"url":"https:\/\/pubeurope.com\/@fr\/115487515892753175","error":""},"_links":{"self":[{"href":"https:\/\/www.europesays.com\/fr\/wp-json\/wp\/v2\/posts\/509539","targetHints":{"allow":["GET"]}}],"collection":[{"href":"https:\/\/www.europesays.com\/fr\/wp-json\/wp\/v2\/posts"}],"about":[{"href":"https:\/\/www.europesays.com\/fr\/wp-json\/wp\/v2\/types\/post"}],"author":[{"embeddable":true,"href":"https:\/\/www.europesays.com\/fr\/wp-json\/wp\/v2\/users\/2"}],"replies":[{"embeddable":true,"href":"https:\/\/www.europesays.com\/fr\/wp-json\/wp\/v2\/comments?post=509539"}],"version-history":[{"count":0,"href":"https:\/\/www.europesays.com\/fr\/wp-json\/wp\/v2\/posts\/509539\/revisions"}],"wp:featuredmedia":[{"embeddable":true,"href":"https:\/\/www.europesays.com\/fr\/wp-json\/wp\/v2\/media\/509540"}],"wp:attachment":[{"href":"https:\/\/www.europesays.com\/fr\/wp-json\/wp\/v2\/media?parent=509539"}],"wp:term":[{"taxonomy":"category","embeddable":true,"href":"https:\/\/www.europesays.com\/fr\/wp-json\/wp\/v2\/categories?post=509539"},{"taxonomy":"post_tag","embeddable":true,"href":"https:\/\/www.europesays.com\/fr\/wp-json\/wp\/v2\/tags?post=509539"}],"curies":[{"name":"wp","href":"https:\/\/api.w.org\/{rel}","templated":true}]}}