{"id":50955,"date":"2025-04-25T05:15:10","date_gmt":"2025-04-25T05:15:10","guid":{"rendered":"https:\/\/www.europesays.com\/fr\/50955\/"},"modified":"2025-04-25T05:15:10","modified_gmt":"2025-04-25T05:15:10","slug":"une-jeune-espoir-du-ski-francais-margot-simond-se-tue-a-lentrainement","status":"publish","type":"post","link":"https:\/\/www.europesays.com\/fr\/50955\/","title":{"rendered":"Une jeune espoir du ski fran\u00e7ais, Margot Simond, se tue \u00e0 l&rsquo;entra\u00eenement"},"content":{"rendered":"<p>Elle a succomb\u00e9 en d\u00e9but d&rsquo;apr\u00e8s-midi \u00e0 un accident de ski \u00e0 l&rsquo;entra\u00eenement, pr\u00e9cise le quotidien Le Dauphin\u00e9 Lib\u00e9r\u00e9, selon lequel le parquet d&rsquo;Albertville a ouvert une enqu\u00eate sur les circonstances du drame.<\/p>\n<p>\u00ab\u00a0Le mouvement sportif du ski a appris le d\u00e9c\u00e8s tragique de Margot Simond, jeune comp\u00e9titrice en plein devenir\u00a0\u00bb, survenu le 24 avril 2025 \u00e0 Val d&rsquo;Is\u00e8re\u00a0\u00bb, lit-on dans un bref communiqu\u00e9 de la FFS sur X.<\/p>\n<p>Elle avait remport\u00e9 en mars dernier aux M\u00e9nuires, en Savoie, le titre de championne de France junior.<\/p>\n","protected":false},"excerpt":{"rendered":"Elle a succomb\u00e9 en d\u00e9but d&rsquo;apr\u00e8s-midi \u00e0 un accident de ski \u00e0 l&rsquo;entra\u00eenement, pr\u00e9cise le quotidien Le Dauphin\u00e9&hellip;\n","protected":false},"author":2,"featured_media":50956,"comment_status":"","ping_status":"","sticky":false,"template":"","format":"standard","meta":{"footnotes":""},"categories":[9],"tags":[118,1011,27,4129,60],"class_list":{"0":"post-50955","1":"post","2":"type-post","3":"status-publish","4":"format-standard","5":"has-post-thumbnail","7":"category-sports","8":"tag-faits-divers","9":"tag-fr","10":"tag-france","11":"tag-ski","12":"tag-sports"},"share_on_mastodon":{"url":"https:\/\/pubeurope.com\/@fr\/114396903847422085","error":""},"_links":{"self":[{"href":"https:\/\/www.europesays.com\/fr\/wp-json\/wp\/v2\/posts\/50955","targetHints":{"allow":["GET"]}}],"collection":[{"href":"https:\/\/www.europesays.com\/fr\/wp-json\/wp\/v2\/posts"}],"about":[{"href":"https:\/\/www.europesays.com\/fr\/wp-json\/wp\/v2\/types\/post"}],"author":[{"embeddable":true,"href":"https:\/\/www.europesays.com\/fr\/wp-json\/wp\/v2\/users\/2"}],"replies":[{"embeddable":true,"href":"https:\/\/www.europesays.com\/fr\/wp-json\/wp\/v2\/comments?post=50955"}],"version-history":[{"count":0,"href":"https:\/\/www.europesays.com\/fr\/wp-json\/wp\/v2\/posts\/50955\/revisions"}],"wp:featuredmedia":[{"embeddable":true,"href":"https:\/\/www.europesays.com\/fr\/wp-json\/wp\/v2\/media\/50956"}],"wp:attachment":[{"href":"https:\/\/www.europesays.com\/fr\/wp-json\/wp\/v2\/media?parent=50955"}],"wp:term":[{"taxonomy":"category","embeddable":true,"href":"https:\/\/www.europesays.com\/fr\/wp-json\/wp\/v2\/categories?post=50955"},{"taxonomy":"post_tag","embeddable":true,"href":"https:\/\/www.europesays.com\/fr\/wp-json\/wp\/v2\/tags?post=50955"}],"curies":[{"name":"wp","href":"https:\/\/api.w.org\/{rel}","templated":true}]}}