{"id":509551,"date":"2025-11-03T19:58:15","date_gmt":"2025-11-03T19:58:15","guid":{"rendered":"https:\/\/www.europesays.com\/fr\/509551\/"},"modified":"2025-11-03T19:58:15","modified_gmt":"2025-11-03T19:58:15","slug":"des-commercants-lillois-honores-actualites","status":"publish","type":"post","link":"https:\/\/www.europesays.com\/fr\/509551\/","title":{"rendered":"Des commer\u00e7ants lillois honor\u00e9s \/ Actualit\u00e9s"},"content":{"rendered":"<p>Une r\u00e9ception en l&rsquo;honneur des commer\u00e7ants et artisans de Lille a \u00e9t\u00e9 organis\u00e9e le 3 novembre 2025. Six commerces ont \u00e9t\u00e9 mis \u00e0 l&rsquo;honneur.<\/p>\n<p>            <img loading=\"lazy\" decoding=\"async\" src=\"\/var\/www\/storage\/images\/mediatheque\/mairie-de-lille\/actualites\/images\/2025\/novembre-2025\/soiree-commercants-2025-marie-ruef\/3882923-1-fre-FR\/Soiree-commercants-2025-Marie-Ruef_news_image_top.jpg\" width=\"779\" height=\"519\" alt=\"\"\/><br \/>\n    \tSoir\u00e9e des commer\u00e7ants lillois 2025 : Marie Ruef &#8211; p\u00e2tissi\u00e8re<\/p>\n<p>Chaque ann\u00e9e, la Ville de Lille rend hommage aux commer\u00e7ants lillois. Des repr\u00e9sentants de six commerces ont re\u00e7u une m\u00e9daille d&rsquo;or du commerce et de l&rsquo;artisanat de la Ville de Lille, lors d&rsquo;une c\u00e9r\u00e9monie organis\u00e9e le 3 novembre 2025 au Palais des Beaux-Arts.<\/p>\n<p>Scop Le Singe Savant\u00a0<\/p>\n<p><strong>Brasserie, quartier Lille-Moulins<\/strong><\/p>\n<p>            <img src-full=\"\/var\/www\/storage\/images\/mediatheque\/mairie-de-lille\/actualites\/images\/2025\/novembre-2025\/soiree-commercants-2025-singe-savant\/3882919-1-fre-FR\/Soiree-commercants-2025-Singe-Savant.jpg\" data-caption-full=\"Soir\u00e9e des commer\u00e7ants lillois 2025 : Le Singe Savant (brasserie)\" width=\"320\" height=\"213\" alt=\"Soir\u00e9e commer\u00e7ants 2025 - Singe Savant\" title=\"Soir\u00e9e commer\u00e7ants 2025 - Singe Savant\" class=\"align-\"\/>\n    <\/p>\n<p>Sarah Cnudde, Louis Devos et L\u00e9a Letuffe<\/p>\n<p><strong>Brood &#8211; Artisans boulangers<\/strong><\/p>\n<p>Quartier Lille-Moulins<\/p>\n<p>            <img src-full=\"\/var\/www\/storage\/images\/mediatheque\/mairie-de-lille\/actualites\/images\/2025\/novembre-2025\/soiree-commercants-2025-brood\/3882903-1-fre-FR\/Soiree-commercants-2025-Brood.jpg\" data-caption-full=\"Soir\u00e9e des commer\u00e7ants lillois 2025 : Sarah Cnudde, Louis Devos et L\u00e9a Letuffe.\" width=\"320\" height=\"213\" alt=\"Soir\u00e9e commer\u00e7ants 2025 - Brood\" title=\"Soir\u00e9e commer\u00e7ants 2025 - Brood\" class=\"align-\"\/>\n    <\/p>\n<p>Alex Croquet<\/p>\n<p><strong>Artisan boulanger<\/strong><\/p>\n<p>Lille-Centre<\/p>\n<p>            <img src-full=\"\/var\/www\/storage\/images\/mediatheque\/mairie-de-lille\/actualites\/images\/2025\/novembre-2025\/soiree-commercants-2025-croquet\/3882907-1-fre-FR\/Soiree-commercants-2025-Croquet.jpg\" data-caption-full=\"Soir\u00e9e des commer\u00e7ants lillois 2025 : Alex Croquet, boulanger.\" width=\"167\" height=\"250\" alt=\"Soir\u00e9e commer\u00e7ants 2025 - Croquet\" title=\"Soir\u00e9e commer\u00e7ants 2025 - Croquet\" class=\"align-\"\/>\n    <\/p>\n<p>S\u00e9bastien Dru<\/p>\n<p><strong>Les Sales gosses &#8211; restaurant<\/strong><\/p>\n<p>Saint-Maurice Pellevoisin<\/p>\n<p>            <img src-full=\"\/var\/www\/storage\/images\/mediatheque\/mairie-de-lille\/actualites\/images\/2025\/novembre-2025\/soiree-commercants-2025-sebastien-dru\/3882911-1-fre-FR\/Soiree-commercants-2025-Sebastien-Dru.jpg\" data-caption-full=\"Soir\u00e9e des commer\u00e7ants lillois 2025 : S\u00e9bastien Dru, restaurateur\" width=\"167\" height=\"250\" alt=\"Soir\u00e9e commer\u00e7ants 2025 - S\u00e9bastien Dru\" title=\"Soir\u00e9e commer\u00e7ants 2025 - S\u00e9bastien Dru\" class=\"align-\"\/>\n    <\/p>\n<p>Maria Monaco<\/p>\n<p><strong>Hemera &#8211; Salon esth\u00e9tique<\/strong><\/p>\n<p>Vieux-Lille<\/p>\n<p>            <img src-full=\"\/var\/www\/storage\/images\/mediatheque\/mairie-de-lille\/actualites\/images\/2025\/novembre-2025\/soiree-commercants-2025-maria-monaco\/3882915-1-fre-FR\/Soiree-commercants-2025-Maria-Monaco.jpg\" data-caption-full=\"Soir\u00e9e des commer\u00e7ants lillois 2025 : Maria Monaco, Hemera (salon)\" width=\"320\" height=\"213\" alt=\"Soir\u00e9e commer\u00e7ants 2025 - Maria Monaco\" title=\"Soir\u00e9e commer\u00e7ants 2025 - Maria Monaco\" class=\"align-\"\/>\n    <\/p>\n<p>Marie Ruef<\/p>\n<p><strong>Les \u00e9cureuils &#8211; P\u00e2tisserie<\/strong><\/p>\n<p>Wazemmes<\/p>\n<p>            <img src-full=\"\/var\/www\/storage\/images\/mediatheque\/mairie-de-lille\/actualites\/images\/2025\/novembre-2025\/soiree-commercants-2025-marie-ruef\/3882923-1-fre-FR\/Soiree-commercants-2025-Marie-Ruef.jpg\" data-caption-full=\"Soir\u00e9e des commer\u00e7ants lillois 2025 : Marie Ruef - p\u00e2tissi\u00e8re\" width=\"320\" height=\"213\" alt=\"Soir\u00e9e commer\u00e7ants 2025 - Marie Ruef\" title=\"Soir\u00e9e commer\u00e7ants 2025 - Marie Ruef\" class=\"align-\"\/>\n    <\/p>\n","protected":false},"excerpt":{"rendered":"Une r\u00e9ception en l&rsquo;honneur des commer\u00e7ants et artisans de Lille a \u00e9t\u00e9 organis\u00e9e le 3 novembre 2025. Six&hellip;\n","protected":false},"author":2,"featured_media":509552,"comment_status":"","ping_status":"","sticky":false,"template":"","format":"standard","meta":{"footnotes":""},"categories":[2815],"tags":[1111,11,4763,1777,674,1011,27,811,1307,5415,12,25],"class_list":{"0":"post-509551","1":"post","2":"type-post","3":"status-publish","4":"format-standard","5":"has-post-thumbnail","7":"category-lille","8":"tag-actu","9":"tag-actualites","10":"tag-agenda","11":"tag-eu","12":"tag-europe","13":"tag-fr","14":"tag-france","15":"tag-hauts-de-france","16":"tag-lille","17":"tag-mairie","18":"tag-news","19":"tag-republique-francaise"},"share_on_mastodon":{"url":"https:\/\/pubeurope.com\/@fr\/115487540778231394","error":""},"_links":{"self":[{"href":"https:\/\/www.europesays.com\/fr\/wp-json\/wp\/v2\/posts\/509551","targetHints":{"allow":["GET"]}}],"collection":[{"href":"https:\/\/www.europesays.com\/fr\/wp-json\/wp\/v2\/posts"}],"about":[{"href":"https:\/\/www.europesays.com\/fr\/wp-json\/wp\/v2\/types\/post"}],"author":[{"embeddable":true,"href":"https:\/\/www.europesays.com\/fr\/wp-json\/wp\/v2\/users\/2"}],"replies":[{"embeddable":true,"href":"https:\/\/www.europesays.com\/fr\/wp-json\/wp\/v2\/comments?post=509551"}],"version-history":[{"count":0,"href":"https:\/\/www.europesays.com\/fr\/wp-json\/wp\/v2\/posts\/509551\/revisions"}],"wp:featuredmedia":[{"embeddable":true,"href":"https:\/\/www.europesays.com\/fr\/wp-json\/wp\/v2\/media\/509552"}],"wp:attachment":[{"href":"https:\/\/www.europesays.com\/fr\/wp-json\/wp\/v2\/media?parent=509551"}],"wp:term":[{"taxonomy":"category","embeddable":true,"href":"https:\/\/www.europesays.com\/fr\/wp-json\/wp\/v2\/categories?post=509551"},{"taxonomy":"post_tag","embeddable":true,"href":"https:\/\/www.europesays.com\/fr\/wp-json\/wp\/v2\/tags?post=509551"}],"curies":[{"name":"wp","href":"https:\/\/api.w.org\/{rel}","templated":true}]}}