{"id":509553,"date":"2025-11-03T19:59:13","date_gmt":"2025-11-03T19:59:13","guid":{"rendered":"https:\/\/www.europesays.com\/fr\/509553\/"},"modified":"2025-11-03T19:59:13","modified_gmt":"2025-11-03T19:59:13","slug":"un-cadavre-decouvert-dans-le-sous-sol-dun-parking-du-5e-arrondissement-a-marseille","status":"publish","type":"post","link":"https:\/\/www.europesays.com\/fr\/509553\/","title":{"rendered":"Un cadavre d\u00e9couvert dans le sous-sol d\u2019un parking du 5e arrondissement \u00e0 Marseille"},"content":{"rendered":"<p>Macabre d\u00e9couverte ce lundi matin 3\u00a0novembre dans le 5e arrondissement de Marseille. Peu avant 9\u00a0heures, le corps d\u2019un homme a \u00e9t\u00e9 retrouv\u00e9 au sous-sol d\u2019un parking de la <a href=\"https:\/\/www.laprovence.com\/article\/culture-loisirs\/3071790566014114\/a-marseille-le-makeda-fete-ses-cinq-ans-avec-une-programmation-plurielle-et-inclusive\" target=\"_blank\" rel=\"noopener\">rue Ferrari<\/a>.<\/p>\n<p>Outre les v\u00e9hicules de secours, ceux de la police ont rapidement afflu\u00e9 dans cette art\u00e8re situ\u00e9e en contrebas de la <a href=\"https:\/\/www.laprovence.com\/article\/faits-divers-justice\/1030431431995215\/un-homme-arme-seme-la-panique-a-la-plaine-a-marseille-avant-detre-interpelle\" target=\"_blank\" rel=\"noopener\">Plaine<\/a>, notamment connue pour abriter la salle de concert le Makeda.<\/p>\n<p>Une autopsie doit \u00eatre pratiqu\u00e9e<\/p>\n<p>Le torse d\u00e9nud\u00e9, la victime pr\u00e9senterait de multiples contusions. La police scientifique a \u0153uvr\u00e9 une partie de la journ\u00e9e sur les lieux pour relever traces et indices susceptibles de faire avancer l\u2019enqu\u00eate de police qui a \u00e9t\u00e9 ouverte.<\/p>\n<p>Contact\u00e9 par La Provence, le <a href=\"https:\/\/www.laprovence.com\/article\/faits-divers-justice\/1045048667141414\/avoir-des-gens-qui-nous-trahissent-ca-nous-fragilise-le-parquet-de-marseille-lance-une-cellule-anticorruption\" target=\"_blank\" rel=\"noopener\">parquet de Marseille<\/a> confirme la d\u00e9couverte d\u2019un corps et l\u2019ouverture d\u2019une enqu\u00eate qui a \u00e9t\u00e9 confi\u00e9e \u00e0 la division de la criminalit\u00e9 territoriale (<a href=\"https:\/\/www.laprovence.com\/article\/faits-divers-justice\/4337989805742214\/homejacking-sur-le-prado-a-marseille-les-victimes-nonagenaires-depouillees-de-plus-dun-demi-million-deuros-de-bijoux\" target=\"_blank\" rel=\"noopener\">DCT<\/a>).<\/p>\n<p>Le corps de cet homme d\u2019une quarantaine d\u2019ann\u00e9es a \u00e9t\u00e9 transport\u00e9 \u00e0 l\u2019institut m\u00e9dico-l\u00e9gal pour autopsie.<\/p>\n","protected":false},"excerpt":{"rendered":"Macabre d\u00e9couverte ce lundi matin 3\u00a0novembre dans le 5e arrondissement de Marseille. Peu avant 9\u00a0heures, le corps d\u2019un&hellip;\n","protected":false},"author":2,"featured_media":509554,"comment_status":"","ping_status":"","sticky":false,"template":"","format":"standard","meta":{"footnotes":""},"categories":[2814],"tags":[17,1111,11,3869,1102,30197,2837,1446,13916,1777,674,274,1011,27,884,12,16025,882,25,63087],"class_list":{"0":"post-509553","1":"post","2":"type-post","3":"status-publish","4":"format-standard","5":"has-post-thumbnail","7":"category-marseille","8":"tag-17","9":"tag-actu","10":"tag-actualites","11":"tag-arrondissement","12":"tag-breakingnews","13":"tag-cadavre","14":"tag-dun","15":"tag-dans","16":"tag-decouvert","17":"tag-eu","18":"tag-europe","19":"tag-faits-divers-justice","20":"tag-fr","21":"tag-france","22":"tag-marseille","23":"tag-news","24":"tag-parking","25":"tag-provence-alpes-cote-dazur","26":"tag-republique-francaise","27":"tag-sous-sol"},"share_on_mastodon":{"url":"https:\/\/pubeurope.com\/@fr\/115487543722868444","error":""},"_links":{"self":[{"href":"https:\/\/www.europesays.com\/fr\/wp-json\/wp\/v2\/posts\/509553","targetHints":{"allow":["GET"]}}],"collection":[{"href":"https:\/\/www.europesays.com\/fr\/wp-json\/wp\/v2\/posts"}],"about":[{"href":"https:\/\/www.europesays.com\/fr\/wp-json\/wp\/v2\/types\/post"}],"author":[{"embeddable":true,"href":"https:\/\/www.europesays.com\/fr\/wp-json\/wp\/v2\/users\/2"}],"replies":[{"embeddable":true,"href":"https:\/\/www.europesays.com\/fr\/wp-json\/wp\/v2\/comments?post=509553"}],"version-history":[{"count":0,"href":"https:\/\/www.europesays.com\/fr\/wp-json\/wp\/v2\/posts\/509553\/revisions"}],"wp:featuredmedia":[{"embeddable":true,"href":"https:\/\/www.europesays.com\/fr\/wp-json\/wp\/v2\/media\/509554"}],"wp:attachment":[{"href":"https:\/\/www.europesays.com\/fr\/wp-json\/wp\/v2\/media?parent=509553"}],"wp:term":[{"taxonomy":"category","embeddable":true,"href":"https:\/\/www.europesays.com\/fr\/wp-json\/wp\/v2\/categories?post=509553"},{"taxonomy":"post_tag","embeddable":true,"href":"https:\/\/www.europesays.com\/fr\/wp-json\/wp\/v2\/tags?post=509553"}],"curies":[{"name":"wp","href":"https:\/\/api.w.org\/{rel}","templated":true}]}}