{"id":509563,"date":"2025-11-03T20:05:13","date_gmt":"2025-11-03T20:05:13","guid":{"rendered":"https:\/\/www.europesays.com\/fr\/509563\/"},"modified":"2025-11-03T20:05:13","modified_gmt":"2025-11-03T20:05:13","slug":"soudan-paris-appelle-les-belligerants-a-cesser-le-feu-actualites","status":"publish","type":"post","link":"https:\/\/www.europesays.com\/fr\/509563\/","title":{"rendered":"Soudan: Paris appelle les bellig\u00e9rants \u00e0 cesser le feu : Actualit\u00e9s"},"content":{"rendered":"<p class=\"lead \">Le ministre fran\u00e7ais des Affaires \u00e9trang\u00e8res, Jean-No\u00ebl Barrot, a appel\u00e9 lundi les bellig\u00e9rants \u00e0 cesser le feu au Soudan, Paris d\u00e9noncant le caract\u00e8re ethnique des exactions attribu\u00e9es aux paramilitaires du FSR.<\/p>\n<p class=\"lead \">\u00ab\u00a0Depuis quelques jours, la situation s&rsquo;aggrave au Soudan avec la chute de la ville d&rsquo;El-Facher au Darfour et avec la crainte, aliment\u00e9e par un certain nombre de faits qui semblent \u00e9tablis, d&rsquo;exactions majeures touchant des dizaines de milliers d&rsquo;innocents\u00a0\u00bb, a d\u00e9clar\u00e9 le chef de la diplomatie fran\u00e7aise au cours d&rsquo;un d\u00e9placement dans le Loiret, \u00e0 Boigny-sur-Bionne.<\/p>\n<p class=\"lead \">\u00ab\u00a0La France condamne avec fermet\u00e9 les atrocit\u00e9s \u00e0 caract\u00e8re ethnique perp\u00e9tr\u00e9es par les forces de soutien rapide (FSR) \u00e0 El-Facher, comprenant des ex\u00e9cutions sommaires, des massacres, des viols, des attaques contre des travailleurs humanitaires, des pillages, des enl\u00e8vements et des d\u00e9placement forc\u00e9s\u00a0\u00bb a par ailleurs d\u00e9clar\u00e9 un porte-parole du minist\u00e8re.<\/p>\n<p class=\"lead \">\u00ab\u00a0Elle exhorte les FSR \u00e0 mettre fin \u00e0 cette offensive au Nord-Darfour et, en particulier, \u00e0 ne pas \u00e9tendre leurs op\u00e9rations dans les territoires o\u00f9 se sont r\u00e9fugi\u00e9es les populations civiles fuyant leurs crimes. Leurs auteurs doivent rendre des comptes et \u00eatre poursuivis en justice\u00a0\u00bb, a-t-il ajout\u00e9.<\/p>\n<p class=\"lead \">\u00ab\u00a0La m\u00e9diation que les Etats-Unis ont conduite, qui a permis de mettre d&rsquo;accord un certain nombre de pays qui sont en prise directe avec ce conflit, est une premi\u00e8re \u00e9tape importante\u00a0\u00bb, a relev\u00e9 M. Barrot. \u00ab\u00a0Il faut maintenant que les deux bellig\u00e9rants cessent le feu, qu&rsquo;ils se conforment au droit international humanitaire pour mettre fin d\u00e9finitivement \u00e0 cette trag\u00e9die\u00a0\u00bb, a-t-il insist\u00e9.<\/p>\n<p class=\"lead \">Les pourparlers en vue d&rsquo;une tr\u00eave, men\u00e9s depuis plusieurs mois par un groupe r\u00e9unissant les Etats-Unis, l&rsquo;Egypte, les Emirats arabes unis et l&rsquo;Arabie saoudite, ont jusque l\u00e0 toujours \u00e9chou\u00e9, et sont actuellement dans l&rsquo;impasse, selon un responsable proche des n\u00e9gociations.<\/p>\n<p class=\"lead \">La ville d&rsquo;El-Facher a \u00e9t\u00e9 prise voici un peu plus d&rsquo;une semaine par les paramilitaires des Forces de soutien rapide (FSR). L&rsquo;arm\u00e9e soudanaise y a ainsi perdu son dernier grand bastion dans la r\u00e9gion.<\/p>\n<p class=\"lead \">Le bureau du procureur de la Cour p\u00e9nale internationale (CPI) a exprim\u00e9 lundi sa \u00ab\u00a0grave inqui\u00e9tude\u00a0\u00bb sur les exactions et atrocit\u00e9s commises dans la ville d&rsquo;El-Facher, et averti que de tels actes \u00ab\u00a0peuvent constituer des crimes de guerre et des crimes contre l&rsquo;humanit\u00e9\u00a0\u00bb.<\/p>\n<p class=\"lead \">Les FSR, issues des milices Janjawid accus\u00e9es par la Cour p\u00e9nale internationales de g\u00e9nocide il y a vingt ans au Darfour, et l&rsquo;arm\u00e9e font toutes deux face \u00e0 des accusations de crimes de guerre. <\/p>\n<p class=\"lead \">La guerre au Soudan a fait des dizaines de milliers de morts, d\u00e9plac\u00e9 pr\u00e8s de 12 millions de personnes et provoqu\u00e9 la pire crise humanitaire au monde, selon l&rsquo;ONU. <\/p>\n<p class=\"small font-weight-bold text-gray3 \"> publi\u00e9 le 3 novembre \u00e0 20h38, AFP<\/p>\n<p>                             Partager<\/p>\n","protected":false},"excerpt":{"rendered":"Le ministre fran\u00e7ais des Affaires \u00e9trang\u00e8res, Jean-No\u00ebl Barrot, a appel\u00e9 lundi les bellig\u00e9rants \u00e0 cesser le feu au&hellip;\n","protected":false},"author":2,"featured_media":509564,"comment_status":"","ping_status":"","sticky":false,"template":"","format":"standard","meta":{"footnotes":""},"categories":[1888],"tags":[1111,1928,11,1927,312,1777,674,1011,27,418,12,1926,626,1925,316,25,4535],"class_list":{"0":"post-509563","1":"post","2":"type-post","3":"status-publish","4":"format-standard","5":"has-post-thumbnail","7":"category-paris","8":"tag-actu","9":"tag-actu-paris","10":"tag-actualites","11":"tag-actualites-paris","12":"tag-diplomatie","13":"tag-eu","14":"tag-europe","15":"tag-fr","16":"tag-france","17":"tag-gouvernement","18":"tag-news","19":"tag-news-paris","20":"tag-paris","21":"tag-paris-news","22":"tag-politique","23":"tag-republique-francaise","24":"tag-soudan"},"share_on_mastodon":{"url":"https:\/\/pubeurope.com\/@fr\/115487567070949375","error":""},"_links":{"self":[{"href":"https:\/\/www.europesays.com\/fr\/wp-json\/wp\/v2\/posts\/509563","targetHints":{"allow":["GET"]}}],"collection":[{"href":"https:\/\/www.europesays.com\/fr\/wp-json\/wp\/v2\/posts"}],"about":[{"href":"https:\/\/www.europesays.com\/fr\/wp-json\/wp\/v2\/types\/post"}],"author":[{"embeddable":true,"href":"https:\/\/www.europesays.com\/fr\/wp-json\/wp\/v2\/users\/2"}],"replies":[{"embeddable":true,"href":"https:\/\/www.europesays.com\/fr\/wp-json\/wp\/v2\/comments?post=509563"}],"version-history":[{"count":0,"href":"https:\/\/www.europesays.com\/fr\/wp-json\/wp\/v2\/posts\/509563\/revisions"}],"wp:featuredmedia":[{"embeddable":true,"href":"https:\/\/www.europesays.com\/fr\/wp-json\/wp\/v2\/media\/509564"}],"wp:attachment":[{"href":"https:\/\/www.europesays.com\/fr\/wp-json\/wp\/v2\/media?parent=509563"}],"wp:term":[{"taxonomy":"category","embeddable":true,"href":"https:\/\/www.europesays.com\/fr\/wp-json\/wp\/v2\/categories?post=509563"},{"taxonomy":"post_tag","embeddable":true,"href":"https:\/\/www.europesays.com\/fr\/wp-json\/wp\/v2\/tags?post=509563"}],"curies":[{"name":"wp","href":"https:\/\/api.w.org\/{rel}","templated":true}]}}