{"id":50957,"date":"2025-04-25T05:16:11","date_gmt":"2025-04-25T05:16:11","guid":{"rendered":"https:\/\/www.europesays.com\/fr\/50957\/"},"modified":"2025-04-25T05:16:11","modified_gmt":"2025-04-25T05:16:11","slug":"jazz-infidele-a-laurent-leur-fils-london-soumis-a-un-test-de-paternite-la-verite-enfin-devoilee","status":"publish","type":"post","link":"https:\/\/www.europesays.com\/fr\/50957\/","title":{"rendered":"Jazz infid\u00e8le \u00e0 Laurent : leur fils London soumis \u00e0 un test de paternit\u00e9, la v\u00e9rit\u00e9 enfin d\u00e9voil\u00e9e"},"content":{"rendered":"<p>      R\u00e9sum\u00e9<\/p>\n<p>Jazz va faire des tests ADN pour d\u00e9terminer si Laurent est bien le papa de son fils, London, n\u00e9 en 2021.<\/p>\n<p>        Sommaire<\/p>\n<p>Le 16 avril dernier, dans un teaser explosif, l\u2019influenceuse<strong> Jazz Correia annon\u00e7ait la diffusion prochaine de la nouvelle saison de La JLC Family. <\/strong><\/p>\n<p>Apr\u00e8s 3 ans d&rsquo;absence,<strong> la t\u00e9l\u00e9r\u00e9alit\u00e9 d\u00e9di\u00e9e \u00e0 sa vie de famille fait son grand retour.<\/strong> Et elle promet de grosses r\u00e9v\u00e9lations. <\/p>\n<p>Diffus\u00e9 le 21 avril 2025, le <a href=\"https:\/\/www.public.fr\/une-dispute-qui-a-mal-tourne-jlc-family-jazz-annonce-des-retrouvailles-explosives-entre-emine-et-laurent\" target=\"_blank\" rel=\"noopener\">premier \u00e9pisode a d\u00e9j\u00e0 r\u00e9uni 219 000 t\u00e9l\u00e9spectateurs<\/a>. Des bonnes audiences, qui montrent l\u2019enthousiasme des fans,<strong> ravis de retrouver cette septi\u00e8me saison.<\/strong><\/p>\n<p>Jazz fait des r\u00e9v\u00e9lations<\/p>\n<p>Pour pimenter la s\u00e9rie sur son quotidien \u00e0 Duba\u00ef, Jazz a des dossiers. Et pas seulement sur son mari Laurent, mais \u00e9galement sur l&rsquo;un de leurs quatre enfants<strong>, Chelsea, Cayden, London et Love. <\/strong><\/p>\n<p>Si Jazz s&rsquo;est fait conna\u00eetre dans Qui veut \u00e9pouser mon fils ?, Laurent, lui a \u00e9t\u00e9 d\u00e9couvert dans La Villa. Et ils ont d\u00e9cid\u00e9 de fonder La JLC Family en 2019.<\/p>\n<p>En d\u00e9cembre 2017, est n\u00e9e leur fille Chelsea. Ils se sont mari\u00e9s en 2018. Puis, en f\u00e9vrier 2019, ils ont eu leur fils Cayden. Suivi en d\u00e9cembre 2021, du petit London. Et enfin en octobre 2023, de petit Love.<\/p>\n<p>Et visiblement,<strong> la paternit\u00e9 de Laurent n&rsquo;est pas prouv\u00e9e \u00e0 chaque enfant. <\/strong>En effet, il y a bien des ann\u00e9es maintenant, Jazz a avou\u00e9 \u00e0 son homme qu&rsquo;elle lui avait \u00e9t\u00e9 infid\u00e8le avec un certain Hicham. <\/p>\n<p>\u00c0 la naissance de London, stupeur : on d\u00e9couvrait qu&rsquo;il \u00e9tait le <strong>seul des enfants Correia \u00e0 avoir de beaux yeux marron et non bleus<\/strong>. Et depuis, malgr\u00e9 un recadrage de la maman,<a href=\"https:\/\/www.public.fr\/jazz-jlc-family-trop-proche-de-son-ami-sisika-la-video-qui-choque-les-internautes\" target=\"_blank\" rel=\"noopener\"> les vilaines rumeurs continuent<\/a>.<\/p>\n<p>Dans un extrait exclusif diffus\u00e9 sur les r\u00e9seaux sociaux, la figure embl\u00e9matique du programme, a annonc\u00e9 une nouvelle qui a imm\u00e9diatement enflamm\u00e9 la toile. <\/p>\n<p>Un test de paternit\u00e9<\/p>\n<p><strong>Jazz a r\u00e9v\u00e9l\u00e9 aussi avoir proc\u00e9d\u00e9 \u00e0 un test ADN<\/strong> sur London et Laurent, pour n\u2019avoir aucun doute sur <a href=\"https:\/\/vsd.fr\/60380-marcel-desailly-pourquoi-la-justice-le-contraint-a-un-test-de-paternite\/\" target=\"_blank\" rel=\"noopener\">sa paternit\u00e9.<\/a> <\/p>\n<p>Depuis Duba\u00ef, cette <strong>s\u00e9quence forte en \u00e9motion<\/strong> interviendra en pr\u00e9sence de Sandra (la maman de Jazz) et du papa de Laurent. Affaire \u00e0 suivre pour les r\u00e9sultats&#8230;<\/p>\n<p>      Mentionn\u00e9s dans cet article<\/p>\n<p>\u00c0 lire aussi<\/p>\n","protected":false},"excerpt":{"rendered":"R\u00e9sum\u00e9 Jazz va faire des tests ADN pour d\u00e9terminer si Laurent est bien le papa de son fils,&hellip;\n","protected":false},"author":2,"featured_media":50958,"comment_status":"","ping_status":"","sticky":false,"template":"","format":"standard","meta":{"footnotes":""},"categories":[8],"tags":[58,59,1011,27,11256,12266,11258],"class_list":{"0":"post-50957","1":"post","2":"type-post","3":"status-publish","4":"format-standard","5":"has-post-thumbnail","7":"category-divertissement","8":"tag-divertissement","9":"tag-entertainment","10":"tag-fr","11":"tag-france","12":"tag-jazz-correia","13":"tag-jlc-family","14":"tag-laurent-correia"},"share_on_mastodon":{"url":"https:\/\/pubeurope.com\/@fr\/114396907686461435","error":""},"_links":{"self":[{"href":"https:\/\/www.europesays.com\/fr\/wp-json\/wp\/v2\/posts\/50957","targetHints":{"allow":["GET"]}}],"collection":[{"href":"https:\/\/www.europesays.com\/fr\/wp-json\/wp\/v2\/posts"}],"about":[{"href":"https:\/\/www.europesays.com\/fr\/wp-json\/wp\/v2\/types\/post"}],"author":[{"embeddable":true,"href":"https:\/\/www.europesays.com\/fr\/wp-json\/wp\/v2\/users\/2"}],"replies":[{"embeddable":true,"href":"https:\/\/www.europesays.com\/fr\/wp-json\/wp\/v2\/comments?post=50957"}],"version-history":[{"count":0,"href":"https:\/\/www.europesays.com\/fr\/wp-json\/wp\/v2\/posts\/50957\/revisions"}],"wp:featuredmedia":[{"embeddable":true,"href":"https:\/\/www.europesays.com\/fr\/wp-json\/wp\/v2\/media\/50958"}],"wp:attachment":[{"href":"https:\/\/www.europesays.com\/fr\/wp-json\/wp\/v2\/media?parent=50957"}],"wp:term":[{"taxonomy":"category","embeddable":true,"href":"https:\/\/www.europesays.com\/fr\/wp-json\/wp\/v2\/categories?post=50957"},{"taxonomy":"post_tag","embeddable":true,"href":"https:\/\/www.europesays.com\/fr\/wp-json\/wp\/v2\/tags?post=50957"}],"curies":[{"name":"wp","href":"https:\/\/api.w.org\/{rel}","templated":true}]}}