{"id":509572,"date":"2025-11-03T20:10:21","date_gmt":"2025-11-03T20:10:21","guid":{"rendered":"https:\/\/www.europesays.com\/fr\/509572\/"},"modified":"2025-11-03T20:10:21","modified_gmt":"2025-11-03T20:10:21","slug":"pour-la-premiere-fois-depuis-linvasion-russe-lukraine-va-vendre-des-armes-testees-sur-le-champ-de-bataille-a-letranger","status":"publish","type":"post","link":"https:\/\/www.europesays.com\/fr\/509572\/","title":{"rendered":"Pour la premi\u00e8re fois depuis l&rsquo;invasion russe, l\u2019Ukraine va vendre des armes \u00ab test\u00e9es sur le champ de bataille \u00bb \u00e0 l\u2019\u00e9tranger"},"content":{"rendered":"<p><strong>Port\u00e9e par une fili\u00e8re drones en plein essor, l\u2019Ukraine ouvre des exportations d\u2019armements militaires encadr\u00e9es vers ses pays partenaires. La d\u00e9cision, act\u00e9e fin octobre, vise \u00e0 soutenir la mont\u00e9e en cadence industrielle du pays sans transfert de technologies sensibles \u00e0 la Russie.<\/strong><\/p>\n<p>L\u2019heure d\u2019un virage strat\u00e9gique pour Kiev ? <a href=\"https:\/\/www.numerama.com\/tag\/ukraine\/\" target=\"_blank\" rel=\"noopener\">L\u2019Ukraine <\/a>s\u2019appr\u00eate \u00e0 exporter, pour la premi\u00e8re fois, des armements test\u00e9s et approuv\u00e9s dans le cadre de la <a href=\"https:\/\/www.numerama.com\/tag\/conflit-entre-la-russie-et-lukraine\/\" target=\"_blank\" rel=\"noopener\">guerre<\/a> face \u00e0 la Russie.<\/p>\n<p>Suite \u00e0 une r\u00e9union gouvernementale organis\u00e9e le 28 octobre 2025, le pr\u00e9sident Volodymyr Zelensky a <a href=\"https:\/\/t.me\/V_Zelenskiy_official\/16639\" target=\"_blank\" rel=\"noreferrer noopener\">annonc\u00e9 <\/a>le lancement, \u00e0 partir de ce mois-ci, d\u2019un programme d\u2019exportations limit\u00e9es d\u2019\u00e9quipements fabriqu\u00e9s en Ukraine.<\/p>\n<\/p>\n<p>            Ce contenu est bloqu\u00e9 car vous n\u2019avez pas accept\u00e9 les cookies et autres traceurs. Ce contenu est fourni par YouTube.<br \/>Pour pouvoir le visualiser, vous devez accepter l\u2019usage \u00e9tant op\u00e9r\u00e9 par YouTube avec vos donn\u00e9es qui pourront \u00eatre utilis\u00e9es pour les finalit\u00e9s suivantes : vous permettre de visualiser et de partager des contenus avec des m\u00e9dias sociaux, favoriser le d\u00e9veloppement et l\u2019am\u00e9lioration des produits d\u2019Humanoid et de ses partenaires, vous afficher des publicit\u00e9s personnalis\u00e9es par rapport \u00e0 votre profil et activit\u00e9, vous d\u00e9finir un profil publicitaire personnalis\u00e9, mesurer la performance des publicit\u00e9s et du contenu de ce site et mesurer l\u2019audience de ce site <a href=\"#\" class=\"js-privacy\" target=\"_blank\">(en savoir plus)<\/a>        <\/p>\n<p>            En cliquant sur \u00ab J\u2019accepte tout \u00bb, vous consentez aux finalit\u00e9s susmentionn\u00e9es pour l\u2019ensemble des cookies et autres traceurs d\u00e9pos\u00e9s par Humanoid et <a class=\"embed-consent-overlay-vendors-link\" href=\"#preferences-vendeurs\">ses partenaires<\/a>.        <\/p>\n<p>            Vous gardez la possibilit\u00e9 de retirer votre consentement \u00e0 tout moment. Pour plus d\u2019informations, nous vous invitons \u00e0 prendre connaissance de notre <a href=\"https:\/\/www.numerama.com\/politique-cookies\" target=\"_blank\" rel=\"noopener\">Politique cookies<\/a>.        <\/p>\n<p>        J\u2019accepte tout    <\/p>\n<p class=\"embed-consent-overlay-manage-choices\">        <a href=\"#preferences-publicitaires\">G\u00e9rer mes choix<\/a>    <\/p>\n<p>Les patrons de l\u2019armement exigent le droit de vendre<\/p>\n<p>Depuis la vaste invasion russe du pays en f\u00e9vrier 2022, Kiev avait gel\u00e9 les ventes d\u2019armes \u00e0 l\u2019\u00e9tranger pour prioriser sa d\u00e9fense. Le rapide essor de l\u2019industrie locale a n\u00e9anmoins rendu ces restrictions p\u00e9nalisantes. Ainsi des entreprises d\u2019armement ukrainiennes avaient-elles adress\u00e9 une <a href=\"https:\/\/export.techforce.in.ua\/#open-letter\" target=\"_blank\" rel=\"noopener\">lettre ouverte<\/a> au chef d\u2019\u00c9tat en mai 2025, r\u00e9clamant un assouplissement des r\u00e8gles qui bloquaient l\u2019exportation <a href=\"https:\/\/www.numerama.com\/tech\/1854010-guerre-russie-ukraine-des-drones-kamikazes-russes-font-demi-tour-grace-a-une-nouvelle-tactique-ukrainienne.html\" target=\"_blank\" rel=\"noopener\">d\u2019\u00e9quipements militaires<\/a> produits en Ukraine, en particulier les <a href=\"https:\/\/www.numerama.com\/tech\/2072441-un-drone-ukrainien-frappe-et-detruit-un-navire-russe-en-mer-noire-video.html\" target=\"_blank\" rel=\"noopener\">drones<\/a>.\u00a0<\/p>\n<p><a href=\"https:\/\/www.numerama.com\/wp-content\/uploads\/2023\/02\/sans-titre-2023-02-23t172306188.jpg\" target=\"_blank\" rel=\"noopener\"><img decoding=\"async\" width=\"1024\" height=\"576\" loading=\"lazy\" alt=\"Un soldat form\u00e9 au pilotage de drone. \/\/ Source : Anton Frolov\" title=\"Un soldat form\u00e9 au pilotage de drone. \/\/ Source : Anton Frolov\" class=\"wp-image-1280096 placeholder-default wp-image\" src=\"https:\/\/www.europesays.com\/fr\/wp-content\/uploads\/2025\/11\/sans-titre-2023-02-23t172306188-1024x576.jpg\" \/><\/a>Un soldat form\u00e9 au pilotage de drone. \/\/ Source : Anton Frolov<\/p>\n<p>En trois ans et demi de combats, plus de 200 entreprises de drones ont vu le jour, dont beaucoup con\u00e7oivent des syst\u00e8mes peu co\u00fbteux et modulables, qui influencent d\u00e9sormais la mani\u00e8re dont la guerre est men\u00e9e. Ces appareils ont connu un record d\u2019utilisation sur le front ukrainien, servant \u00e0 surveiller le terrain, \u00e0 recueillir des informations et \u00e0 lancer des attaques. Plus de 40 % des armes utilis\u00e9es au combat sont de fabrication ukrainienne a <a href=\"https:\/\/t.me\/V_Zelenskiy_official\/16639\" target=\"_blank\">d\u00e9clar\u00e9<\/a> Volodymyr Zelensky, qui esp\u00e8re faire monter ce taux \u00e0 50 % d\u2019ici la fin de l\u2019ann\u00e9e.<\/p>\n<p>Exporter sans se d\u00e9pouiller<\/p>\n<p>Kiev exportera son surplus de mat\u00e9riel militaire fait \u00e0 domicile vers des pays qui l\u2019ont soutenue face \u00e0 la Russie, et \u00e0 condition que les capacit\u00e9s de d\u00e9fense du pays restent intactes. En octobre, Brave1, un incubateur de technologies militaires soutenu par le gouvernement ukrainien \u00e9voquait de potentielles exportations de drones terrestres, de drones navals et de logiciels. <\/p>\n<blockquote class=\"twitter-tweet\" data-width=\"500\" data-dnt=\"true\">\n<p lang=\"en\" dir=\"ltr\">I held a meeting with Speaker of the Seimas of Lithuania, Juozas Olekas, who is visiting Ukraine for the first time in this capacity.<\/p>\n<p>We discussed the implementation of the PURL and SAFE initiatives, opportunities for joint weapons production, and Ukraine\u2019s European integration.\u2026 <a href=\"https:\/\/t.co\/s5Bvvc2Pfz\">pic.twitter.com\/s5Bvvc2Pfz<\/a><\/p>\n<p>\u2014 Volodymyr Zelenskyy \/ \u0412\u043e\u043b\u043e\u0434\u0438\u043c\u0438\u0440 \u0417\u0435\u043b\u0435\u043d\u0441\u044c\u043a\u0438\u0439 (@ZelenskyyUa) <a href=\"https:\/\/twitter.com\/ZelenskyyUa\/status\/1983235947866235387?ref_src=twsrc%5Etfw\" target=\"_blank\" rel=\"noopener\">October 28, 2025<\/a><\/p><\/blockquote>\n<p>            Ce contenu est bloqu\u00e9 car vous n\u2019avez pas accept\u00e9 les cookies et autres traceurs. Ce contenu est fourni par Twitter.<br \/>Pour pouvoir le visualiser, vous devez accepter l\u2019usage \u00e9tant op\u00e9r\u00e9 par Twitter avec vos donn\u00e9es qui pourront \u00eatre utilis\u00e9es pour les finalit\u00e9s suivantes : vous permettre de visualiser et de partager des contenus avec des m\u00e9dias sociaux, favoriser le d\u00e9veloppement et l\u2019am\u00e9lioration des produits d\u2019Humanoid et de ses partenaires, vous afficher des publicit\u00e9s personnalis\u00e9es par rapport \u00e0 votre profil et activit\u00e9, vous d\u00e9finir un profil publicitaire personnalis\u00e9, mesurer la performance des publicit\u00e9s et du contenu de ce site et mesurer l\u2019audience de ce site <a href=\"#\" class=\"js-privacy\" target=\"_blank\">(en savoir plus)<\/a>        <\/p>\n<p>            En cliquant sur \u00ab J\u2019accepte tout \u00bb, vous consentez aux finalit\u00e9s susmentionn\u00e9es pour l\u2019ensemble des cookies et autres traceurs d\u00e9pos\u00e9s par Humanoid et <a class=\"embed-consent-overlay-vendors-link\" href=\"#preferences-vendeurs\">ses partenaires<\/a>.        <\/p>\n<p>            Vous gardez la possibilit\u00e9 de retirer votre consentement \u00e0 tout moment. Pour plus d\u2019informations, nous vous invitons \u00e0 prendre connaissance de notre <a href=\"https:\/\/www.numerama.com\/politique-cookies\" target=\"_blank\" rel=\"noopener\">Politique cookies<\/a>.        <\/p>\n<p>        J\u2019accepte tout    <\/p>\n<p class=\"embed-consent-overlay-manage-choices\">        <a href=\"#preferences-publicitaires\">G\u00e9rer mes choix<\/a>    <\/p>\n<p><a href=\"https:\/\/kyivindependent.com\/zelensky-orders-ukraine-to-begin-controlled-arms-exports-next-month\/\" target=\"_blank\" rel=\"noopener\">The Kyiv Independent<\/a> \u00e9voque des accords avec des pays d\u2019Am\u00e9rique, d\u2019Europe, du Moyen-Orient et d\u2019Afrique, sans donner plus de pr\u00e9cisions. Les b\u00e9n\u00e9fices li\u00e9s \u00e0 ces ventes seront consacr\u00e9s \u00e0 l\u2019achat d\u2019armes dont le pays a besoin. Kiev r\u00e9serve ses livraisons aux alli\u00e9s et maintient son niveau d\u2019alerte.<\/p>\n<p>            <img decoding=\"async\" src=\"https:\/\/www.europesays.com\/fr\/wp-content\/uploads\/2025\/04\/iPhone-16-pro.png\" alt=\"Toute l'actu tech en un clien d'oeil\"\/><\/p>\n<p class=\"card-install-pwa__title\">Toute l&rsquo;actu tech en un clin d&rsquo;\u0153il<\/p>\n<p class=\"card-install-pwa__description\">Ajoutez Numerama \u00e0 votre \u00e9cran d&rsquo;accueil et restez connect\u00e9s au futur !<\/p>\n<p>            <img decoding=\"async\" src=\"https:\/\/www.numerama.com\/wp-content\/themes\/numerama-next\/assets\/images\/premium\/logo-card-pwa-coupe.svg\" alt=\"Logo PWA\"\/><\/p>\n<p>       Installer Numerama<\/p>\n<p>        <script async src=\"https:\/\/platform.twitter.com\/widgets.js\" charset=\"utf-8\"><\/script><\/p>\n","protected":false},"excerpt":{"rendered":"Port\u00e9e par une fili\u00e8re drones en plein essor, l\u2019Ukraine ouvre des exportations d\u2019armements militaires encadr\u00e9es vers ses pays&hellip;\n","protected":false},"author":2,"featured_media":509573,"comment_status":"","ping_status":"","sticky":false,"template":"","format":"standard","meta":{"footnotes":""},"categories":[1590],"tags":[11,564,5819,1777,674,1146,12,132,220,134],"class_list":{"0":"post-509572","1":"post","2":"type-post","3":"status-publish","4":"format-standard","5":"has-post-thumbnail","7":"category-ukraine","8":"tag-actualites","9":"tag-drone","10":"tag-drone-de-guerre","11":"tag-eu","12":"tag-europe","13":"tag-guerre","14":"tag-news","15":"tag-russie","16":"tag-ukraine","17":"tag-volodymyr-zelensky"},"share_on_mastodon":{"url":"https:\/\/pubeurope.com\/@fr\/115487587753564125","error":""},"_links":{"self":[{"href":"https:\/\/www.europesays.com\/fr\/wp-json\/wp\/v2\/posts\/509572","targetHints":{"allow":["GET"]}}],"collection":[{"href":"https:\/\/www.europesays.com\/fr\/wp-json\/wp\/v2\/posts"}],"about":[{"href":"https:\/\/www.europesays.com\/fr\/wp-json\/wp\/v2\/types\/post"}],"author":[{"embeddable":true,"href":"https:\/\/www.europesays.com\/fr\/wp-json\/wp\/v2\/users\/2"}],"replies":[{"embeddable":true,"href":"https:\/\/www.europesays.com\/fr\/wp-json\/wp\/v2\/comments?post=509572"}],"version-history":[{"count":0,"href":"https:\/\/www.europesays.com\/fr\/wp-json\/wp\/v2\/posts\/509572\/revisions"}],"wp:featuredmedia":[{"embeddable":true,"href":"https:\/\/www.europesays.com\/fr\/wp-json\/wp\/v2\/media\/509573"}],"wp:attachment":[{"href":"https:\/\/www.europesays.com\/fr\/wp-json\/wp\/v2\/media?parent=509572"}],"wp:term":[{"taxonomy":"category","embeddable":true,"href":"https:\/\/www.europesays.com\/fr\/wp-json\/wp\/v2\/categories?post=509572"},{"taxonomy":"post_tag","embeddable":true,"href":"https:\/\/www.europesays.com\/fr\/wp-json\/wp\/v2\/tags?post=509572"}],"curies":[{"name":"wp","href":"https:\/\/api.w.org\/{rel}","templated":true}]}}