{"id":509575,"date":"2025-11-03T20:12:22","date_gmt":"2025-11-03T20:12:22","guid":{"rendered":"https:\/\/www.europesays.com\/fr\/509575\/"},"modified":"2025-11-03T20:12:22","modified_gmt":"2025-11-03T20:12:22","slug":"ne-au-royaume-uni-inconnu-de-la-police-qui-est-anthony-williams-principal-suspect-de-lattaque-au-couteau-dans-un-train-au-royaume-uni","status":"publish","type":"post","link":"https:\/\/www.europesays.com\/fr\/509575\/","title":{"rendered":"N\u00e9 au Royaume-Uni, inconnu de la police&#8230; Qui est Anthony Williams, principal suspect de l&rsquo;attaque au couteau dans un train au Royaume-Uni?"},"content":{"rendered":"<p>Un trentenaire a \u00e9t\u00e9 inculp\u00e9 ce lundi apr\u00e8s une attaque au couteau dans un train au Royaume-Uni qui a fait au moins dix bless\u00e9s samedi soir.<\/p>\n<p>Il est le principal suspect d&rsquo;une attaque d&rsquo;une \u00ab\u00a0violence inou\u00efe\u00a0\u00bb, selon un passager du train, reliant Doncaster \u00e0 la gare londonienne de King&rsquo;s Cross, dans lequel <a href=\"https:\/\/www.bfmtv.com\/international\/europe\/angleterre\/profil-des-suspects-piste-terroriste-ecartee-ce-que-l-on-sait-de-l-attaque-au-couteau-dans-un-train-au-royaume-uni_AV-202511020278.html\" title=\"Un seul suspect, piste terroriste \u00e9cart\u00e9e... Ce que l&#039;on sait de l&#039;attaque au couteau dans un train au Royaume-Uni\" class=\"internal_link\" rel=\"nofollow noopener\" target=\"_blank\">une attaque au couteau a eu lieu samedi 1er novembre<\/a>. Anthony Williams <a href=\"https:\/\/www.bfmtv.com\/international\/europe\/angleterre\/le-suspect-de-l-attaque-au-couteau-dans-un-train-au-royaume-uni-inculpe-de-tentatives-de-meurtre-contre-dix-personnes_AD-202511030394.html\" title=\"Le suspect de l&#039;attaque au couteau dans un train au Royaume-Uni inculp\u00e9 de tentatives de meurtre contre dix personnes\" class=\"internal_link\" rel=\"nofollow noopener\" target=\"_blank\">a \u00e9t\u00e9 inculp\u00e9<\/a> ce lundi 3 octobre de tentatives de meurtre \u00e0 l&rsquo;arme blanche contre dix personnes, et contre une onzi\u00e8me plus t\u00f4t dans la m\u00eame journ\u00e9e dans l&rsquo;est de Londres, \u00e0 une station du r\u00e9seau de m\u00e9tro automatique.<\/p>\n<p>Ce Britannique de 32 ans n\u00e9 au Royaume-Uni, a comparu ce lundi devant un tribunal de Peterborough, avant d&rsquo;\u00eatre plac\u00e9 en d\u00e9tention provisoire. V\u00e9tu d&rsquo;un surv\u00eatement gris et menott\u00e9, il s&rsquo;est pr\u00e9sent\u00e9 comme \u00ab\u00a0sans domicile fixe\u00a0\u00bb ce lundi devant les juges. Quelles \u00e9taient ses motivations? Selon un communiqu\u00e9 de la British Transport Police, \u00ab\u00a0rien ne laisse penser\u00a0\u00bb que cette attaque est un acte \u00ab\u00a0terroriste\u00a0\u00bb. La piste de l&rsquo;acte isol\u00e9 est <a href=\"https:\/\/www.bfmtv.com\/international\/europe\/angleterre\/video-angleterre-le-suspect-de-l-attaque-au-couteau-dans-un-train-toujours-en-garde-a-vue-la-piste-de-l-acte-isole-privilegiee_VN-202511030220.html\" title=\"Angleterre: le suspect de l&#039;attaque au couteau dans un train toujours en garde \u00e0 vue, la piste de l&#039;acte isol\u00e9 privil\u00e9gi\u00e9e\" class=\"internal_link\" rel=\"nofollow noopener\" target=\"_blank\">privil\u00e9gi\u00e9e par les enqu\u00eateurs.<\/a><\/p>\n<p>\u00ab\u00a0D&rsquo;autres infractions examin\u00e9es\u00a0\u00bb par les autorit\u00e9s<\/p>\n<p>D&rsquo;apr\u00e8s la ministre de l&rsquo;Int\u00e9rieur Shabana Mahmood, Anthony Williams \u00ab\u00a0n&rsquo;est pas connu des services de s\u00e9curit\u00e9 et de la police antiterroriste\u00a0\u00bb.<\/p>\n<blockquote class=\"embed embed_quote\"><p>\u00ab\u00a0Pour l&rsquo;instant, je ne peux pas dire grand-chose sur cet homme et son pass\u00e9, si ce n&rsquo;est confirmer qu&rsquo;il est de nationalit\u00e9 britannique et qu&rsquo;il est n\u00e9 dans ce pays\u00a0\u00bb, a-t-elle laconiquement d\u00e9clar\u00e9 \u00e0 la Chambre des communes, pr\u00e9cisant qu&rsquo;il \u00ab\u00a0faut laisser la police et les procureurs faire leur travail\u00a0\u00bb.<\/p><\/blockquote>\n<p>Sur les dix personnes bless\u00e9es dans l&rsquo;attaque et hospitalis\u00e9es, cinq avaient quitt\u00e9 l&rsquo;h\u00f4pital dimanche, et le pronostic vital de l&rsquo;une d&rsquo;entre elles reste engag\u00e9.<\/p>\n<p>Selon la police, Anthony Williams est mont\u00e9 dans le train \u00e0 grande vitesse \u00e0 Peterborough, l\u00e0 o\u00f9 il r\u00e9side. Dans un communiqu\u00e9, les forces de l&rsquo;ordre indiquent \u00ab\u00a0examiner \u00e9galement d&rsquo;autres infractions potentiellement li\u00e9es\u00a0\u00bb \u00e0 cet homme, comme une agression au couteau d&rsquo;un adolescent de 14 ans ce vendredi soir.<\/p>\n<p><a href=\"https:\/\/www.bfmtv.com\/international\/europe\/angleterre\/la-presse-britannique-diffuse-des-images-de-l-assaillant-de-l-attaque-au-couteau-dans-un-train-au-royaume-uni_AN-202511030541.html\" title=\"La presse britannique diffuse des images de l&#039;assaillant de l&#039;attaque au couteau dans un train au Royaume-Uni\" class=\"internal_link\" rel=\"nofollow noopener\" target=\"_blank\">Sur les vid\u00e9os de l&rsquo;attaque<\/a> de ce samedi, on voit l&rsquo;homme marcher calmement sur le quai de la gare d&rsquo;Huntingdon o\u00f9 le train s&rsquo;est arr\u00eat\u00e9 en urgence pour permettre l&rsquo;intervention des policiers. Les passagers, eux, courent, pour s&rsquo;\u00e9loigner de l&rsquo;assaillant. Puis, Anthony Williams, couteau \u00e0 la main, escalade une barri\u00e8re en bois pour rejoindre un parking.<\/p>\n<p>Cette attaque intervient un mois apr\u00e8s <a href=\"https:\/\/www.bfmtv.com\/international\/europe\/angleterre\/attaque-a-manchester-que-sait-on-sur-jihad-al-shamie-l-assaillant-qui-a-pu-etre-influence-par-l-ideologie-islamiste-radicale_AD-202510040175.html\" title=\"Attaque \u00e0 Manchester: que sait-on sur Jihad Al-Shamie, l&#039;assaillant qui &quot;a pu \u00eatre influenc\u00e9 par l&#039;id\u00e9ologie islamiste radicale&quot;?\" class=\"internal_link\" rel=\"nofollow noopener\" target=\"_blank\">celle au couteau contre une synagogue<\/a> au nord de Manchester, o\u00f9 deux personnes avaient \u00e9t\u00e9 tu\u00e9es, l&rsquo;une d&rsquo;une balle tir\u00e9e par la police intervenue sur les lieux.<\/p>\n<p>A l&rsquo;\u00e9t\u00e9 2024, un jeune Britannique d&rsquo;origine rwandaise <a href=\"https:\/\/www.bfmtv.com\/international\/europe\/angleterre\/tout-comprendre-le-royaume-uni-face-a-ses-plus-violentes-emeutes-depuis-plus-de-10-ans-apres-la-tuerie-de-southport_AN-202408050049.html\" title=\"TOUT COMPRENDRE. Le Royaume-Uni face \u00e0 ses plus violentes \u00e9meutes depuis plus de 10 ans apr\u00e8s la tuerie de Southport\" class=\"internal_link\" rel=\"nofollow noopener\" target=\"_blank\">avait tu\u00e9 trois fillettes \u00e0 l&rsquo;arme blanche<\/a> dans un cours de danse \u00e0 Southport, dans le nord de l&rsquo;Angleterre. Dix autres personnes, dont huit enfants, avaient \u00e9t\u00e9 bless\u00e9es. Et un r\u00e9fugi\u00e9 afghan de 22 ans a \u00e9t\u00e9 inculp\u00e9 cette semaine apr\u00e8s une attaque au couteau qui a fait un mort et deux bless\u00e9s lundi pr\u00e8s de Londres.<\/p>\n","protected":false},"excerpt":{"rendered":"Un trentenaire a \u00e9t\u00e9 inculp\u00e9 ce lundi apr\u00e8s une attaque au couteau dans un train au Royaume-Uni qui&hellip;\n","protected":false},"author":2,"featured_media":509576,"comment_status":"","ping_status":"","sticky":false,"template":"","format":"standard","meta":{"footnotes":""},"categories":[1588],"tags":[11,1777,674,12,473,1853,1851,1850,1852],"class_list":{"0":"post-509575","1":"post","2":"type-post","3":"status-publish","4":"format-standard","5":"has-post-thumbnail","7":"category-royaume-uni","8":"tag-actualites","9":"tag-eu","10":"tag-europe","11":"tag-news","12":"tag-royaume-uni","13":"tag-royaume-uni-de-grande-bretagne-et-dirlande-du-nord","14":"tag-uk","15":"tag-united-kingdom","16":"tag-united-kingdom-of-great-britain-and-northern-ireland"},"share_on_mastodon":{"url":"https:\/\/pubeurope.com\/@fr\/115487594543683511","error":""},"_links":{"self":[{"href":"https:\/\/www.europesays.com\/fr\/wp-json\/wp\/v2\/posts\/509575","targetHints":{"allow":["GET"]}}],"collection":[{"href":"https:\/\/www.europesays.com\/fr\/wp-json\/wp\/v2\/posts"}],"about":[{"href":"https:\/\/www.europesays.com\/fr\/wp-json\/wp\/v2\/types\/post"}],"author":[{"embeddable":true,"href":"https:\/\/www.europesays.com\/fr\/wp-json\/wp\/v2\/users\/2"}],"replies":[{"embeddable":true,"href":"https:\/\/www.europesays.com\/fr\/wp-json\/wp\/v2\/comments?post=509575"}],"version-history":[{"count":0,"href":"https:\/\/www.europesays.com\/fr\/wp-json\/wp\/v2\/posts\/509575\/revisions"}],"wp:featuredmedia":[{"embeddable":true,"href":"https:\/\/www.europesays.com\/fr\/wp-json\/wp\/v2\/media\/509576"}],"wp:attachment":[{"href":"https:\/\/www.europesays.com\/fr\/wp-json\/wp\/v2\/media?parent=509575"}],"wp:term":[{"taxonomy":"category","embeddable":true,"href":"https:\/\/www.europesays.com\/fr\/wp-json\/wp\/v2\/categories?post=509575"},{"taxonomy":"post_tag","embeddable":true,"href":"https:\/\/www.europesays.com\/fr\/wp-json\/wp\/v2\/tags?post=509575"}],"curies":[{"name":"wp","href":"https:\/\/api.w.org\/{rel}","templated":true}]}}