{"id":509577,"date":"2025-11-03T20:13:12","date_gmt":"2025-11-03T20:13:12","guid":{"rendered":"https:\/\/www.europesays.com\/fr\/509577\/"},"modified":"2025-11-03T20:13:12","modified_gmt":"2025-11-03T20:13:12","slug":"lallemagne-va-reduire-le-prix-de-lelectricite-pour-lindustrie-a-partir-de-2026","status":"publish","type":"post","link":"https:\/\/www.europesays.com\/fr\/509577\/","title":{"rendered":"L\u2019Allemagne va r\u00e9duire le prix de l\u2019\u00e9lectricit\u00e9 pour l\u2019industrie \u00e0 partir de 2026"},"content":{"rendered":"<p>\n    La subvention, que Berlin n\u00e9gocie avec Bruxelles, pourrait d\u00e9marrer le 1er\u00a0janvier.<\/p>\n<p class=\"fig-paragraph\">L\u2019Allemagne mettra en place \u00e0 partir de 2026 un prix de l\u2019\u00e9lectricit\u00e9 plus avantageux pour les\u00a0<a href=\"http:\/\/www.lefigaro.fr\/conjoncture\/l-allemagne-deploie-un-plan-de-soutien-pour-decarboner-son-industrie-lourde-20240312\" data-fig-type=\"NewsFlash\" data-gtm-custom-categorie=\"navigation\" data-gtm-custom-action=\"crossclick\" data-gtm-custom-label=\"Contextuel\" data-gtm-event=\"customEventSPE\" data-fig-domain=\"LEFIGARO\" target=\"_blank\" rel=\"noopener\">industries \u00e9nergivores<\/a>, a annonc\u00e9 la ministre de l\u2019\u00c9conomie, Katherina Reiche, \u00e0 quelques jours d\u2019un sommet sur la crise du secteur sid\u00e9rurgique. \u00ab\u00a0Je pars du principe que nous introduirons ce prix au 1er\u00a0janvier\u00a0\u00bb de l\u2019ann\u00e9e prochaine, en application d\u2019un projet du gouvernement pour soutenir les entreprises fortement consommatrices d\u2019\u00e9nergie, de la chimie \u00e0 l\u2019acier en passant par l\u2019automobile. Le prix r\u00e9duit pour l\u2019industrie sera un \u00ab\u00a0\u00e9l\u00e9ment cl\u00e9 pour la comp\u00e9titivit\u00e9 de l\u2019acier\u00a0\u00bb.<\/p>\n<p class=\"fig-paragraph\">\u00ab\u00a0Nous sommes dans les derni\u00e8res \u00e9tapes des n\u00e9gociations avec la Commission europ\u00e9enne\u00a0\u00bb, qui a donn\u00e9 \u00ab\u00a0de bons signaux\u00a0\u00bb et dont la d\u00e9cision devrait intervenir \u00ab\u00a0dans les prochaines semaines\u00a0\u00bb, a ajout\u00e9 la ministre conservatrice.<\/p>\n<p>                                    <a class=\"fig-a11y-skip a11y-hidden\" href=\"#fig-a11y-skip-main-inarticle\"><br \/>\n        Passer la publicit\u00e9<br \/>\n    <\/a><\/p>\n<p>Une aide conditionn\u00e9e<\/p>\n<p class=\"fig-paragraph\">La future aide sera conditionn\u00e9e\u00a0: les entreprises devront investir 50\u00a0% de plus dans \u00ab\u00a0l\u2019efficacit\u00e9 et la durabilit\u00e9\u00a0\u00bb. Mais les justificatifs pour ces investissements devront \u00eatre aussi peu bureaucratiques que possible, selon la ministre. Le journal Handelsblatt, qui reprend une \u00e9tude r\u00e9alis\u00e9e par l\u2019Agence allemande de l\u2019\u00e9nergie (DENA), indique que le co\u00fbt total de la mesure s\u2019\u00e9l\u00e8verait \u00e0 4,5\u00a0milliards d\u2019euros sur trois ans.<\/p>\n<p class=\"fig-paragraph\">La coalition entre conservateurs et sociaux-d\u00e9mocrates s\u2019est donn\u00e9e comme priorit\u00e9 de r\u00e9duire le prix de l\u2019\u00e9lectricit\u00e9 en Allemagne. Celui-ci a beaucoup augment\u00e9 dans la foul\u00e9e de la guerre en Ukraine et reste jusqu\u2019\u00e0 trois fois plus cher qu\u2019en Chine ou aux \u00c9tats-Unis. Un sommet sur l\u2019acier aura lieu jeudi \u00e0 Berlin avec le chancelier Friedrich Merz alors que le secteur sid\u00e9rurgique fait face \u00e0 une\u00a0<a href=\"http:\/\/www.lefigaro.fr\/conjoncture\/l-usine-allemagne-en-peril-au-coeur-de-la-campagne-electorale-20250209\" data-fig-type=\"Article\" data-gtm-custom-categorie=\"navigation\" data-gtm-custom-action=\"crossclick\" data-gtm-custom-label=\"Contextuel\" data-gtm-event=\"customEventSPE\" data-fig-domain=\"LEFIGARO\" target=\"_blank\" rel=\"noopener\">situation difficile<\/a>, notamment en raison de la concurrence chinoise. Pour ce secteur, il sera \u00ab\u00a0encore plus crucial de prolonger la compensation des prix de l\u2019\u00e9lectricit\u00e9 au-del\u00e0 de 2030\u00a0\u00bb, juge Katherina Reiche.<\/p>\n","protected":false},"excerpt":{"rendered":"La subvention, que Berlin n\u00e9gocie avec Bruxelles, pourrait d\u00e9marrer le 1er\u00a0janvier. L\u2019Allemagne mettra en place \u00e0 partir de&hellip;\n","protected":false},"author":2,"featured_media":509578,"comment_status":"","ping_status":"","sticky":false,"template":"","format":"standard","meta":{"footnotes":""},"categories":[1587],"tags":[11,672,1804,1805,1803,579,1777,674,1801,12,1802],"class_list":{"0":"post-509577","1":"post","2":"type-post","3":"status-publish","4":"format-standard","5":"has-post-thumbnail","7":"category-allemagne","8":"tag-actualites","9":"tag-allemagne","10":"tag-bundesrepublik-deutschland","11":"tag-de","12":"tag-deutschland","13":"tag-electricite","14":"tag-eu","15":"tag-europe","16":"tag-germany","17":"tag-news","18":"tag-republique-federale-dallemagne"},"share_on_mastodon":{"url":"https:\/\/pubeurope.com\/@fr\/115487598542535224","error":""},"_links":{"self":[{"href":"https:\/\/www.europesays.com\/fr\/wp-json\/wp\/v2\/posts\/509577","targetHints":{"allow":["GET"]}}],"collection":[{"href":"https:\/\/www.europesays.com\/fr\/wp-json\/wp\/v2\/posts"}],"about":[{"href":"https:\/\/www.europesays.com\/fr\/wp-json\/wp\/v2\/types\/post"}],"author":[{"embeddable":true,"href":"https:\/\/www.europesays.com\/fr\/wp-json\/wp\/v2\/users\/2"}],"replies":[{"embeddable":true,"href":"https:\/\/www.europesays.com\/fr\/wp-json\/wp\/v2\/comments?post=509577"}],"version-history":[{"count":0,"href":"https:\/\/www.europesays.com\/fr\/wp-json\/wp\/v2\/posts\/509577\/revisions"}],"wp:featuredmedia":[{"embeddable":true,"href":"https:\/\/www.europesays.com\/fr\/wp-json\/wp\/v2\/media\/509578"}],"wp:attachment":[{"href":"https:\/\/www.europesays.com\/fr\/wp-json\/wp\/v2\/media?parent=509577"}],"wp:term":[{"taxonomy":"category","embeddable":true,"href":"https:\/\/www.europesays.com\/fr\/wp-json\/wp\/v2\/categories?post=509577"},{"taxonomy":"post_tag","embeddable":true,"href":"https:\/\/www.europesays.com\/fr\/wp-json\/wp\/v2\/tags?post=509577"}],"curies":[{"name":"wp","href":"https:\/\/api.w.org\/{rel}","templated":true}]}}