{"id":509579,"date":"2025-11-03T20:14:15","date_gmt":"2025-11-03T20:14:15","guid":{"rendered":"https:\/\/www.europesays.com\/fr\/509579\/"},"modified":"2025-11-03T20:14:15","modified_gmt":"2025-11-03T20:14:15","slug":"avant-la-cop30-de-belem-leurope-tente-deviter-lhumiliation-climatique","status":"publish","type":"post","link":"https:\/\/www.europesays.com\/fr\/509579\/","title":{"rendered":"Avant la COP30 de Bel\u00e9m, l\u2019Europe tente d\u2019\u00e9viter l\u2019humiliation climatique"},"content":{"rendered":"<p>\u00c0 quelques jours de\u00a0l&rsquo;ouverture de la COP30 \u00e0 Bel\u00e9m (10-21 novembre), au Br\u00e9sil, l&rsquo;Europe joue sa cr\u00e9dibilit\u00e9, mardi, \u00e0 l&rsquo;occasion du Conseil ENVI. Les ministres de l&rsquo;Environnement se retrouvent pour prendre deux d\u00e9cisions importantes\u00a0: d&rsquo;une part, adopter la loi climat europ\u00e9enne qui fixe, pour 2040, \u00e0 &#8211;\u00a090\u00a0% la r\u00e9duction des \u00e9missions carbone\u00a0et, d&rsquo;autre part, finaliser la \u00ab\u00a0contribution d\u00e9termin\u00e9e au niveau national\u00a0\u00bb (NDC) \u2013 le document officiel que l&rsquo;UE soumettra \u00e0 la COP30 pour afficher ses engagements 2035. Sans accord mardi, c&rsquo;est l&rsquo;humiliation diplomatique assur\u00e9e au Br\u00e9sil. Les deux d\u00e9cisions ob\u00e9issent \u00e0 des r\u00e8gles d&rsquo;adoption diff\u00e9rentes\u00a0: majorit\u00e9 qualifi\u00e9e pour la loi climat, unanimit\u00e9 pour l&rsquo;objectif 2035.<\/p>\n<p>\u00ab\u00a0Tous les ingr\u00e9dients pour un accord sont l\u00e0\u00a0\u00bb, assure un haut diplomate europ\u00e9en, avant d&rsquo;ajouter prudemment\u00a0: \u00ab\u00a0Il n&rsquo;y\u00a0a aucune garantie que nous y arriverons.\u00a0\u00bb Traduction\u00a0: la n\u00e9gociation s&rsquo;annonce difficile. Elle avait pourtant \u00e9t\u00e9 balis\u00e9e par les chefs d&rsquo;\u00c9tat et de gouvernement lors du\u00a0<a class=\"Link\" href=\"https:\/\/www.lepoint.fr\/monde\/climat-l-europe-s-offre-des-flexibilites-pour-sauver-son-industrie-24-10-2025-2601702_24.php\" title=\"\" data-gtm=\"click:capsule\" data-capsule=\"Lien\" target=\"_blank\" rel=\"noopener\">dernier Conseil europ\u00e9en\u00a0du 23\u00a0octobre<\/a>.<\/p>\n<p><strong>Les doutes lanc\u00e9s par la France<\/strong><\/p>\n<p>C&rsquo;est la France d&rsquo;Emmanuel Macron qui, la premi\u00e8re, a ouvert la bo\u00eete de Pandore. D\u00e8s l&rsquo;\u00e9t\u00e9 2025, Paris a mis en garde sur la loi climat qui pourrait contribuer \u00e0 d\u00e9grader la comp\u00e9titivit\u00e9 europ\u00e9enne. \u00ab\u00a0On ne peut pas demander \u00e0 nos aci\u00e9ristes de d\u00e9carboner pendant qu&rsquo;on importe massivement de l&rsquo;acier chinois ultra-polluant\u00a0\u00bb, rappelle-t-on au cabinet de la nouvelle ministre de la Transition \u00e9cologique, Monique Barbut.<\/p>\n<p>Le pr\u00e9sident fran\u00e7ais obtient gain de cause au Conseil europ\u00e9en du 23\u00a0octobre\u00a0: les \u00ab\u00a0flexibilit\u00e9s\u00a0\u00bb sont clairement \u00e9num\u00e9r\u00e9es dans les conclusions du Conseil. Emmanuel Macron n&rsquo;\u00e9tait pas le seul \u00e0 r\u00e2ler. L&rsquo;Allemagne du chancelier Merz, l&rsquo;Italie de Giorgia Meloni\u00a0et la Pologne de Donald Tusk\u00a0avaient chacun leurs revendications. Le texte\u00a0de compromis d\u00e9fendu par la pr\u00e9sidence danoise, truff\u00e9 de \u00ab\u00a0flexibilit\u00e9s\u00a0\u00bb, se heurte toutefois \u00e0 la r\u00e9sistance des pays vigoureusement pro-climat, qu&rsquo;il s&rsquo;agisse des Nordiques ou des Espagnols. Et c&rsquo;est l\u00e0 que tout se complique.<\/p>\n<p>Premier explosif\u00a0: les cr\u00e9dits carbone internationaux. Le texte de la Commission propose 3\u00a0% \u2013 c&rsquo;est-\u00e0-dire que l&rsquo;UE pourrait acheter des r\u00e9ductions d&rsquo;\u00e9missions dans les pays du Sud, via des projets de reforestation ou d&rsquo;\u00e9nergies renouvelables, \u00e0 partir de 2036. Probl\u00e8me\u00a0: Paris et Rome\u00a0exigent 5\u00a0%. Selon Paris, c&rsquo;est \u00ab\u00a0la ligne d&rsquo;\u00e9quilibre qui fait l&rsquo;accord\u00a0\u00bb. Sans ce chiffre, la France ne votera pas. Or, le pourcentage reste \u00ab\u00a0entre crochets\u00a0\u00bb dans la\u00a0derni\u00e8re version du texte, signe que les discussions continuent.<\/p>\n<p>Deuxi\u00e8me bombe\u00a0: le \u00ab\u00a0frein d&rsquo;urgence\u00a0\u00bb sur les puits de carbone. Les for\u00eats europ\u00e9ennes, ravag\u00e9es par les s\u00e9cheresses et les incendies, n&rsquo;absorbent plus autant de CO2 que pr\u00e9vu. La France a obtenu du Conseil europ\u00e9en que cette sous-performance ne soit pas report\u00e9e sur l&rsquo;industrie. R\u00e9sultat\u00a0: si les for\u00eats flanchent, on pourrait baisser l&rsquo;objectif 2040. \u00ab\u00a0Jusqu&rsquo;\u00e0 3\u00a0%\u00a0\u00bb, pr\u00e9cise Paris. Un m\u00e9canisme d\u00e9fendu par certains n\u00e9gociateurs comme \u00ab\u00a0un compromis entre pr\u00e9visibilit\u00e9 et flexibilit\u00e9 politique\u00a0\u00bb.<\/p>\n<p>Troisi\u00e8me charge explosive\u00a0: la clause de r\u00e9vision. Le texte pr\u00e9voit un r\u00e9examen tous les deux ans, avec possibilit\u00e9 th\u00e9orique de r\u00e9viser la cible\u00a02040\u00a0avant\u2026 2040. Une soupape de s\u00e9curit\u00e9 pour rassurer les pays r\u00e9calcitrants, au prix d&rsquo;une incertitude maximale pour les investisseurs. La Pologne de Tusk exigeait cette r\u00e9vision mais ne cache pas son intention de voter, de toute fa\u00e7on, contre la loi climat.<\/p>\n<p><strong>Le camp des purs et durs<\/strong><\/p>\n<p>Face \u00e0 cette avalanche de flexibilit\u00e9s, l&rsquo;Espagne et les pays nordiques s&rsquo;inqui\u00e8tent. O\u00f9 est pass\u00e9e l&rsquo;ambition\u00a0? \u00ab\u00a0Les cr\u00e9dits internationaux devront \u00eatre de haute qualit\u00e9, pas du vent\u00a0\u00bb, assure un proche de la n\u00e9gociation.\u00a0Et puis, rappelle-t-on, \u00ab\u00a090\u00a0% reste 90\u00a0%\u00a0\u00bb \u2013 malgr\u00e9 toutes les turbulences, l&rsquo;objectif n&rsquo;a pas boug\u00e9 depuis la proposition initiale de la Commission.<\/p>\n<p>Faisons\u00a0les comptes\u00a0: avec 5\u00a0% de cr\u00e9dits internationaux achet\u00e9s au Sud, 3\u00a0% de marge si les for\u00eats flanchent, et\u00a07\u00a0% d&rsquo;absorptions naturelles d\u00e9j\u00e0 dans le calcul, que reste-t-il comme r\u00e9ductions r\u00e9elles et contraignantes pour l&rsquo;industrie europ\u00e9enne\u00a0? Les pays nordiques et l&rsquo;Espagne s&rsquo;inqui\u00e8tent\u00a0: \u00e0 force de flexibilit\u00e9s, le 90\u00a0% devient-il un chiffre en trompe-l&rsquo;\u0153il\u00a0?<\/p>\n<p>\n\u00c0 D\u00e9couvrir<br \/>\n<strong class=\"discover-kangourou__line\"><br \/>\n<img decoding=\"async\" class=\"discover-kangourou__img\" src=\"https:\/\/static.lpnt.fr\/static\/img\/kangourou\/kangourou_filled.svg\"\/><br \/>\n<strong class=\"discover-kangourou__txt\"><br \/>\n<strong>Le Kangourou du jour<\/strong><br \/>\n<a href=\"https:\/\/kangourou.lepoint.fr\" title=\"kangourou\" data-gtm-cta=\"kangourou_article\" class=\"discover-kangourou__lnk\" target=\"_blank\" rel=\"noopener\"><br \/>\nR\u00e9pondre<br \/>\n<\/a><br \/>\n<\/strong><br \/>\n<\/strong><br \/>\nAutre sujet\u00a0: la cr\u00e9dibilit\u00e9 de l&rsquo;UE, leader autoproclam\u00e9 de la transition climatique, \u00e0 la COP de Bel\u00e9m. \u00ab\u00a0Il est impensable que l&rsquo;UE arrive les mains vides \u00e0 Bel\u00e9m\u00a0\u00bb, insiste-t-on du c\u00f4t\u00e9 des Fran\u00e7ais.\u00a0Sauf qu&rsquo;un pays isol\u00e9 pourrait bloquer la NDC pour arracher des concessions sur la loi climat. En jouant le veto sur l&rsquo;un, il peut ouvrir des marchandises sur l&rsquo;autre texte.\u00a0En septembre, les\u00a027\u00a0avaient publi\u00e9 une \u00ab\u00a0d\u00e9claration d&rsquo;intention\u00a0\u00bb affichant une fourchette entre 66,25\u00a0% et 72,5\u00a0% de r\u00e9duction d&rsquo;\u00e9missions pour 2035. L&rsquo;objectif est d\u00e9sormais de \u00ab\u00a0resserrer cette fourchette vers le haut\u00a0\u00bb, selon Paris.<\/p>\n<p>Certains n\u00e9gociateurs refusent cette logique, insistant sur le fait que \u00ab\u00a0l&rsquo;esprit d&rsquo;unanimit\u00e9 ne doit pas contaminer le vote \u00e0 majorit\u00e9 qualifi\u00e9e\u00a0\u00bb. Mais dans les couloirs bruxellois, personne ne se fait d&rsquo;illusions\u00a0: tout est li\u00e9, tout se n\u00e9gocie. La journ\u00e9e de mardi devrait d\u00e9canter les choses.<\/p>\n<p>Toute l\u2019actualit\u00e9 \u00e0 1\u20ac le premier mois<\/p>\n<p><a href=\"https:\/\/abo.lepoint.fr\/?provenance=21EDI020098\" class=\"btn\" title=\"S&#039;abonner\" data-gtm=\"click:abo|display:abo\" data-campaign=\"paywall_maison\" target=\"_blank\" rel=\"noopener\">S&rsquo;abonner<\/a><\/p>\n<p>ou<\/p>\n","protected":false},"excerpt":{"rendered":"\u00c0 quelques jours de\u00a0l&rsquo;ouverture de la COP30 \u00e0 Bel\u00e9m (10-21 novembre), au Br\u00e9sil, l&rsquo;Europe joue sa cr\u00e9dibilit\u00e9, mardi,&hellip;\n","protected":false},"author":2,"featured_media":509580,"comment_status":"","ping_status":"","sticky":false,"template":"","format":"standard","meta":{"footnotes":""},"categories":[1586],"tags":[11,19429,1777,674,1011,27,3044,12,5140,25,364],"class_list":{"0":"post-509579","1":"post","2":"type-post","3":"status-publish","4":"format-standard","5":"has-post-thumbnail","7":"category-europe","8":"tag-actualites","9":"tag-donald-tusk","10":"tag-eu","11":"tag-europe","12":"tag-fr","13":"tag-france","14":"tag-giorgia-meloni","15":"tag-news","16":"tag-rechauffement-climatique","17":"tag-republique-francaise","18":"tag-union-europeenne"},"share_on_mastodon":{"url":"https:\/\/pubeurope.com\/@fr\/115487603136127551","error":""},"_links":{"self":[{"href":"https:\/\/www.europesays.com\/fr\/wp-json\/wp\/v2\/posts\/509579","targetHints":{"allow":["GET"]}}],"collection":[{"href":"https:\/\/www.europesays.com\/fr\/wp-json\/wp\/v2\/posts"}],"about":[{"href":"https:\/\/www.europesays.com\/fr\/wp-json\/wp\/v2\/types\/post"}],"author":[{"embeddable":true,"href":"https:\/\/www.europesays.com\/fr\/wp-json\/wp\/v2\/users\/2"}],"replies":[{"embeddable":true,"href":"https:\/\/www.europesays.com\/fr\/wp-json\/wp\/v2\/comments?post=509579"}],"version-history":[{"count":0,"href":"https:\/\/www.europesays.com\/fr\/wp-json\/wp\/v2\/posts\/509579\/revisions"}],"wp:featuredmedia":[{"embeddable":true,"href":"https:\/\/www.europesays.com\/fr\/wp-json\/wp\/v2\/media\/509580"}],"wp:attachment":[{"href":"https:\/\/www.europesays.com\/fr\/wp-json\/wp\/v2\/media?parent=509579"}],"wp:term":[{"taxonomy":"category","embeddable":true,"href":"https:\/\/www.europesays.com\/fr\/wp-json\/wp\/v2\/categories?post=509579"},{"taxonomy":"post_tag","embeddable":true,"href":"https:\/\/www.europesays.com\/fr\/wp-json\/wp\/v2\/tags?post=509579"}],"curies":[{"name":"wp","href":"https:\/\/api.w.org\/{rel}","templated":true}]}}