{"id":509587,"date":"2025-11-03T20:18:20","date_gmt":"2025-11-03T20:18:20","guid":{"rendered":"https:\/\/www.europesays.com\/fr\/509587\/"},"modified":"2025-11-03T20:18:20","modified_gmt":"2025-11-03T20:18:20","slug":"pourquoi-la-france-doit-interdire-shein-urgence-ethique-et-politique","status":"publish","type":"post","link":"https:\/\/www.europesays.com\/fr\/509587\/","title":{"rendered":"Pourquoi la France doit interdire Shein : urgence \u00e9thique et politique"},"content":{"rendered":"<p><b>Tribune \u2014 Interdire Shein en France : urgence morale, sanitaire et d\u00e9mocratique<\/b><\/p>\n<p><strong>Scandale des \u201cpoup\u00e9es sexuelles\u201d : la ligne rouge est franchie.<\/strong><br \/>Le 1\u1d49\u02b3 novembre 2025, la DGCCRF a saisi le procureur apr\u00e8s avoir constat\u00e9 la vente, sur Shein, de poup\u00e9es sexuelles \u00e0 apparence enfantine \u2014 des contenus \u00e0 caract\u00e8re p\u00e9dopornographique selon l\u2019administration. Le ministre de l\u2019\u00c9conomie a menac\u00e9 d\u2019<strong>interdire l\u2019acc\u00e8s au site en cas de r\u00e9cidive<\/strong> ; Shein est convoqu\u00e9e par les d\u00e9put\u00e9s. Cette affaire n\u2019est pas une \u201cbavure\u201d : c\u2019est le sympt\u00f4me d\u2019un mod\u00e8le sans frein, pr\u00eat \u00e0 mon\u00e9tiser l\u2019indicible tant qu\u2019il y a un clic au bout. <a href=\"https:\/\/presse.economie.gouv.fr\/?p=164087&amp;utm_source=chatgpt.com\" target=\"_blank\" rel=\"noopener noreferrer\">Presse &#8211; Minist\u00e8re des Finances+2Le Monde.fr+2<\/a><\/p>\n<p><strong>Un casier d\u00e9j\u00e0 charg\u00e9.<\/strong><br \/>Amendes pour <strong>pratiques commerciales trompeuses<\/strong> (40 M\u20ac en France), sanction CNIL (cookies, 150 M\u20ac), enqu\u00eates sur des produits potentiellement ill\u00e9gaux : l\u2019addition morale et juridique s\u2019allonge. Ajoutons l\u2019empreinte sociale et environnementale d\u2019un syst\u00e8me d\u2019<strong>ultra-fast fashion<\/strong> qui banalise le jetable, \u00e9touffe les fili\u00e8res locales et sature la plan\u00e8te de d\u00e9chets. <a href=\"https:\/\/www.reuters.com\/sustainability\/boards-policy-regulation\/france-fines-shein-40-million-euros-deceptive-business-practices-2025-07-03\/?utm_source=chatgpt.com\" target=\"_blank\" rel=\"noopener noreferrer\">Reuters+2Reuters+2<\/a><\/p>\n<p><strong>Le paradoxe fran\u00e7ais.<\/strong><br \/>Au moment m\u00eame o\u00f9 la France muscle son arsenal anti-fast-fashion (\u00e9co-surtaxe, restrictions de publicit\u00e9, sanctions jusqu\u2019\u00e0 10 \u20ac par article d\u2019ici 2030), Shein cherche \u00e0 s\u2019enraciner physiquement \u00e0 Paris. Jusqu\u2019o\u00f9 tol\u00e9rerons-nous ce contresens ? <a href=\"https:\/\/carboncredits.com\/france-imposes-stricter-regulations-on-fast-fashion-industry-carbon-emission\/?utm_source=chatgpt.com\" target=\"_blank\" rel=\"noopener noreferrer\">Carbon Credits+2manifest.co.uk+2<\/a><\/p>\n<p><strong>Dire \u201cstop\u201d n\u2019est pas un geste symbolique, c\u2019est une politique publique.<\/strong><br \/>La protection de l\u2019enfance, la loyaut\u00e9 commerciale et la transition \u00e9cologique ne se n\u00e9gocient pas \u00e0 la caisse d\u2019un g\u00e9ant mondialis\u00e9.<\/p>\n<p>Plan d\u2019interdiction : comment faire, d\u00e8s maintenant1) Voie ex\u00e9cutive et administrative (imm\u00e9diate)<\/p>\n<ul>\n<li>\n<p><strong>Mise en demeure + r\u00e9quisition num\u00e9rique DGCCRF<\/strong> : en cas d\u2019ill\u00e9galit\u00e9 ou de produits dangereux, la DGCCRF peut <strong>limiter, d\u00e9r\u00e9f\u00e9rencer ou bloquer<\/strong> l\u2019acc\u00e8s \u00e0 un site\/app. D\u00e9clencher une proc\u00e9dure gradu\u00e9e (mise en conformit\u00e9 sous 48\u201372 h, puis blocage cibl\u00e9 en cas de manquement). <a href=\"https:\/\/www.economie.gouv.fr\/dgccrf\/laction-de-la-dgccrf\/injonctions-et-sanctions\/les-requisitions-numeriques?utm_source=chatgpt.com\" target=\"_blank\" rel=\"noopener noreferrer\">Economie.gouv.fr+1<\/a><\/p>\n<\/li>\n<li>\n<p><strong>Fondement \u201cp\u00e9dopornographie\u201d et DSA<\/strong> : le <strong>Digital Services Act<\/strong> impose le retrait rapide des contenus ill\u00e9gaux ; en cas d\u2019inex\u00e9cution r\u00e9p\u00e9t\u00e9e, escalade vers des injonctions et sanctions, jusqu\u2019\u00e0 la restriction d\u2019acc\u00e8s. Coordination DGCCRF\u2013ARCOM\u2013CNIL pour verrouiller le canal publicitaire et les pratiques de tra\u00e7age. <a href=\"https:\/\/www.vie-publique.fr\/eclairage\/285115-dsa-le-reglement-sur-les-services-numeriques-ou-digital-services-act?utm_source=chatgpt.com\" target=\"_blank\" rel=\"noopener noreferrer\">vie-publique.fr<\/a><\/p>\n<\/li>\n<\/ul>\n<p>2) Voie l\u00e9gislative (rapide)<\/p>\n<ul>\n<li>\n<p><strong>Amendement au projet\/\u00e0 la loi \u201canti-fast fashion\u201d<\/strong> : ins\u00e9rer une <strong>clause d\u2019exclusion du march\u00e9<\/strong> pour les plateformes sanctionn\u00e9es <strong>\u00e0 raison de faits graves<\/strong> (p\u00e9dopornographie, contrefa\u00e7on syst\u00e9mique, tromperie r\u00e9it\u00e9r\u00e9e, manquements aux retraits DSA), avec <strong>peine compl\u00e9mentaire de blocage d\u2019acc\u00e8s<\/strong> apr\u00e8s d\u00e9cision de l\u2019autorit\u00e9\/juridiction comp\u00e9tente. <a href=\"https:\/\/www.reuters.com\/sustainability\/land-use-biodiversity\/french-senate-backs-law-curb-ultra-fast-fashion-2025-06-10\/?utm_source=chatgpt.com\" target=\"_blank\" rel=\"noopener noreferrer\">Reuters<\/a><\/p>\n<\/li>\n<li>\n<p><strong>Publicit\u00e9 interdite<\/strong> : \u00e9tendre l\u2019<strong>interdiction de publicit\u00e9<\/strong> et de sponsoring aux acteurs class\u00e9s \u201cultra-fast fashion\u201d et sous injonction, pour tarir l\u2019acquisition d\u2019audience (alignement avec la philosophie du texte en cours). <a href=\"https:\/\/www.business-humanrights.org\/en\/latest-news\/france-senate-approves-law-regulating-fast-fashion\/?utm_source=chatgpt.com\" target=\"_blank\" rel=\"noopener noreferrer\">business-humanrights.org<\/a><\/p>\n<\/li>\n<li>\n<p><strong>R\u00f4le du juge<\/strong> : pr\u00e9voir la possibilit\u00e9, en cas de condamnations p\u00e9nales\/administratives graves, de <strong>prononcer le blocage du service<\/strong> pour une dur\u00e9e d\u00e9termin\u00e9e, r\u00e9versible uniquement sur preuves d\u2019assainissement (contr\u00f4le tiers ind\u00e9pendant). (Inspiration des peines compl\u00e9mentaires num\u00e9riques d\u00e9j\u00e0 pr\u00e9vues pour d\u2019autres infractions.) <a href=\"https:\/\/www.legifrance.gouv.fr\/dossierlegislatif\/JORFDOLE000047533100\/?detailId=&amp;detailType=EXPOSE_MOTIFS&amp;utm_source=chatgpt.com\" target=\"_blank\" rel=\"noopener noreferrer\">L\u00e9gifrance<\/a><\/p>\n<\/li>\n<\/ul>\n<p>3) Voie europ\u00e9enne et commerciale (structurelle)<\/p>\n<ul>\n<li>\n<p><strong>C\u00f4t\u00e9 UE (comp\u00e9tence tarifs)<\/strong> : la France ne peut pas <strong>taxer unilat\u00e9ralement<\/strong> les importations chinoises (politique commerciale commune). Elle peut en revanche <strong>porter \u00e0 Bruxelles<\/strong> :<\/p>\n<ol>\n<li>\n<p>l\u2019<strong>extension du CBAM<\/strong>\/m\u00e9canismes carbone au textile ;<\/p>\n<\/li>\n<li>\n<p>des <strong>mesures de sauvegarde\/anti-dumping<\/strong> cibl\u00e9es ;<\/p>\n<\/li>\n<li>\n<p>la <strong>r\u00e9forme du \u201cde minimis\u201d<\/strong> pour les petits colis qui contournent droits et contr\u00f4les. (Objectif : faire cesser l\u2019avantage syst\u00e9mique des micro-envois.)<\/p>\n<\/li>\n<\/ol>\n<\/li>\n<li>\n<p><strong>Au niveau national<\/strong> : <strong>\u00e9co-surtaxes<\/strong> pr\u00e9vues par la loi fran\u00e7aise anti-fast-fashion (5 \u20ac par pi\u00e8ce en 2025, jusqu\u2019\u00e0 10 \u20ac en 2030, plafonn\u00e9es \u00e0 50 % du prix) + <strong>\u00e9co-score textile<\/strong> et malus renforc\u00e9s pour \u201cultra-fast\u201d. <a href=\"https:\/\/carboncredits.com\/france-imposes-stricter-regulations-on-fast-fashion-industry-carbon-emission\/?utm_source=chatgpt.com\" target=\"_blank\" rel=\"noopener noreferrer\">Carbon Credits+1<\/a><\/p>\n<\/li>\n<\/ul>\n<p>4) D\u00e9mocratie directe et mobilisation citoyenne<\/p>\n<ul>\n<li>\n<p><strong>RIP (r\u00e9f\u00e9rendum d\u2019initiative partag\u00e9e)<\/strong> : requiert <strong>1\/5 des parlementaires<\/strong> + <strong>1\/10 du corps \u00e9lectoral<\/strong> (\u2248 4,7 millions de signatures). Cible : loi d\u2019interdiction\/encadrement tr\u00e8s strict des plateformes r\u00e9cidivistes, verrouillant publicit\u00e9, paiement et logistique. (Difficile, mais structurant.)<\/p>\n<\/li>\n<li>\n<p><strong>P\u00e9titions nationales<\/strong> : consolider les p\u00e9titions existantes (contre l\u2019implantation de Shein au BHV, pour l\u2019interdiction des ventes illicites) et d\u00e9poser formellement aupr\u00e8s :<br \/>\u2013 de l\u2019<strong>Assembl\u00e9e nationale<\/strong> (conf\u00e9rence des pr\u00e9sidents),<br \/>\u2013 du <strong>S\u00e9nat<\/strong>,<br \/>\u2013 du <strong>CESE<\/strong> (saisine citoyenne)<br \/>avec demande d\u2019auditions publiques et calendrier. <a href=\"https:\/\/apnews.com\/article\/0ea6afe1594f87fe37afb6a4e64ba4f8?utm_source=chatgpt.com\" target=\"_blank\" rel=\"noopener noreferrer\">AP News+1<\/a><\/p>\n<\/li>\n<li>\n<p><strong>R\u00e9f\u00e9rendums locaux consultatifs<\/strong> (Ville de Paris, m\u00e9tropole) : sur la <strong>pr\u00e9sence physique<\/strong> d\u2019enseignes \u201cultra-fast\u201d dans des \u00e9quipements embl\u00e9matiques et les conventions d\u2019occupation, pour cr\u00e9er une pression politique ascendante.<\/p>\n<\/li>\n<\/ul>\n<p>5) Dispositifs d\u2019ex\u00e9cution (pour que \u00e7a tienne)<\/p>\n<ul>\n<li>\n<p><strong>Guichet \u201cRetrait 24 h\u201d<\/strong> : exigence de retrait <strong>en 24 h<\/strong> des contenus illicites signal\u00e9s par autorit\u00e9s qualifi\u00e9es (DGCCRF, OCLCTIC, ARCOM), avec <strong>journalisation publique<\/strong>.<\/p>\n<\/li>\n<li>\n<p><strong>Contr\u00f4les tiers ind\u00e9pendants<\/strong> (audit social, tra\u00e7abilit\u00e9, substances chimiques, conformit\u00e9 jeune public).<\/p>\n<\/li>\n<li>\n<p><strong>Couper les tuyaux<\/strong> :<br \/>\u2013 <strong>paiements<\/strong> (PSP : suspension de services en cas d\u2019injonction),<br \/>\u2013 <strong>pubs<\/strong> (interdiction de diffusion, sanctions aux r\u00e9gies),<br \/>\u2013 <strong>logistique<\/strong> (suspension d\u2019acheminements par op\u00e9rateurs publics quand une interdiction est en vigueur).<\/p>\n<\/li>\n<li>\n<p><strong>Clause de r\u00e9versibilit\u00e9<\/strong> : la r\u00e9-autorisation ne peut intervenir qu\u2019apr\u00e8s <strong>preuve d\u2019assainissement<\/strong> et <strong>probation<\/strong> (12\u201324 mois) avec astreintes.<\/p>\n<\/li>\n<\/ul>\n<p>Pourquoi l\u2019interdiction est l\u00e9gitime<\/p>\n<ul>\n<li>\n<p><strong>Protection de l\u2019enfance<\/strong> : la commercialisation de produits \u00e0 caract\u00e8re p\u00e9dopornographique disqualifie l\u2019op\u00e9rateur. La soci\u00e9t\u00e9 doit tracer une ligne claire : <strong>tol\u00e9rance z\u00e9ro<\/strong>. <a href=\"https:\/\/presse.economie.gouv.fr\/?p=164087&amp;utm_source=chatgpt.com\" target=\"_blank\" rel=\"noopener noreferrer\">Presse &#8211; Minist\u00e8re des Finances+1<\/a><\/p>\n<\/li>\n<li>\n<p><strong>Loyaut\u00e9 des march\u00e9s<\/strong> : condamnations r\u00e9p\u00e9t\u00e9es pour tromperie et donn\u00e9es personnelles ; concurrence d\u00e9loyale face aux acteurs respectant les r\u00e8gles. <a href=\"https:\/\/www.reuters.com\/sustainability\/boards-policy-regulation\/france-fines-shein-40-million-euros-deceptive-business-practices-2025-07-03\/?utm_source=chatgpt.com\" target=\"_blank\" rel=\"noopener noreferrer\">Reuters+1<\/a><\/p>\n<\/li>\n<li>\n<p><strong>Transition \u00e9cologique<\/strong> : la loi fran\u00e7aise contre l\u2019ultra-fast fashion a un sens uniquement si elle <strong>ne laisse pas de passe-droits<\/strong> aux champions du jetable. <a href=\"https:\/\/www.reuters.com\/sustainability\/land-use-biodiversity\/french-senate-backs-law-curb-ultra-fast-fashion-2025-06-10\/?utm_source=chatgpt.com\" target=\"_blank\" rel=\"noopener noreferrer\">Reuters<\/a><\/p>\n<\/li>\n<\/ul>\n<p><strong>Conclusion.<\/strong> \u00c0 ce stade, \u201camender\u201d Shein ne suffit plus. <strong>Nous devons l\u2019interdire en France<\/strong>, au moins tant que l\u2019entreprise n\u2019aura pas apport\u00e9 la preuve, v\u00e9rifiable et durable, de sa conformit\u00e9 \u00e9thique, l\u00e9gale et environnementale. C\u2019est une question de coh\u00e9rence nationale et de protection des plus vuln\u00e9rables.<\/p>\n","protected":false},"excerpt":{"rendered":"Tribune \u2014 Interdire Shein en France : urgence morale, sanitaire et d\u00e9mocratique Scandale des \u201cpoup\u00e9es sexuelles\u201d : la&hellip;\n","protected":false},"author":2,"featured_media":260375,"comment_status":"","ping_status":"","sticky":false,"template":"","format":"standard","meta":{"footnotes":""},"categories":[4],"tags":[11,309,49172,1011,27,8205,12,25,1104,63089],"class_list":{"0":"post-509587","1":"post","2":"type-post","3":"status-publish","4":"format-standard","5":"has-post-thumbnail","7":"category-france","8":"tag-actualites","9":"tag-chine","10":"tag-fastfashion","11":"tag-fr","12":"tag-france","13":"tag-interdiction","14":"tag-news","15":"tag-republique-francaise","16":"tag-shein","17":"tag-stopfastfashion"},"share_on_mastodon":{"url":"https:\/\/pubeurope.com\/@fr\/115487618077155965","error":""},"_links":{"self":[{"href":"https:\/\/www.europesays.com\/fr\/wp-json\/wp\/v2\/posts\/509587","targetHints":{"allow":["GET"]}}],"collection":[{"href":"https:\/\/www.europesays.com\/fr\/wp-json\/wp\/v2\/posts"}],"about":[{"href":"https:\/\/www.europesays.com\/fr\/wp-json\/wp\/v2\/types\/post"}],"author":[{"embeddable":true,"href":"https:\/\/www.europesays.com\/fr\/wp-json\/wp\/v2\/users\/2"}],"replies":[{"embeddable":true,"href":"https:\/\/www.europesays.com\/fr\/wp-json\/wp\/v2\/comments?post=509587"}],"version-history":[{"count":0,"href":"https:\/\/www.europesays.com\/fr\/wp-json\/wp\/v2\/posts\/509587\/revisions"}],"wp:featuredmedia":[{"embeddable":true,"href":"https:\/\/www.europesays.com\/fr\/wp-json\/wp\/v2\/media\/260375"}],"wp:attachment":[{"href":"https:\/\/www.europesays.com\/fr\/wp-json\/wp\/v2\/media?parent=509587"}],"wp:term":[{"taxonomy":"category","embeddable":true,"href":"https:\/\/www.europesays.com\/fr\/wp-json\/wp\/v2\/categories?post=509587"},{"taxonomy":"post_tag","embeddable":true,"href":"https:\/\/www.europesays.com\/fr\/wp-json\/wp\/v2\/tags?post=509587"}],"curies":[{"name":"wp","href":"https:\/\/api.w.org\/{rel}","templated":true}]}}