{"id":509602,"date":"2025-11-03T20:33:23","date_gmt":"2025-11-03T20:33:23","guid":{"rendered":"https:\/\/www.europesays.com\/fr\/509602\/"},"modified":"2025-11-03T20:33:23","modified_gmt":"2025-11-03T20:33:23","slug":"une-autre-histoire-de-science-fiction-mysterieuse-par-le-meme-scenariste","status":"publish","type":"post","link":"https:\/\/www.europesays.com\/fr\/509602\/","title":{"rendered":"une autre histoire de science-fiction myst\u00e9rieuse, par le m\u00eame sc\u00e9nariste"},"content":{"rendered":"<p><strong><a href=\"https:\/\/www.ecranlarge.com\/personnalite\/749096-eric-heisserer\" data-type=\"people\" data-id=\"389940\" rel=\"nofollow noopener\" target=\"_blank\">Eric Heisserer<\/a>, le sc\u00e9nario du film de science-fiction <a href=\"https:\/\/www.ecranlarge.com\/films\/947274-story-of-your-life\" data-type=\"films\" data-id=\"684894\" rel=\"nofollow noopener\" target=\"_blank\">Premier contact<\/a>, pr\u00e9pare une autre histoire de SF pour Hollywood. <\/strong><\/p>\n<p>En 2016, <strong>Premier contact<\/strong> a \u00e9t\u00e9 une jolie surprise, et la confirmation du r\u00e9alisateur <a href=\"https:\/\/www.ecranlarge.com\/personnalite\/729427-denis-villeneuve\" data-type=\"people\" data-id=\"372263\" rel=\"nofollow noopener\" target=\"_blank\">Denis Villeneuve<\/a> \u00e0 Hollywood apr\u00e8s ses thrillers <strong>Enemy<\/strong>, <strong>Prisoners <\/strong>et <strong>Sicario<\/strong>. Ce film de science-fiction, port\u00e9 par <a href=\"https:\/\/www.ecranlarge.com\/personnalite\/659124-amy-adams\" data-type=\"people\" data-id=\"124995\" rel=\"nofollow noopener\" target=\"_blank\">Amy Adams<\/a> et Jeremy Renner, a globalement \u00e9t\u00e9 bien accueilli par la critique, avec \u00e0 titre d\u2019exemple une moyenne de 81\/100 sur le site de notation Metacritic. Il s\u2019en est aussi plut\u00f4t bien tir\u00e9 au box-office avec 212 millions de dollars r\u00e9colt\u00e9s, dont 100 \u00e0 domicile pour 47 millions de budget. Et il a m\u00eame fini aux <strong>Oscars avec des nominations majeures<\/strong>, notamment comme meilleur film et r\u00e9alisateur.<\/p>\n<p>                    <img decoding=\"async\" alt=\"\" class=\"wp-image-518375\" style=\"object-fit:cover;width:25px;height:25px\" src=\"https:\/\/www.ecranlarge.com\/content\/uploads\/2023\/09\/arrow-right-circle.svg\"\/><\/p>\n<p>Depuis, Denis Villeneuve a fait un pas de g\u00e9ant dans la SF avec <strong>Blade Runner 2049<\/strong> et sa trilogie <strong>Dune <\/strong>(le dernier volet \u00e9tant actuellement en tournage). Mais pour le sc\u00e9nariste Eric Heisserer, c\u2019est un peu plus compliqu\u00e9. <\/p>\n<p>Apr\u00e8s avoir \u00e9t\u00e9 nomm\u00e9 aux Oscars pour <strong>Premier contact<\/strong>, dans la cat\u00e9gorie du meilleur sc\u00e9nario adapt\u00e9, il a enchain\u00e9 avec le film post-apo gentiment oubliable <strong>Bird <\/strong><strong>Box<\/strong> (sur Netflix), puis <strong>Bloodshot <\/strong>(le navet super-h\u00e9ro\u00efque avec Vin Diesel) et enfin la s\u00e9rie <strong>Shadow and Bone : La saga Grisha<\/strong> (annul\u00e9e par Netflix au bout de deux saisons). Mais le sc\u00e9nariste tient peut-\u00eatre son billet retour pour Hollywood avec un nouveau projet plut\u00f4t intrigant.<\/p>\n<p><a href=\"https:\/\/www.ecranlarge.com\/content\/uploads\/2016\/11\/premier-contact-photo-amy-adams-971341.jpg\" rel=\"nofollow noopener\" target=\"_blank\"><img loading=\"lazy\" decoding=\"async\" alt=\"Premier contact : Photo Amy Adams\" class=\"wp-image-12246\" src=\"https:\/\/www.europesays.com\/fr\/wp-content\/uploads\/2025\/11\/premier-contact-photo-amy-adams-971341-630x420.jpg\" width=\"630\" height=\"420\"  \/><\/a>Apr\u00e8s Contact, Premier ContactNOUVEAU CONTACT <\/p>\n<p>D\u2019apr\u00e8s Deadline, <strong>Sony a acquis les droits d\u2019adaptation de <a href=\"https:\/\/www.ecranlarge.com\/films\/simultaneous\" data-type=\"films\" data-id=\"1349489\" rel=\"nofollow noopener\" target=\"_blank\">Simultaneous<\/a><\/strong>, le premier roman \u00e9crit par Eric Heisserer et paru en octobre 2025. L\u2019auteur sera donc impliqu\u00e9 dans la production, via la soci\u00e9t\u00e9 Chronology, et <strong>pourrait \u00e9galement s\u2019occuper du sc\u00e9nario<\/strong>, m\u00eame si \u00e7a reste \u00e0 confirmer. <\/p>\n<p>                    <img decoding=\"async\" alt=\"\" class=\"wp-image-518375\" style=\"object-fit:cover;width:25px;height:25px\" src=\"https:\/\/www.ecranlarge.com\/content\/uploads\/2023\/09\/arrow-right-circle.svg\"\/><\/p>\n<p>Le livre est d\u00e9crit comme un thriller psychologique captivant, dans lequel <strong>une th\u00e9rapeute sp\u00e9cialis\u00e9e dans les vies ant\u00e9rieures<\/strong> croise un agent du D\u00e9partement de la S\u00e9curit\u00e9 int\u00e9rieure et du myst\u00e9rieux service appel\u00e9 \u00ab\u00a0Analyse Predictive\u00a0\u00bb, qui a pour but de pr\u00e9venir les attentats terroristes. Ils d\u00e9couvrent alors un ph\u00e9nom\u00e8ne inexplicable, li\u00e9 \u00e0<strong> la r\u00e9incarnation et \u00e0 un tueur qui exploitent ses propres vies ant\u00e9rieures<\/strong>.<\/p>\n<p><a href=\"https:\/\/www.ecranlarge.com\/content\/uploads\/2016\/10\/premier-contact-photo-amy-adams-968758.jpg\" rel=\"nofollow noopener\" target=\"_blank\"><img loading=\"lazy\" decoding=\"async\" alt=\"Premier contact : Photo Amy Adams\" class=\"wp-image-10649\" src=\"https:\/\/www.europesays.com\/fr\/wp-content\/uploads\/2025\/11\/premier-contact-photo-amy-adams-968758-630x420.jpg\" width=\"630\" height=\"420\"  \/><\/a>Rencontre du troisi\u00e8me type<\/p>\n<p>En revanche, aucun nom n\u2019a encore \u00e9t\u00e9 communiqu\u00e9 concernant la r\u00e9alisation ou le casting, qui mettra de nouveau un duo mixte \u00e0 l\u2019honneur apr\u00e8s <strong>Premier Contact<\/strong>. <\/p>\n<p>En plus de l\u2019adaptation de son roman, Eric Heisserer est aussi attach\u00e9 \u00e0 l\u2019\u00e9criture d\u2019une s\u00e9rie <strong>Pacific Rim<\/strong> pour Legendary, comme annonc\u00e9 en ao\u00fbt dernier par Variety. Il devrait s\u2019agir d\u2019un projet en prise de vues r\u00e9elles, qui \u00e9tendra un peu plus l\u2019univers initi\u00e9 par Guillermo del Toro apr\u00e8s l\u2019adaptation en animation pour la s\u00e9rie Netflix\u00a0<strong>Pacific Rim\u00a0: The Black<\/strong>. Aucun autre d\u00e9tail n\u2019a depuis \u00e9t\u00e9 r\u00e9v\u00e9l\u00e9.<\/p>\n","protected":false},"excerpt":{"rendered":"Eric Heisserer, le sc\u00e9nario du film de science-fiction Premier contact, pr\u00e9pare une autre histoire de SF pour Hollywood.&hellip;\n","protected":false},"author":2,"featured_media":509603,"comment_status":"","ping_status":"","sticky":false,"template":"","format":"standard","meta":{"footnotes":""},"categories":[1354],"tags":[58,59,1346,1011,27,1360],"class_list":{"0":"post-509602","1":"post","2":"type-post","3":"status-publish","4":"format-standard","5":"has-post-thumbnail","7":"category-films","8":"tag-divertissement","9":"tag-entertainment","10":"tag-films","11":"tag-fr","12":"tag-france","13":"tag-movies"},"share_on_mastodon":{"url":"https:\/\/pubeurope.com\/@fr\/115487678158229163","error":""},"_links":{"self":[{"href":"https:\/\/www.europesays.com\/fr\/wp-json\/wp\/v2\/posts\/509602","targetHints":{"allow":["GET"]}}],"collection":[{"href":"https:\/\/www.europesays.com\/fr\/wp-json\/wp\/v2\/posts"}],"about":[{"href":"https:\/\/www.europesays.com\/fr\/wp-json\/wp\/v2\/types\/post"}],"author":[{"embeddable":true,"href":"https:\/\/www.europesays.com\/fr\/wp-json\/wp\/v2\/users\/2"}],"replies":[{"embeddable":true,"href":"https:\/\/www.europesays.com\/fr\/wp-json\/wp\/v2\/comments?post=509602"}],"version-history":[{"count":0,"href":"https:\/\/www.europesays.com\/fr\/wp-json\/wp\/v2\/posts\/509602\/revisions"}],"wp:featuredmedia":[{"embeddable":true,"href":"https:\/\/www.europesays.com\/fr\/wp-json\/wp\/v2\/media\/509603"}],"wp:attachment":[{"href":"https:\/\/www.europesays.com\/fr\/wp-json\/wp\/v2\/media?parent=509602"}],"wp:term":[{"taxonomy":"category","embeddable":true,"href":"https:\/\/www.europesays.com\/fr\/wp-json\/wp\/v2\/categories?post=509602"},{"taxonomy":"post_tag","embeddable":true,"href":"https:\/\/www.europesays.com\/fr\/wp-json\/wp\/v2\/tags?post=509602"}],"curies":[{"name":"wp","href":"https:\/\/api.w.org\/{rel}","templated":true}]}}