{"id":509608,"date":"2025-11-03T20:36:14","date_gmt":"2025-11-03T20:36:14","guid":{"rendered":"https:\/\/www.europesays.com\/fr\/509608\/"},"modified":"2025-11-03T20:36:14","modified_gmt":"2025-11-03T20:36:14","slug":"alparslan-la-base-solide-du-quinte-du-lundi-3-novembre-equidia","status":"publish","type":"post","link":"https:\/\/www.europesays.com\/fr\/509608\/","title":{"rendered":"Alparslan, la base solide du Quint\u00e9+ du lundi 3 novembre &#8211; Equidia"},"content":{"rendered":"<ol>\n<li><a href=\"https:\/\/news.google.com\/rss\/articles\/CBMirwFBVV95cUxOWkpjNms2RUZ5eHlxajA4QThEeW01RXpMT29xNkMyR1FTYTRCVFNIQzdIMzBySFFZLUt5QXBLZ2V0UEtXOGtZd21TQ202eUpWNmdKeHAtd01IdnB0MENtOGhVRnJzOXJCcGNIcEZDSGZ4VVFZZmdHSnJBWTg5czdCUWdHLU9jTnl6OXhIempxRlU1RFZpY0RBOElaeXV1a2dzOTRWZTVqOGNoS3E3UkVZ?oc=5\" target=\"_blank\" rel=\"noopener\">Alparslan, la base solide du Quint\u00e9+ du lundi 3 novembre<\/a>&nbsp;&nbsp;Equidia<\/li>\n<li><a href=\"https:\/\/news.google.com\/rss\/articles\/CBMisgFBVV95cUxNVmVXUWI5S1A5eGRHaXJUNWxoaDJfeU85U2c0cV9mOTFMQkJBNDF5ZTJBMHVMdVY4SUFMN3JvZ2NRQ3lVRTFHZWlsMm5zVGlnNk5hUGVidkxtaEJaQXl0R3RuNXJoMFV3NmxSQjRVOE4xeFVWSDJ3N2FpQjBZXzRSUzFINktaR2p2RHFnbU1sakdxZDFZWTZ5U2VtMHlzbVlXb2JxUlFZc0NYcVJ3VTBRWk13?oc=5\" target=\"_blank\" rel=\"noopener\">Quint\u00e9 du lundi 3 novembre 2025 \u00e0 Fontainebleau : les pronostics<\/a>&nbsp;&nbsp;RTL.fr<\/li>\n<li><a href=\"https:\/\/news.google.com\/rss\/articles\/CBMirAFBVV95cUxPenZXXzdRd0hHcUstNFczMlF0M2w4UWM5Q2xuM2FQNHZMV1pBYzRSNEdwR0JlMTdhN3g4b2RqY3o4TDhqM2RwM0ZBWmRweHpScElWQTR2TVR3MldiUVVlLXB2OTBtcThWWDcyZXF4NDFLRDRGLXNraW9OVlhFUmtJOTlSMlBfV2Yza2d5VWhaWk1nNG9DX0hVWEZ5Ny01WV9xQktOczF5M01LVjNG?oc=5\" target=\"_blank\" rel=\"noopener\">Les pronos hippiques du lundi 3 novembre 2025<\/a>&nbsp;&nbsp;RMC Sport<\/li>\n<li><a href=\"https:\/\/news.google.com\/rss\/articles\/CBMi0gFBVV95cUxQOUdzZDUyRE5RRlRDNzlaZU9iZXdGV05EMlNvTmRvZkEtMDVYbk5GUzlmOFcyMndLRGJmVEdnemlBZ3Vfc1Y2bGoxRFdweS1jN1dmQURDa1ZhQU1HSlZpejJ1ZkxrZWJxM2l3X3BQd2tpcWFteHV6STlRZTJKR0ZDLWljeHVkb3o3VjAtNTFmbV9UNU93T3p0SFF3N1RoRkUzLTl2U1c1akQtc0NraTNXZFNPamJjTXhJLUFWNEE3clkxTUE1U1M2Rl9hWVZ5NVZFcGc?oc=5\" target=\"_blank\" rel=\"noopener\">Les pronostics des experts pour la r\u00e9union 1 \u00e0 FONTAINEBLEAU ce lundi 3 novembre<\/a>&nbsp;&nbsp;Equidia<\/li>\n<li><a href=\"https:\/\/news.google.com\/rss\/articles\/CBMijAJBVV95cUxPME9CZXQ0ZDYxcHdCMHVOd19wWTlVVTFSU3RlQ01hWkszbGV4eE9ZOGJQc0pFRmlTTTVSb2FXM3lHNjU2MjlwaHRjSlM3d3FROGN4dDUtNzA0YkFkSkp2MG1tbG9fN3BKTnI2UUNJajBiWGtjYzVHYTIyQzlMcm9kNjBQUVhLdHFOV3ZNbUU1NDk5aXVTMTlPNHlXWFdRdjQ3ZktsN1BfUHQybXNfRXM2WnRlVm02cTFyRHpPbTVHMC1uX2s0ZHdlSU5FeGdqZXBPaUxwdFY5TzR5S3RoN1Z6bHlBakY4cXduNTNUb2prOTd0OTdwdldJMXJuNlFsejlCNld5aWpOS3c0cjNT?oc=5\" target=\"_blank\" rel=\"noopener\">Quint\u00e9 du lundi 3 novembre \u00e0 Fontainebleau : avec Gallius, le r\u00eave continue pour Patrick Widloecher<\/a>&nbsp;&nbsp;Le Parisien<\/li>\n<\/ol>\n","protected":false},"excerpt":{"rendered":"Alparslan, la base solide du Quint\u00e9+ du lundi 3 novembre&nbsp;&nbsp;Equidia Quint\u00e9 du lundi 3 novembre 2025 \u00e0 Fontainebleau&hellip;\n","protected":false},"author":2,"featured_media":509609,"comment_status":"","ping_status":"","sticky":false,"template":"","format":"standard","meta":{"footnotes":""},"categories":[8],"tags":[58,59,1011,27,25851,3016,7638],"class_list":{"0":"post-509608","1":"post","2":"type-post","3":"status-publish","4":"format-standard","5":"has-post-thumbnail","7":"category-divertissement","8":"tag-divertissement","9":"tag-entertainment","10":"tag-fr","11":"tag-france","12":"tag-la-base-solide","13":"tag-plat","14":"tag-pour-preparer-vos-paris"},"share_on_mastodon":{"url":"https:\/\/pubeurope.com\/@fr\/115487689031585679","error":""},"_links":{"self":[{"href":"https:\/\/www.europesays.com\/fr\/wp-json\/wp\/v2\/posts\/509608","targetHints":{"allow":["GET"]}}],"collection":[{"href":"https:\/\/www.europesays.com\/fr\/wp-json\/wp\/v2\/posts"}],"about":[{"href":"https:\/\/www.europesays.com\/fr\/wp-json\/wp\/v2\/types\/post"}],"author":[{"embeddable":true,"href":"https:\/\/www.europesays.com\/fr\/wp-json\/wp\/v2\/users\/2"}],"replies":[{"embeddable":true,"href":"https:\/\/www.europesays.com\/fr\/wp-json\/wp\/v2\/comments?post=509608"}],"version-history":[{"count":0,"href":"https:\/\/www.europesays.com\/fr\/wp-json\/wp\/v2\/posts\/509608\/revisions"}],"wp:featuredmedia":[{"embeddable":true,"href":"https:\/\/www.europesays.com\/fr\/wp-json\/wp\/v2\/media\/509609"}],"wp:attachment":[{"href":"https:\/\/www.europesays.com\/fr\/wp-json\/wp\/v2\/media?parent=509608"}],"wp:term":[{"taxonomy":"category","embeddable":true,"href":"https:\/\/www.europesays.com\/fr\/wp-json\/wp\/v2\/categories?post=509608"},{"taxonomy":"post_tag","embeddable":true,"href":"https:\/\/www.europesays.com\/fr\/wp-json\/wp\/v2\/tags?post=509608"}],"curies":[{"name":"wp","href":"https:\/\/api.w.org\/{rel}","templated":true}]}}