{"id":50963,"date":"2025-04-25T05:19:11","date_gmt":"2025-04-25T05:19:11","guid":{"rendered":"https:\/\/www.europesays.com\/fr\/50963\/"},"modified":"2025-04-25T05:19:11","modified_gmt":"2025-04-25T05:19:11","slug":"une-polemique-eclate-en-argentine-sur-le-voyage-a-rome-dun-neveu-du-pape","status":"publish","type":"post","link":"https:\/\/www.europesays.com\/fr\/50963\/","title":{"rendered":"Une pol\u00e9mique \u00e9clate en Argentine sur le voyage \u00e0 Rome d\u2019un neveu du pape"},"content":{"rendered":"<p>En marge de la mort du pape au <a href=\"https:\/\/www.20minutes.fr\/dossier\/vatican\" target=\"_blank\" class=\"color-ultramarine c-link\" rel=\"noopener\">Vatican<\/a>, une controverse a \u00e9clat\u00e9 en <a href=\"https:\/\/www.20minutes.fr\/dossier\/argentine\" target=\"_blank\" class=\"color-ultramarine c-link\" rel=\"noopener\">Argentine<\/a>, pays natal du souverain pontife d\u00e9c\u00e9d\u00e9 lundi. Un membre du gouvernement a \u00e9t\u00e9 pris dans cette controverse au sujet de la prise en charge du voyage \u00e0 Rome de neveux du pape pour assister aux obs\u00e8ques de Fran\u00e7ois samedi.<\/p>\n<p>Une \u00e9mission de la cha\u00eene A24 s\u2019est faite en d\u00e9but de semaine l\u2019\u00e9cho d\u2019un neveu du <a href=\"https:\/\/www.20minutes.fr\/dossier\/pape\" target=\"_blank\" class=\"color-ultramarine c-link\" rel=\"noopener\">pape<\/a>, Mauro Bergoglio, infirmier de son \u00e9tat, qui expliquait vouloir se rendre \u00e0 Rome pour les obs\u00e8ques, mais que \u00ab\u00a0ce n\u2019est pas possible\u00a0\u00bb, car il n\u2019en a pas les moyens. Ont suivi des critiques, depuis l\u2019opposition, mais surtout sur les r\u00e9seaux sociaux, contre le gouvernement pour n\u2019avoir pas pris sur lui d\u2019inviter les parents du pape aux obs\u00e8ques.<\/p>\n<p>Col\u00e8re du secr\u00e9taire d\u2019Etat au Culte<\/p>\n<p>Le pr\u00e9sident <a href=\"https:\/\/www.20minutes.fr\/monde\/javier-milei\/\" target=\"_blank\" class=\"color-ultramarine c-link\" rel=\"noopener\">Javier Milei<\/a>, lui, doit voyager avec une d\u00e9l\u00e9gation inhabituellement importante, notamment sa s\u0153ur Karina, secr\u00e9taire g\u00e9n\u00e9rale de la pr\u00e9sidence, et plusieurs ministres dont le chef de la diplomatie Gerardo Werthein.<\/p>\n<\/p>\n<p>Le secr\u00e9taire d\u2019Etat au Culte, Nahuel Sotelo, d\u00e9j\u00e0 \u00e0 Rome, s\u2019en est pris dans un message furieux sur X \u00e0 certains journalistes \u00ab\u00a0h\u00e9ros de pacotille\u00a0\u00bb qui \u00ab\u00a0font de la politique\u00a0\u00bb avec la mort du pape. Il a demand\u00e9 que soit respect\u00e9 \u00ab\u00a0le deuil d\u2019une famille, du peuple catholique, d\u2019un pays qui a perdu un de ses fils\u00a0\u00bb.<\/p>\n<p>Le cadeau d\u2019une directrice d\u2019une agence de voyages<\/p>\n<p>Surtout, il a expliqu\u00e9 avoir communiqu\u00e9 r\u00e9guli\u00e8rement avec le neveu du pape, fils de la s\u0153ur \u2013 seule encore en vie \u2013 de Jorge Bergoglio, qui l\u2019a assur\u00e9 qu\u2019\u00e0 \u00ab\u00a0aucun moment lui et sa m\u00e8re n\u2019ont envisag\u00e9 de voyager, honorant en cela l\u2019exemple (d\u2019aust\u00e9rit\u00e9) du Saint-P\u00e8re\u00a0\u00bb. Mais en fait il s\u2019agissait de Jos\u00e9, un autre neveu. Celui qui souhaitait voyager est le fils d\u2019Oscar Bergoglio, un fr\u00e8re d\u00e9c\u00e9d\u00e9 du pape.<\/p>\n<p><a href=\"https:\/\/www.20minutes.fr\/monde\/pape_francois\/\" target=\"_blank\" class=\"c-link c-btn c-btn--primary\" rel=\"noopener\">Nos articles sur le Pape Fran\u00e7ois<\/a><\/p>\n<p>Au final, la directrice d\u2019une agence de voyages, qui a expliqu\u00e9 \u00e0 des m\u00e9dias avoir eu \u00ab\u00a0le c\u0153ur fendu\u00a0\u00bb en \u00e9coutant le neveu sans le sou pour voyager, a offert le billet \u00e0 Mauro et sa conjointe, autour de 2.000 dollars par personne, selon elle. Ils ont pu voyager mardi soir. \u00ab\u00a0On me l\u2019a propos\u00e9, et \u00e0 vrai dire, j\u2019ai accept\u00e9 car c\u2019\u00e9tait la seule fa\u00e7on pour moi de lui dire adieu\u00a0\u00bb, a d\u00e9clar\u00e9 Mauro jeudi depuis Rome \u00e0 Radio Mitre, en pr\u00e9cisant que ce sera sa premi\u00e8re visite \u00e0 Rome, o\u00f9 il n\u2019a pu aller durant le pontificat de son oncle.<\/p>\n","protected":false},"excerpt":{"rendered":"En marge de la mort du pape au Vatican, une controverse a \u00e9clat\u00e9 en Argentine, pays natal du&hellip;\n","protected":false},"author":2,"featured_media":50964,"comment_status":"","ping_status":"","sticky":false,"template":"","format":"standard","meta":{"footnotes":""},"categories":[5],"tags":[47,11,6715,1011,27,14,452,5924,74,12,12672,4692,4193,133,28],"class_list":{"0":"post-50963","1":"post","2":"type-post","3":"status-publish","4":"format-standard","5":"has-post-thumbnail","7":"category-international","8":"tag-actualite","9":"tag-actualites","10":"tag-argentine","11":"tag-fr","12":"tag-france","13":"tag-international","14":"tag-italie","15":"tag-javier-milei","16":"tag-monde","17":"tag-news","18":"tag-pape","19":"tag-pape-francois","20":"tag-vatican","21":"tag-video","22":"tag-world"},"share_on_mastodon":{"url":"https:\/\/pubeurope.com\/@fr\/114396919528110275","error":""},"_links":{"self":[{"href":"https:\/\/www.europesays.com\/fr\/wp-json\/wp\/v2\/posts\/50963","targetHints":{"allow":["GET"]}}],"collection":[{"href":"https:\/\/www.europesays.com\/fr\/wp-json\/wp\/v2\/posts"}],"about":[{"href":"https:\/\/www.europesays.com\/fr\/wp-json\/wp\/v2\/types\/post"}],"author":[{"embeddable":true,"href":"https:\/\/www.europesays.com\/fr\/wp-json\/wp\/v2\/users\/2"}],"replies":[{"embeddable":true,"href":"https:\/\/www.europesays.com\/fr\/wp-json\/wp\/v2\/comments?post=50963"}],"version-history":[{"count":0,"href":"https:\/\/www.europesays.com\/fr\/wp-json\/wp\/v2\/posts\/50963\/revisions"}],"wp:featuredmedia":[{"embeddable":true,"href":"https:\/\/www.europesays.com\/fr\/wp-json\/wp\/v2\/media\/50964"}],"wp:attachment":[{"href":"https:\/\/www.europesays.com\/fr\/wp-json\/wp\/v2\/media?parent=50963"}],"wp:term":[{"taxonomy":"category","embeddable":true,"href":"https:\/\/www.europesays.com\/fr\/wp-json\/wp\/v2\/categories?post=50963"},{"taxonomy":"post_tag","embeddable":true,"href":"https:\/\/www.europesays.com\/fr\/wp-json\/wp\/v2\/tags?post=50963"}],"curies":[{"name":"wp","href":"https:\/\/api.w.org\/{rel}","templated":true}]}}