{"id":509633,"date":"2025-11-03T20:51:12","date_gmt":"2025-11-03T20:51:12","guid":{"rendered":"https:\/\/www.europesays.com\/fr\/509633\/"},"modified":"2025-11-03T20:51:12","modified_gmt":"2025-11-03T20:51:12","slug":"un-homme-condamne-a-rouen-pour-violences","status":"publish","type":"post","link":"https:\/\/www.europesays.com\/fr\/509633\/","title":{"rendered":"un homme condamn\u00e9 \u00e0 Rouen pour violences"},"content":{"rendered":"<p>            Par<br \/>\n        <strong><br \/>\n            <a href=\"https:\/\/actu.fr\/auteur\/fmass\" title=\"Consulter tous les articles de Fabien Massin\" target=\"_blank\" rel=\"noopener\">Fabien Massin<\/a><br \/>\n        <\/strong><\/p>\n<p>        Publi\u00e9 le<\/p>\n<p>            3 nov. 2025 \u00e0 20h48        <\/p>\n<p>Lui-m\u00eame le dit \u00e0 plusieurs reprises : s\u2019il reconnait les faits, il ne se les explique pas <strong>et s\u2019\u00e9tonne lui-m\u00eame de leur gravit\u00e9<\/strong>. Lundi 3 novembre 2025, homme de 25 ans a \u00e9t\u00e9 jug\u00e9 en comparution imm\u00e9diate par le <a href=\"https:\/\/actu.fr\/tag\/tribunal-de-rouen\" target=\"_blank\" rel=\"noopener\">tribunal<\/a> de <a href=\"https:\/\/actu.fr\/normandie\/rouen_76540\" target=\"_blank\" rel=\"noopener\">Rouen (Seine-Maritime)<\/a> pour des faits de violences commis <strong>\u00e0 seulement deux jours d\u2019intervalle<\/strong>, dans deux lieux diff\u00e9rents. Deux moments de \u00ab\u00a0craquage\u00a0\u00bb qui ont tout de m\u00eame fait des bless\u00e9s.\u00a0<\/p>\n<p>Deux sc\u00e8ne de violence en trois jours<\/p>\n<p class=\" wall-content\">Le 27 octobre 2025, la police est appel\u00e9e pour intervenir au CHU de Rouen. En effet, un homme, Romain*, a donn\u00e9 du fil \u00e0 retordre aux soignants et aux agents de s\u00e9curit\u00e9. Arriv\u00e9 plus t\u00f4t \u00e0 l\u2019h\u00f4pital pour une intoxication m\u00e9dicamenteuse,<strong> il s\u2019impatiente de ne pas \u00eatre en charge plus rapidement<\/strong>.<\/p>\n<p class=\" wall-content\">Lorsqu\u2019il veut r\u00e9cup\u00e9rer ses affaires, il s\u2019en prend \u00e0 un m\u00e9decin \u2014 au pr\u00e9texte que celui-ci a touch\u00e9 son sac \u2014 ,<strong> le frappant au visage et au ventre<\/strong>. Une aide-soignante intervient pour lui venir en aide, mais dans la confusion des faits, elle tombe \u00e0 terre. Il faut l\u2019arriv\u00e9e d\u2019une deuxi\u00e8me aide-soignante puis d\u2019un agent de s\u00e9curit\u00e9 pour venir \u00e0 bout du r\u00e9calcitrant, qui au passage, prof\u00e8re des menaces et tente de mordre l\u2019agent de s\u00e9curit\u00e9.\u00a0<\/p>\n<p class=\" wall-content\">Au bout du compte le m\u00e9decin s\u2019en sort avec une l\u00e9sion \u00e0 la cuisse et la m\u00e2choire, une aide-soignante est bless\u00e9e aux genoux, et sa coll\u00e8gue souffre de douleurs aux cervicales et pr\u00e9sente des ecchymoses \u00e0 un bras.\u00a0<\/p>\n<p class=\" wall-content\">Plac\u00e9 en garde \u00e0 vue, Romain devait \u00eatre jug\u00e9 pour ces faits au mois de mars 2026. Sauf qu\u2019\u00e0 peine sorti du commissariat apr\u00e8s sa premi\u00e8re garde \u00e0 vue, <strong>il refait parler de lui d\u00e9favorablement<\/strong>. Dans un magasin du centre-ville, il vole un casque audio mais se fait rep\u00e9rer. Des agents de s\u00e9curit\u00e9 s\u2019avancent vers lui mais il tente alors de s\u2019enfuir. S\u2019ensuit une bousculade qui voit l\u2019un des agents \u00eatre projet\u00e9 au sol. Avec plusieurs c\u00f4tes cass\u00e9es, il s\u2019en tire avec un arr\u00eat de travail d\u2019un mois.\u00a0<\/p>\n<p>\u00ab\u00a0Je suis dans l\u2019incompr\u00e9hension\u00a0\u00bb<\/p>\n<p class=\" wall-content\">Interrog\u00e9 par la pr\u00e9sidente du tribunal sur ces agissements, l\u2019accus\u00e9 rapporte : \u00ab\u00a0Je suis dans l\u2019incompr\u00e9hension,<strong> je ne peux expliquer pourquoi j\u2019ai eu ce niveau de col\u00e8re<\/strong>, je ne suis pas quelqu\u2019un de violent \u00e0 la base. Quand on m\u2019a rappel\u00e9 les d\u00e9tails, la morsure, tout \u00e7a, je suis moi-m\u00eame surpris. Il n\u2019y a jamais eu de tels faits auparavant. Je n\u2019ai jamais eu l\u2019intention de blesser personne. J\u2019ai eu une pulsion de fuite.\u00a0\u00bb Romain pr\u00e9cise \u00e9galement que lors des premiers faits de violence, il \u00e9tait \u00ab\u00a0sous m\u00e9dicaments\u00a0\u00bb et qu\u2019il ne se souvient plus de tous les d\u00e9tails de la sc\u00e8ne.\u00a0<\/p>\n<p class=\" wall-content\"><strong>Souffrant de troubles de l\u2019anxi\u00e9t\u00e9<\/strong>, il prend r\u00e9guli\u00e8rement des antid\u00e9presseurs. C\u2019est un surdosage de ces m\u00e9dicaments qui l\u2019a d\u2019ailleurs conduit au CHU. M\u00e9dicaments auxquels s\u2019ajoute la prise de produits stup\u00e9fiants. \u00ab\u00a0Les troubles anxieux, c\u2019est qui \u00e7a qui m\u2019 handicape : j\u2019ai surdos\u00e9 les m\u00e9dicaments de mani\u00e8re volontaire, pas par intention suicidaire, <strong>mais parce que je recherchais l\u2019apaisement<\/strong>.\u00a0\u00bb<\/p>\n<p>Votre r\u00e9gion, votre actu !<\/p>\n<p>Recevez chaque jour les infos qui comptent pour vous.<\/p>\n<p>\t<a href=\"https:\/\/actu.fr\/newsletter\" class=\"ac-btn ac-btn--corner ac-btn--medium ac-btn--blue800\" target=\"_blank\" rel=\"noopener\">S&rsquo;incrire<\/a><\/p>\n<p class=\" wall-content\">Sans emploi et vivant chez sa m\u00e8re, Romain reconnait que la cohabitation avec elle est \u00ab\u00a0houleuse\u00a0\u00bb. \u00ab\u00a0Apr\u00e8s une dispute, \u00e7a m\u2019est arriv\u00e9 de vider un sac par terre, mais jamais d\u2019\u00eatre violent\u00a0\u00bb, raconte-t-il. M\u00e8re qui elle, <strong>voudrait que son fils se fasse hospitaliser<\/strong> pour tous ses probl\u00e8mes, psychologiques, de prise de m\u00e9dicaments et de produits stup\u00e9fiants.\u00a0\u00a0<\/p>\n<p class=\" wall-content\">Dans son r\u00e9quisitoire, le procureur de la R\u00e9publique reconnait que l\u2019accus\u00e9 se montre lucide sur les faits reproch\u00e9s, mais s\u2019interroge : \u00ab\u00a0Alors pourquoi ? Comment en arrive t-on \u00e0 ce qu\u2019il commette un autre fait <strong>moins d\u2019une heure apr\u00e8s \u00eatre sorti de la premi\u00e8re garde \u00e0 vue ?\u00a0\u00bb<\/strong><\/p>\n<p>Une obligation de soins<\/p>\n<p class=\" wall-content\">Pour l\u2019avocate de la d\u00e9fense, son client \u00ab\u00a0est quelqu\u2019un qui ne tergiverse pas, il reconnait pleinement les faits et il n\u2019a pas d\u2019ant\u00e9c\u00e9dents\u00a0\u00bb.\u00a0<\/p>\n<p class=\" wall-content\">Au final, le tribunal le condamne \u00e0 une peine de<strong> 8 mois de prison avec sursis probatoire pendant deux ans<\/strong>. Il a par ailleurs l\u2019obligation de suivre des soins (psychologiques et en addictologie) et devra indemniser les victimes.\u00a0<\/p>\n<p class=\" wall-content\">*Le pr\u00e9nom a \u00e9t\u00e9 modifi\u00e9<\/p>\n<p>Suivez l\u2019actualit\u00e9 de Rouen sur notre <a href=\"https:\/\/www.whatsapp.com\/channel\/0029VaKfnf99hXF2ddApFB1D\" target=\"_blank\" rel=\"noopener\">cha\u00eene WhatsApp<\/a> et sur notre <a href=\"https:\/\/www.tiktok.com\/@76actu.fr?lang=fr\" target=\"_blank\" rel=\"noopener\">compte TikTok<\/a><\/p>\n<p class=\" wall-content\">Personnalisez votre actualit\u00e9 en ajoutant vos villes et m\u00e9dias en favori avec <a href=\"https:\/\/moncompte.actu.fr\" title=\"D\u00e9couvez Mon Actu\" rel=\"nofollow noopener\" data-trk=\"{&quot;cta&quot;:{&quot;action&quot;:&quot;https:\\\/\\\/moncompte.actu.fr&quot;,&quot;category&quot;:&quot;mon compte&quot;,&quot;from&quot;:&quot;article footer&quot;,&quot;name&quot;:&quot;Mon actu&quot;,&quot;type&quot;:&quot;cta&quot;}}\" target=\"_blank\">Mon Actu<\/a>.<\/p>\n<p>                    <script async src=\"\/\/www.tiktok.com\/embed.js\"><\/script><\/p>\n","protected":false},"excerpt":{"rendered":"Par Fabien Massin Publi\u00e9 le 3 nov. 2025 \u00e0 20h48 Lui-m\u00eame le dit \u00e0 plusieurs reprises : s\u2019il&hellip;\n","protected":false},"author":2,"featured_media":509634,"comment_status":"","ping_status":"","sticky":false,"template":"","format":"standard","meta":{"footnotes":""},"categories":[9587],"tags":[1111,11,1777,674,118,1011,27,303,12,5161,25,9590,13682],"class_list":{"0":"post-509633","1":"post","2":"type-post","3":"status-publish","4":"format-standard","5":"has-post-thumbnail","7":"category-rouen","8":"tag-actu","9":"tag-actualites","10":"tag-eu","11":"tag-europe","12":"tag-faits-divers","13":"tag-fr","14":"tag-france","15":"tag-justice","16":"tag-news","17":"tag-normandie","18":"tag-republique-francaise","19":"tag-rouen","20":"tag-tribunal-de-rouen"},"share_on_mastodon":{"url":"https:\/\/pubeurope.com\/@fr\/115487747869217759","error":""},"_links":{"self":[{"href":"https:\/\/www.europesays.com\/fr\/wp-json\/wp\/v2\/posts\/509633","targetHints":{"allow":["GET"]}}],"collection":[{"href":"https:\/\/www.europesays.com\/fr\/wp-json\/wp\/v2\/posts"}],"about":[{"href":"https:\/\/www.europesays.com\/fr\/wp-json\/wp\/v2\/types\/post"}],"author":[{"embeddable":true,"href":"https:\/\/www.europesays.com\/fr\/wp-json\/wp\/v2\/users\/2"}],"replies":[{"embeddable":true,"href":"https:\/\/www.europesays.com\/fr\/wp-json\/wp\/v2\/comments?post=509633"}],"version-history":[{"count":0,"href":"https:\/\/www.europesays.com\/fr\/wp-json\/wp\/v2\/posts\/509633\/revisions"}],"wp:featuredmedia":[{"embeddable":true,"href":"https:\/\/www.europesays.com\/fr\/wp-json\/wp\/v2\/media\/509634"}],"wp:attachment":[{"href":"https:\/\/www.europesays.com\/fr\/wp-json\/wp\/v2\/media?parent=509633"}],"wp:term":[{"taxonomy":"category","embeddable":true,"href":"https:\/\/www.europesays.com\/fr\/wp-json\/wp\/v2\/categories?post=509633"},{"taxonomy":"post_tag","embeddable":true,"href":"https:\/\/www.europesays.com\/fr\/wp-json\/wp\/v2\/tags?post=509633"}],"curies":[{"name":"wp","href":"https:\/\/api.w.org\/{rel}","templated":true}]}}