{"id":509637,"date":"2025-11-03T20:53:31","date_gmt":"2025-11-03T20:53:31","guid":{"rendered":"https:\/\/www.europesays.com\/fr\/509637\/"},"modified":"2025-11-03T20:53:31","modified_gmt":"2025-11-03T20:53:31","slug":"villefontaine-r2-a-trouve-son-stade-pour-affronter-grenoble-l2","status":"publish","type":"post","link":"https:\/\/www.europesays.com\/fr\/509637\/","title":{"rendered":"Villefontaine (R2) a trouv\u00e9 son stade pour affronter Grenoble (L2)"},"content":{"rendered":"<p>De quoi \u00e9voluer sur la deuxi\u00e8me pelouse de la ville. Ce vendredi, Villefontaine a effectivement annonc\u00e9 avoir trouv\u00e9 un stade de repli \u00e0 l\u2019occasion du septi\u00e8me tour de la Coupe de France, o\u00f9 il accueillera le Grenoble Foot 38 (L2). Le pensionnaire de R\u00e9gional 2 \u00e9voluera \u00e0 domicile \u00e0 Bourgoin-Jallieu\u2026 non pas \u00e0 Pierre Rajon mais au stade de Chantereine. Les deux formations se retrouveront le samedi 15 novembre, alors que l\u2019horaire du coup d\u2019envoi n\u2019a pas encore \u00e9t\u00e9 communiqu\u00e9.\u00a0<b\/><\/p>\n<p>Grenoble commence \u00e0 se r\u00e9veiller<\/p>\n<p>Le club des Alpes, qui a connu un d\u00e9but de saison catastrophique, commence enfin \u00e0 se r\u00e9veiller. La preuve en est : sa victoire sur la pelouse de l&rsquo;Amiens SC, ce samedi apr\u00e8s-midi (2-3), dans le cadre de la treizi\u00e8me journ\u00e9e de Ligue 2. De quoi encha\u00eener un deuxi\u00e8me match de rang pour Grenoble, qui a par la m\u00eame occasion quitt\u00e9 la zone dangereuse. Quatorzi\u00e8me de la deuxi\u00e8me division fran\u00e7aise, le GF38 ne s&rsquo;est impos\u00e9 qu&rsquo;\u00e0 trois reprises jusqu&rsquo;ici.<\/p>\n<p>Partagez cette info avec vos amis et vos proches en cliquant ici<br \/>Pour r\u00e9sumer<\/p>\n<p>De quoi \u00e9voluer sur la deuxi\u00e8me pelouse de la ville. Ce vendredi, Villefontaine a effectivement annonc\u00e9 avoir trouv\u00e9 un stade de repli \u00e0 l\u2019occasion du septi\u00e8me tour de la Coupe de France, o\u00f9 il accueillera le Grenoble Foot 38 (L2).<\/p>\n<p> <img decoding=\"async\" width=\"76\" height=\"76\" loading=\"lazy\" src=\"https:\/\/static.wui.fr\/images_v3\/avatar-footnational.png\" alt=\"Youcef Ghalaza-Boudra\"\/><\/p>\n","protected":false},"excerpt":{"rendered":"De quoi \u00e9voluer sur la deuxi\u00e8me pelouse de la ville. Ce vendredi, Villefontaine a effectivement annonc\u00e9 avoir trouv\u00e9&hellip;\n","protected":false},"author":2,"featured_media":509638,"comment_status":"","ping_status":"","sticky":false,"template":"","format":"standard","meta":{"footnotes":""},"categories":[9566],"tags":[1111,11,2430,61432,1777,674,9314,1011,27,2731,59995,12,25],"class_list":{"0":"post-509637","1":"post","2":"type-post","3":"status-publish","4":"format-standard","5":"has-post-thumbnail","7":"category-grenoble","8":"tag-actu","9":"tag-actualites","10":"tag-auvergne-rhone-alpes","11":"tag-coupes-coupe-de-france","12":"tag-eu","13":"tag-europe","14":"tag-foot-amateur","15":"tag-fr","16":"tag-france","17":"tag-grenoble","18":"tag-ligue-2-actus","19":"tag-news","20":"tag-republique-francaise"},"share_on_mastodon":{"url":"https:\/\/pubeurope.com\/@fr\/115487756398887233","error":""},"_links":{"self":[{"href":"https:\/\/www.europesays.com\/fr\/wp-json\/wp\/v2\/posts\/509637","targetHints":{"allow":["GET"]}}],"collection":[{"href":"https:\/\/www.europesays.com\/fr\/wp-json\/wp\/v2\/posts"}],"about":[{"href":"https:\/\/www.europesays.com\/fr\/wp-json\/wp\/v2\/types\/post"}],"author":[{"embeddable":true,"href":"https:\/\/www.europesays.com\/fr\/wp-json\/wp\/v2\/users\/2"}],"replies":[{"embeddable":true,"href":"https:\/\/www.europesays.com\/fr\/wp-json\/wp\/v2\/comments?post=509637"}],"version-history":[{"count":0,"href":"https:\/\/www.europesays.com\/fr\/wp-json\/wp\/v2\/posts\/509637\/revisions"}],"wp:featuredmedia":[{"embeddable":true,"href":"https:\/\/www.europesays.com\/fr\/wp-json\/wp\/v2\/media\/509638"}],"wp:attachment":[{"href":"https:\/\/www.europesays.com\/fr\/wp-json\/wp\/v2\/media?parent=509637"}],"wp:term":[{"taxonomy":"category","embeddable":true,"href":"https:\/\/www.europesays.com\/fr\/wp-json\/wp\/v2\/categories?post=509637"},{"taxonomy":"post_tag","embeddable":true,"href":"https:\/\/www.europesays.com\/fr\/wp-json\/wp\/v2\/tags?post=509637"}],"curies":[{"name":"wp","href":"https:\/\/api.w.org\/{rel}","templated":true}]}}