{"id":509639,"date":"2025-11-03T20:54:18","date_gmt":"2025-11-03T20:54:18","guid":{"rendered":"https:\/\/www.europesays.com\/fr\/509639\/"},"modified":"2025-11-03T20:54:18","modified_gmt":"2025-11-03T20:54:18","slug":"a-betton-elle-cree-son-atelier-dillustratrice-naturaliste","status":"publish","type":"post","link":"https:\/\/www.europesays.com\/fr\/509639\/","title":{"rendered":"\u00c0 Betton, elle cr\u00e9e son atelier d\u2019illustratrice naturaliste"},"content":{"rendered":"<p>Perrine De Roo dessine depuis l\u2019enfance. Originaire de Calais, elle a suivi des \u00e9tudes en sciences qui l\u2019ont men\u00e9e vers une formation d\u2019ing\u00e9nieure en biologie. \u00a0Je me suis ensuite orient\u00e9e, en association, vers l\u2019environnement, la biodiversit\u00e9, la nature en ville, les pollinisateurs et les oiseaux.\u00a0<\/p>\n<p>C\u2019est l\u00e0 qu\u2019elle a eu l\u2019opportunit\u00e9 d\u2019illustrer des panneaux p\u00e9dagogiques, \u00a0Je trouvais \u00e7a sympa et \u00e7a commen\u00e7ait \u00e0 me trotter dans la t\u00eate, pour en faire plus\u00a0.<\/p>\n<p>Travail et passion<\/p>\n<p>Actuellement ing\u00e9nieure \u00e9cologue dans l\u2019entreprise Dervenn \u00e0 Betton, elle accompagne des projets port\u00e9s par des collectivit\u00e9s ou des am\u00e9nageurs priv\u00e9s. Avec des coll\u00e8gues naturalistes, elle identifie les esp\u00e8ces prot\u00e9g\u00e9es ou patrimoniales qu\u2019il peut y avoir dans le p\u00e9rim\u00e8tre du projet\u00a0: les oiseaux, les amphibiens, les chauves-souris qui donnent les enjeux de biodiversit\u00e9 du site.<\/p>\n<p>\u00a0C\u2019est justement dans le cadre de mon travail que l\u2019inspiration na\u00eet, la plupart de mes dessins viennent de mes observations sur le terrain\u00a0, confie Perrine De Roo. L\u2019an dernier, l\u2019illustratrice \u00e9cologue a particip\u00e9 au challenge Inktober, il s\u2019agissait de faire un dessin par jour, pendant tout le mois d\u2019octobre, sur le th\u00e8me des oiseaux\u00a0: \u00a0Je les avais mis discr\u00e8tement dans mon bureau, j\u2019illustre aussi des panneaux p\u00e9dagogiques dans le cadre de mon travail.\u00a0<\/p>\n<p>Faune et flore<\/p>\n<p>La plupart de ses tableaux viennent de la faune et de la flore locale bretonne ou du Grand Ouest, au gr\u00e9 des interventions de l\u2019entreprise Dervenn qui rayonne sur la Normandie, le Bretagne et les Pays de la Loire. \u00a0Dessiner est une fa\u00e7on de sensibiliser diff\u00e9remment \u00e0 la biodiversit\u00e9 locale. Dans mon m\u00e9tier, j\u2019ai surtout tendance \u00e0 faire des listes d\u2019esp\u00e8ces pr\u00e9sentes ou pas, on se d\u00e9tache un peu du c\u00f4t\u00e9 vivant, \u00e7a rattache un peu ce c\u00f4t\u00e9 sensible au lieu de faire des inventaires.\u00a0<\/p>\n<p>Objectif No\u00ebl<\/p>\n<p>L\u2019objectif de la microentreprise lanc\u00e9e en septembre\u00a02025 \u00e9tait de faire un march\u00e9 de No\u00ebl\u00a0: \u00a0Je suis inscrite au march\u00e9 de Betton, dimanche 23\u00a0novembre, salle Anita-Conti et de Montgermont le 7\u00a0d\u00e9cembre.\u00a0<\/p>\n<p><strong>Contact\u00a0:<\/strong> www.atelier-cerynie.fr, Instagram @atelier.cerynie<\/p>\n<p>\u00a0<\/p>\n","protected":false},"excerpt":{"rendered":"Perrine De Roo dessine depuis l\u2019enfance. Originaire de Calais, elle a suivi des \u00e9tudes en sciences qui l\u2019ont&hellip;\n","protected":false},"author":2,"featured_media":509640,"comment_status":"","ping_status":"","sticky":false,"template":"","format":"standard","meta":{"footnotes":""},"categories":[2821],"tags":[1111,11,4396,4395,829,11803,1777,674,1011,27,46739,63090,12,3086,584,25],"class_list":{"0":"post-509639","1":"post","2":"type-post","3":"status-publish","4":"format-standard","5":"has-post-thumbnail","7":"category-rennes","8":"tag-actu","9":"tag-actualites","10":"tag-atelier","11":"tag-betton","12":"tag-bretagne","13":"tag-cree","14":"tag-eu","15":"tag-europe","16":"tag-fr","17":"tag-france","18":"tag-illustratrice","19":"tag-naturaliste","20":"tag-news","21":"tag-redon","22":"tag-rennes","23":"tag-republique-francaise"},"share_on_mastodon":{"url":"https:\/\/pubeurope.com\/@fr\/115487759629155258","error":""},"_links":{"self":[{"href":"https:\/\/www.europesays.com\/fr\/wp-json\/wp\/v2\/posts\/509639","targetHints":{"allow":["GET"]}}],"collection":[{"href":"https:\/\/www.europesays.com\/fr\/wp-json\/wp\/v2\/posts"}],"about":[{"href":"https:\/\/www.europesays.com\/fr\/wp-json\/wp\/v2\/types\/post"}],"author":[{"embeddable":true,"href":"https:\/\/www.europesays.com\/fr\/wp-json\/wp\/v2\/users\/2"}],"replies":[{"embeddable":true,"href":"https:\/\/www.europesays.com\/fr\/wp-json\/wp\/v2\/comments?post=509639"}],"version-history":[{"count":0,"href":"https:\/\/www.europesays.com\/fr\/wp-json\/wp\/v2\/posts\/509639\/revisions"}],"wp:featuredmedia":[{"embeddable":true,"href":"https:\/\/www.europesays.com\/fr\/wp-json\/wp\/v2\/media\/509640"}],"wp:attachment":[{"href":"https:\/\/www.europesays.com\/fr\/wp-json\/wp\/v2\/media?parent=509639"}],"wp:term":[{"taxonomy":"category","embeddable":true,"href":"https:\/\/www.europesays.com\/fr\/wp-json\/wp\/v2\/categories?post=509639"},{"taxonomy":"post_tag","embeddable":true,"href":"https:\/\/www.europesays.com\/fr\/wp-json\/wp\/v2\/tags?post=509639"}],"curies":[{"name":"wp","href":"https:\/\/api.w.org\/{rel}","templated":true}]}}