{"id":509653,"date":"2025-11-03T21:03:15","date_gmt":"2025-11-03T21:03:15","guid":{"rendered":"https:\/\/www.europesays.com\/fr\/509653\/"},"modified":"2025-11-03T21:03:15","modified_gmt":"2025-11-03T21:03:15","slug":"deux-accompagnements-pour-aider-les-entreprises-a-integrer-les-enjeux-environnementaux-et-de-biodiversite","status":"publish","type":"post","link":"https:\/\/www.europesays.com\/fr\/509653\/","title":{"rendered":"Deux accompagnements pour aider les entreprises \u00e0 int\u00e9grer les enjeux environnementaux et de biodiversit\u00e9"},"content":{"rendered":"<p>\n\t\t\t\t\t\t\t\t\tUn webinaire de pr\u00e9sentation aura lieu le 6 novembre. Image d&rsquo;illustration Adobe.\n\t\t\t\t\t\t\t\t<\/p>\n<p>Soltena va d\u00e9ployer deux accompagnements centr\u00e9s sur la biodiversit\u00e9 pour les entreprises n\u00e9oaquitaines des secteurs de l&rsquo;\u00e9nergie et de la chimie.<\/p>\n<p>Soltena, le r\u00e9seau r\u00e9gional des acteurs de la transition environnementale en Nouvelle-Aquitaine, va d\u00e9ployer deux nouveaux dispositifs d\u2019accompagnement centr\u00e9s sur l\u2019int\u00e9gration des enjeux environnementaux et de biodiversit\u00e9 dans les strat\u00e9gies d\u2019entreprise. Destin\u00e9s aux fili\u00e8res \u00e9nergie et chimie-mat\u00e9riaux, ces parcours de 18 mois seront pr\u00e9sent\u00e9s lors d\u2019un webinaire le jeudi 6 novembre \u00e0 13 heures.\u00a0\u00ab La fili\u00e8re \u00e9nergie, notamment les renouvelables comme la g\u00e9othermie, conna\u00eet une forte dynamique. Quant \u00e0 la chimie et aux mat\u00e9riaux, la r\u00e9gion est la troisi\u00e8me de France. C\u2019est un secteur cl\u00e9 avec de nombreuses d\u00e9pendances \u00e0 analyser, notamment pour anticiper les chocs \u00e0 venir \u00bb, pr\u00e9cise Romain Clos, charg\u00e9 de projets chez Soltena.<\/p>\n<p>Issus de deux appels \u00e0 projets remport\u00e9s aupr\u00e8s de la R\u00e9gion Nouvelle-Aquitaine, ces accompagnements associent un suivi collectif et un appui personnalis\u00e9 pour chaque entreprise participante. Objectif : sensibiliser, prioriser les actions \u00e0 mener, puis accompagner la mise en \u0153uvre de d\u00e9marches concr\u00e8tes et leur valorisation.<\/p>\n<p>\u00ab Si les impacts sur la biodiversit\u00e9 et les risques environnementaux ne sont pas pris en compte, cela peut mettre en p\u00e9ril toute la cha\u00eene de valeur, y compris l\u2019acc\u00e8s au foncier \u00bb, souligne Romain Clos.<\/p>\n<p>Un plan d&rsquo;action et un outil de communication<\/p>\n<p>Chaque entreprise b\u00e9n\u00e9ficiera dans un premier temps d\u2019un diagnostic individuel, r\u00e9alis\u00e9 par un bureau d\u2019\u00e9tudes. Ce diagnostic servira de base \u00e0 un plan d\u2019action sp\u00e9cifique. L\u2019ensemble du parcours sera rythm\u00e9 par des temps collectifs de formation, d\u2019\u00e9change entre pairs, et par un appui \u00e0 la communication sur les engagements pris.\u00a0\u00ab Cet accompagnement est aussi un excellent outil de communication pour les entreprises. Il faut le prendre en compte dans leur strat\u00e9gie \u00bb, insiste Romain Clos.<\/p>\n<p>Les candidatures seront ouvertes du 6 au 20 janvier 2026. Un jury de s\u00e9lection se r\u00e9unira le 28 janvier. Le co\u00fbt du dispositif est pris en charge \u00e0 50% par la R\u00e9gion. Le reste \u00e0 charge moyen pour les entreprises est estim\u00e9 \u00e0 7.000 euros, ajust\u00e9 selon leur taille et leur chiffre d\u2019affaires.<\/p>\n<p>Le webinaire de pr\u00e9sentation d\u00e9taillera le contenu des deux parcours, les crit\u00e8res d\u2019\u00e9ligibilit\u00e9 et les modalit\u00e9s de candidature. L\u2019entreprise Aramis, issue du secteur de la construction, y partagera son retour d\u2019exp\u00e9rience, apr\u00e8s avoir particip\u00e9 \u00e0 un pr\u00e9c\u00e9dent accompagnement g\u00e9n\u00e9raliste port\u00e9 par Soltena.<\/p>\n<p><b><a href=\"https:\/\/www.soltena.fr\/agenda\/webinaire-appels-a-projets-nature-et-transition-de-la-filiere-energie-et-de-lexperimentation-de-la-filiere-chimie-et-materiaux\/\" target=\"_blank\" rel=\"nofollow noopener\">Plus d&rsquo;informations et inscriptions<\/a><\/b><\/p>\n","protected":false},"excerpt":{"rendered":"Un webinaire de pr\u00e9sentation aura lieu le 6 novembre. Image d&rsquo;illustration Adobe. Soltena va d\u00e9ployer deux accompagnements centr\u00e9s&hellip;\n","protected":false},"author":2,"featured_media":509654,"comment_status":"","ping_status":"","sticky":false,"template":"","format":"standard","meta":{"footnotes":""},"categories":[2817],"tags":[1111,11,1997,1777,674,1011,27,12,2219,5645,25],"class_list":{"0":"post-509653","1":"post","2":"type-post","3":"status-publish","4":"format-standard","5":"has-post-thumbnail","7":"category-bordeaux","8":"tag-actu","9":"tag-actualites","10":"tag-bordeaux","11":"tag-eu","12":"tag-europe","13":"tag-fr","14":"tag-france","15":"tag-news","16":"tag-nouvelle-aquitaine","17":"tag-placco-placeco","18":"tag-republique-francaise"},"share_on_mastodon":{"url":"https:\/\/pubeurope.com\/@fr\/115487795174796166","error":""},"_links":{"self":[{"href":"https:\/\/www.europesays.com\/fr\/wp-json\/wp\/v2\/posts\/509653","targetHints":{"allow":["GET"]}}],"collection":[{"href":"https:\/\/www.europesays.com\/fr\/wp-json\/wp\/v2\/posts"}],"about":[{"href":"https:\/\/www.europesays.com\/fr\/wp-json\/wp\/v2\/types\/post"}],"author":[{"embeddable":true,"href":"https:\/\/www.europesays.com\/fr\/wp-json\/wp\/v2\/users\/2"}],"replies":[{"embeddable":true,"href":"https:\/\/www.europesays.com\/fr\/wp-json\/wp\/v2\/comments?post=509653"}],"version-history":[{"count":0,"href":"https:\/\/www.europesays.com\/fr\/wp-json\/wp\/v2\/posts\/509653\/revisions"}],"wp:featuredmedia":[{"embeddable":true,"href":"https:\/\/www.europesays.com\/fr\/wp-json\/wp\/v2\/media\/509654"}],"wp:attachment":[{"href":"https:\/\/www.europesays.com\/fr\/wp-json\/wp\/v2\/media?parent=509653"}],"wp:term":[{"taxonomy":"category","embeddable":true,"href":"https:\/\/www.europesays.com\/fr\/wp-json\/wp\/v2\/categories?post=509653"},{"taxonomy":"post_tag","embeddable":true,"href":"https:\/\/www.europesays.com\/fr\/wp-json\/wp\/v2\/tags?post=509653"}],"curies":[{"name":"wp","href":"https:\/\/api.w.org\/{rel}","templated":true}]}}