{"id":509655,"date":"2025-11-03T21:04:24","date_gmt":"2025-11-03T21:04:24","guid":{"rendered":"https:\/\/www.europesays.com\/fr\/509655\/"},"modified":"2025-11-03T21:04:24","modified_gmt":"2025-11-03T21:04:24","slug":"lgv-bordeaux-toulouse-la-consultation-en-ligne-du-public-autorisee-par-le-tribunal-administratif","status":"publish","type":"post","link":"https:\/\/www.europesays.com\/fr\/509655\/","title":{"rendered":"LGV Bordeaux-Toulouse : la consultation en ligne du public autoris\u00e9e par le tribunal administratif"},"content":{"rendered":"<p class=\"wp-block-post-excerpt__excerpt\">Le Tribunal administratif de Toulouse a rejet\u00e9 le r\u00e9f\u00e9r\u00e9 libert\u00e9 de plusieurs associations visant \u00e0 suspendre imm\u00e9diatement la consultation du public, pr\u00e9vue uniquement par voie \u00e9lectronique, sur les travaux pr\u00e9paratoires de la ligne \u00e0 grande vitesse Bordeaux\u2013Toulouse <\/p>\n<p><a href=\"https:\/\/rue89bordeaux.com\/category\/actualite\/\" rel=\"tag noopener\" target=\"_blank\">Actualit\u00e9<\/a>, <a href=\"https:\/\/rue89bordeaux.com\/category\/kiosque-abonne\/\" rel=\"tag noopener\" target=\"_blank\">\u00c9dition abonn\u00e9s<\/a><\/p>\n<p>Simon Barth\u00e9l\u00e9my<\/p>\n<p>Publi\u00e9 le 3 novembre 2025\u00a0\u00a0\u00b7\u00a0\u00a0<\/p>\n<p>Imprim\u00e9 le 3 novembre 2025 \u00e0 22h04\u00a0\u00a0\u00b7\u00a0\u00a0<\/p>\n<p>\t\t\t\t\t2\u00a0minutes\n<\/p>\n<p>Dans son ordonnance de jugement en date du 31 octobre, et communiqu\u00e9e ce lundi aux associations mobilis\u00e9es contre cette nouvelle ligne, dont LGVEA, les Amis de la Terre Midi-Pyr\u00e9n\u00e9es ou la Sepanso, la juge des r\u00e9f\u00e9r\u00e9s valide donc la \u00ab\u00a0participation du public par voie \u00e9lectronique\u00a0\u00bb <a href=\"https:\/\/www.registre-numerique.fr\/ligne-nouvelle-bordeaux-toulouse-ppve1\" target=\"_blank\" rel=\"noreferrer noopener\">sur la premi\u00e8re demande d\u2019autorisation environnementale <\/a>d\u00e9pos\u00e9e par SNCF R\u00e9seau.<\/p>\n<p>Alors que cette consultation est en ligne depuis le 27 octobre, le Tribunal administratif a consid\u00e9r\u00e9 que ce proc\u00e9d\u00e9 ne saurait \u00ab\u00a0\u00eatre regard\u00e9 comme manifestement ill\u00e9gal\u00a0\u00bb, <a href=\"https:\/\/rue89bordeaux.com\/2025\/10\/lgv-bordeaux-toulouse-une-consultation-publique-contestee-les-opposants-prets-a-agir-en-justice\/\" target=\"_blank\" rel=\"noreferrer noopener\">comme l\u2019estimaient les requ\u00e9rantes<\/a>, le projet ayant en 2014 \u00ab\u00a0d\u00e9j\u00e0 fait l\u2019objet d\u2019une enqu\u00eate publique lors d\u2019une pr\u00e9c\u00e9dente autorisation portant \u00e9tude d\u2019impact initiale\u00a0\u00bb. <\/p>\n<p><img loading=\"lazy\" decoding=\"async\" width=\"480\" height=\"480\" src=\"https:\/\/www.europesays.com\/fr\/wp-content\/uploads\/2025\/04\/23-paywall.png\" alt=\"Abonnez-vous\" class=\"wp-image-128439\" style=\"aspect-ratio:1;width:210px;height:auto\"  \/><\/p>\n<p>Cet article fait partie de l\u2019\u00e9dition abonn\u00e9s. Pour lire la suite, profitez d\u2019une offre d\u00e9couverte \u00e0 1\u20ac.<\/p>\n<p class=\"has-gray-700-color has-text-color has-medium-font-size\">Contribuez \u00e0 consolider un m\u00e9dia ind\u00e9pendant \u00e0 Bordeaux, en capacit\u00e9 d\u2019enqu\u00eater sur les enjeux locaux.<\/p>\n<p>\t\t\t<a href=\"https:\/\/rue89bordeaux.com\/\" class=\"custom-logo-link\" rel=\"home noopener\" target=\"_blank\"><img loading=\"lazy\" decoding=\"async\" width=\"290\" height=\"49\" src=\"https:\/\/www.europesays.com\/fr\/wp-content\/uploads\/2025\/04\/logo.png\" class=\"custom-logo\" alt=\"Rue89Bordeaux Enqu\u00eates et informations de proximit\u00e9\"  \/><\/a><\/p>\n<p>\n\t\t\t\tAbonnez-vous maintenant pour suivre l\u2019actualit\u00e9 locale.\t\t\t<\/p>\n<p class=\"font-bold font-serif-heading mb-2 text-4xl\">\n\t\t\t\t\t\tL\u2019investigation locale \u00e0 port\u00e9e de main.\n\t\t\t\t\t<\/p>\n<p>\n\t\t\t\t\t\tAbonnez-vous et profitez d\u2019un acc\u00e8s illimit\u00e9 \u00e0 Rue89Bordeaux. Annulez quand vous voulez.\n\t\t\t\t\t<\/p>\n<p class=\"xl:text-sm\">\n\t\t\t\t\tD\u00e9j\u00e0 abonn\u00e9\u00a0?<br \/>\n\t\t\t\t\t<a class=\"border border-transparent text-center transition-colors duration-instant focus:border-info focus:rounded focus:shadow-focus cursor-pointer text-black hover:text-gray-700 active:bg-black-700 font-semibold inline-block\" href=\"https:\/\/rue89bordeaux.com\/user\/login\/?redirect=\/2025\/11\/lgv-bordeaux-toulouse-la-consultation-en-ligne-du-public-autorisee-par-le-tribunal-administratif\/\" target=\"_blank\" rel=\"noopener\">Connectez-vous<\/a>\t\t\t\t<\/p>\n<p>\n\t\t\t\tChoisissez votre formule\u00a0:\n\t\t\t<\/p>\n<p>\t\t\t\tFermer<\/p>\n","protected":false},"excerpt":{"rendered":"Le Tribunal administratif de Toulouse a rejet\u00e9 le r\u00e9f\u00e9r\u00e9 libert\u00e9 de plusieurs associations visant \u00e0 suspendre imm\u00e9diatement la&hellip;\n","protected":false},"author":2,"featured_media":509656,"comment_status":"","ping_status":"","sticky":false,"template":"","format":"standard","meta":{"footnotes":""},"categories":[2817],"tags":[1111,11,1997,1777,674,1011,27,62097,6200,12,2219,25,63091],"class_list":{"0":"post-509655","1":"post","2":"type-post","3":"status-publish","4":"format-standard","5":"has-post-thumbnail","7":"category-bordeaux","8":"tag-actu","9":"tag-actualites","10":"tag-bordeaux","11":"tag-eu","12":"tag-europe","13":"tag-fr","14":"tag-france","15":"tag-grand-projet-ferroviaire-du-sud-ouest","16":"tag-lgv-bordeaux-toulouse","17":"tag-news","18":"tag-nouvelle-aquitaine","19":"tag-republique-francaise","20":"tag-tribunal-administratif-de-toulouse"},"share_on_mastodon":{"url":"https:\/\/pubeurope.com\/@fr\/115487799871611241","error":""},"_links":{"self":[{"href":"https:\/\/www.europesays.com\/fr\/wp-json\/wp\/v2\/posts\/509655","targetHints":{"allow":["GET"]}}],"collection":[{"href":"https:\/\/www.europesays.com\/fr\/wp-json\/wp\/v2\/posts"}],"about":[{"href":"https:\/\/www.europesays.com\/fr\/wp-json\/wp\/v2\/types\/post"}],"author":[{"embeddable":true,"href":"https:\/\/www.europesays.com\/fr\/wp-json\/wp\/v2\/users\/2"}],"replies":[{"embeddable":true,"href":"https:\/\/www.europesays.com\/fr\/wp-json\/wp\/v2\/comments?post=509655"}],"version-history":[{"count":0,"href":"https:\/\/www.europesays.com\/fr\/wp-json\/wp\/v2\/posts\/509655\/revisions"}],"wp:featuredmedia":[{"embeddable":true,"href":"https:\/\/www.europesays.com\/fr\/wp-json\/wp\/v2\/media\/509656"}],"wp:attachment":[{"href":"https:\/\/www.europesays.com\/fr\/wp-json\/wp\/v2\/media?parent=509655"}],"wp:term":[{"taxonomy":"category","embeddable":true,"href":"https:\/\/www.europesays.com\/fr\/wp-json\/wp\/v2\/categories?post=509655"},{"taxonomy":"post_tag","embeddable":true,"href":"https:\/\/www.europesays.com\/fr\/wp-json\/wp\/v2\/tags?post=509655"}],"curies":[{"name":"wp","href":"https:\/\/api.w.org\/{rel}","templated":true}]}}