{"id":509657,"date":"2025-11-03T21:05:11","date_gmt":"2025-11-03T21:05:11","guid":{"rendered":"https:\/\/www.europesays.com\/fr\/509657\/"},"modified":"2025-11-03T21:05:11","modified_gmt":"2025-11-03T21:05:11","slug":"le-college-marengo-de-toulouse-gangrene-par-la-violence","status":"publish","type":"post","link":"https:\/\/www.europesays.com\/fr\/509657\/","title":{"rendered":"Le coll\u00e8ge Marengo de Toulouse gangren\u00e9 par la violence"},"content":{"rendered":"<p>Bagarres, vols, faits de harc\u00e8lement, introduction d\u2019arme blanche, et m\u00eame, agressions sexuelles. Voici le cocktail explosif des violences qui ont perturb\u00e9 le coll\u00e8ge Marengo, \u00e0 Toulouse, l\u2019an dernier. Et la liste ne s\u2019arr\u00eate pas l\u00e0\u00a0: menaces entre \u00e9l\u00e8ves et \u00e0 l\u2019\u00e9gard des personnels et propos injurieux de certains parents, \u00ab\u202fparoles et actes discriminatoires r\u00e9pr\u00e9hensibles p\u00e9nalement\u00a0: racisme, dessins de croix gamm\u00e9es, salut nazi en classe\u202f\u00bb, et introductions d\u2019armes factices, ont eu lieu dans cet \u00e9tablissement de 350 \u00e9l\u00e8ves situ\u00e9 entre la colline de Jolimont et le faubourg Bonnefoy.<\/p>\n<p>Dans ce contexte, \u00e9voquer, de la part des enseignants et du personnel \u00e9ducatif, un contexte \u00ab\u202fparticuli\u00e8rement d\u00e9grad\u00e9\u202f\u00bb rel\u00e8ve de l\u2019euph\u00e9misme. Face au fait que ces violences \u00ab\u202fse multiplient et que leur gravit\u00e9 va croissant\u202f\u00bb, l\u2019\u00e9quipe p\u00e9dagogique affichait en fin d\u2019ann\u00e9e scolaire son d\u00e9couragement, d\u00e9plorant le fait qu\u2019\u00e9l\u00e8ves et personnels \u00ab\u202fne se sentent pas en s\u00e9curit\u00e9\u202f\u00bb face \u00e0 ces agressions. Le nombre d\u2019arr\u00eats maladie t\u00e9moignait d\u2019ailleurs de la difficult\u00e9 des conditions de travail.\u00a0<\/p>\n<p>Un \u00e9l\u00e8ve de sixi\u00e8me rou\u00e9 de coups le 10 d\u00e9cembre 2024 par plusieurs autres en r\u00e9cr\u00e9ation, une situation de racisme syst\u00e9mique dans une classe de Cinqui\u00e8me signal\u00e9e en mars 2024 par le professeur principal\u2026 Dans un courrier au rectorat, les \u00e9quipes ont list\u00e9, en janvier 2025, les nombreux faits \u00e0 l\u2019origine de ce climat \u00ab\u202fanxiog\u00e8ne\u202f\u00bb.<\/p>\n<p>\u00ab\u202fDans un tel climat, propice au demeurant au d\u00e9crochage scolaire comme aux ph\u00e9nom\u00e8nes de harc\u00e8lement, faire progresser des \u00e9l\u00e8ves sur les plans scolaire, \u00e9ducatif et citoyen, rel\u00e8ve de la gageure\u202f\u00bb, \u00e9crivent\u2010ils.\u00a0<\/p>\n<p>En janvier de cette ann\u00e9e d\u2019ailleurs, des publications sur les r\u00e9seaux Instagram et Tik\u2010Tok ont caus\u00e9 de graves incidents, notamment une bagarre entre \u00e9l\u00e8ves. Les assistants d\u2019\u00e9ducation (AED) et la conseill\u00e8re principale d\u2019\u00e9ducation (CPE) qui se sont interpos\u00e9s ont \u00e9galement \u00e9t\u00e9 mis en danger. C\u2019est\u00a0\u2026<\/p>\n<p>Nous vous offrons l\u2019acc\u00e8s \u00e0 cet article<\/p>\n<p>Et \u00e0 toutes nos enqu\u00eates pendant deux jours\u00a0\u00a0! <br \/>Oui, on est g\u00e9n\u00e9reux \ud83d\ude09 Mais pensez aussi \u00e0 <a href=\"https:\/\/www.mediacites.fr\/sabonner\/\" target=\"_blank\" style=\"color:#fff\" rel=\"noopener\">vous abonner<\/a>\u00a0\u00a0!<\/p>\n<p>\t\tEn renseignant votre adresse, vous acceptez nos <a href=\"https:\/\/www.mediacites.fr\/conditions-generales-d-utilisation\/\" target=\"_blank\" rel=\"noopener\">conditions g\u00e9n\u00e9rales d\u2019utilisation<\/a>. <br \/>Mediacit\u00e9s s\u2019engage \u00e0 ne pas c\u00e9der votre adresse \u00e0 des tiers. En cas d\u2019\u00e9chec, \u00e9crivez \u00e0 <a href=\"https:\/\/www.mediacites.fr\/enquete\/toulouse\/2025\/11\/03\/le-college-marengo-de-toulouse-gangrene-par-la-violence\/mailto:contact@mediacites.fr\" target=\"_blank\" rel=\"noopener\">contact@mediacites.fr<\/a><\/p>\n<ul>\n<li>J\u2019acc\u00e8de aux 4 \u00e9ditions de Mediacit\u00e9s (Lille, Lyon, Nantes et Toulouse)<\/li>\n<li>Je d\u00e9couvre un m\u00e9dia 100 % ind\u00e9pendant, avec 0 % de publicit\u00e9<\/li>\n<\/ul>\n<p>Envie de lire la\u00a0suite\u202f?<\/p>\n<p>Depuis neuf ans, Mediacit\u00e9s enqu\u00eate en toute ind\u00e9pendance dans votre ville. Gr\u00e2ce \u00e0 ses lecteurs\u202f! Abonnez\u2010vous pour ne rien manquer de nos enqu\u00eates, suivre les \u00e9lections municipales et soutenir un journal local d\u2019investigation.<\/p>\n<ul>\n<li>Acc\u00e8s aux 4 \u00e9ditions de Mediacit\u00e9s (Lille, Lyon, Nantes et Toulouse)<\/li>\n<li>100 % ind\u00e9pendant, avec 0 % de publicit\u00e9<\/li>\n<li>R\u00e9siliation facile \u00e0 tout moment<\/li>\n<\/ul>\n<p>Mediacit\u00e9s offre l\u2019acc\u00e8s \u00e0 cet article aux lecteurs de News2Com<\/p>\n<p>Et \u00e0 toutes nos enqu\u00eates pendant deux jours\u00a0\u00a0! <br \/>Oui, on est g\u00e9n\u00e9reux \ud83d\ude09 Mais pensez aussi \u00e0 <a href=\"https:\/\/www.mediacites.fr\/sabonner\/\" target=\"_blank\" style=\"color:#fff\" rel=\"noopener\">vous abonner<\/a>\u00a0\u00a0!<\/p>\n<p>\t\tEn renseignant votre adresse, vous acceptez nos <a href=\"https:\/\/www.mediacites.fr\/conditions-generales-d-utilisation\/\" target=\"_blank\" rel=\"noopener\">conditions g\u00e9n\u00e9rales d\u2019utilisation<\/a>. <br \/>Mediacit\u00e9s s\u2019engage \u00e0 ne pas c\u00e9der votre adresse \u00e0 des tiers. En cas d\u2019\u00e9chec, \u00e9crivez \u00e0 <a href=\"https:\/\/www.mediacites.fr\/enquete\/toulouse\/2025\/11\/03\/le-college-marengo-de-toulouse-gangrene-par-la-violence\/mailto:contact@mediacites.fr\" target=\"_blank\" rel=\"noopener\">contact@mediacites.fr<\/a><\/p>\n<ul>\n<li>J\u2019acc\u00e8de aux 4 \u00e9ditions de Mediacit\u00e9s (Lille, Lyon, Nantes et Toulouse)<\/li>\n<li>Je d\u00e9couvre un m\u00e9dia 100 % ind\u00e9pendant, avec 0 % de publicit\u00e9<\/li>\n<\/ul>\n","protected":false},"excerpt":{"rendered":"Bagarres, vols, faits de harc\u00e8lement, introduction d\u2019arme blanche, et m\u00eame, agressions sexuelles. Voici le cocktail explosif des violences&hellip;\n","protected":false},"author":2,"featured_media":509658,"comment_status":"","ping_status":"","sticky":false,"template":"","format":"standard","meta":{"footnotes":""},"categories":[2816],"tags":[1111,11,1057,1067,1777,674,1011,27,12,2680,25,2312,2949,304],"class_list":{"0":"post-509657","1":"post","2":"type-post","3":"status-publish","4":"format-standard","5":"has-post-thumbnail","7":"category-toulouse","8":"tag-actu","9":"tag-actualites","10":"tag-education","11":"tag-enquete","12":"tag-eu","13":"tag-europe","14":"tag-fr","15":"tag-france","16":"tag-news","17":"tag-occitanie","18":"tag-republique-francaise","19":"tag-toulouse","20":"tag-violences","21":"tag-violences-sexistes-et-sexuelles"},"share_on_mastodon":{"url":"https:\/\/pubeurope.com\/@fr\/115487802913999902","error":""},"_links":{"self":[{"href":"https:\/\/www.europesays.com\/fr\/wp-json\/wp\/v2\/posts\/509657","targetHints":{"allow":["GET"]}}],"collection":[{"href":"https:\/\/www.europesays.com\/fr\/wp-json\/wp\/v2\/posts"}],"about":[{"href":"https:\/\/www.europesays.com\/fr\/wp-json\/wp\/v2\/types\/post"}],"author":[{"embeddable":true,"href":"https:\/\/www.europesays.com\/fr\/wp-json\/wp\/v2\/users\/2"}],"replies":[{"embeddable":true,"href":"https:\/\/www.europesays.com\/fr\/wp-json\/wp\/v2\/comments?post=509657"}],"version-history":[{"count":0,"href":"https:\/\/www.europesays.com\/fr\/wp-json\/wp\/v2\/posts\/509657\/revisions"}],"wp:featuredmedia":[{"embeddable":true,"href":"https:\/\/www.europesays.com\/fr\/wp-json\/wp\/v2\/media\/509658"}],"wp:attachment":[{"href":"https:\/\/www.europesays.com\/fr\/wp-json\/wp\/v2\/media?parent=509657"}],"wp:term":[{"taxonomy":"category","embeddable":true,"href":"https:\/\/www.europesays.com\/fr\/wp-json\/wp\/v2\/categories?post=509657"},{"taxonomy":"post_tag","embeddable":true,"href":"https:\/\/www.europesays.com\/fr\/wp-json\/wp\/v2\/tags?post=509657"}],"curies":[{"name":"wp","href":"https:\/\/api.w.org\/{rel}","templated":true}]}}