{"id":509663,"date":"2025-11-03T21:09:18","date_gmt":"2025-11-03T21:09:18","guid":{"rendered":"https:\/\/www.europesays.com\/fr\/509663\/"},"modified":"2025-11-03T21:09:18","modified_gmt":"2025-11-03T21:09:18","slug":"ce-que-le-suspect-a-dit-a-la-police-avant-daller-en-prison","status":"publish","type":"post","link":"https:\/\/www.europesays.com\/fr\/509663\/","title":{"rendered":"ce que le suspect a dit \u00e0 la police avant d&rsquo;aller en prison"},"content":{"rendered":"<p class=\"app_entry_lead\">\n<p>                    <a title=\"\u00a0\u00a9\u00a0FRANCOIS GREUEZ\/SIPA (publi\u00e9e le 03\/11\/2025)\" href=\"https:\/\/www.europesays.com\/fr\/wp-content\/uploads\/2025\/11\/82309586.jpg\" class=\"fancy\"><\/p>\n<p>                            <img loading=\"lazy\" decoding=\"async\" src=\"https:\/\/www.europesays.com\/fr\/wp-content\/uploads\/2025\/11\/82309586.jpg\" alt=\"\u00c9tudiant tu\u00e9 par un chauffard \u00e0 Lille\u00a0: ce que le suspect a dit \u00e0 la police avant d'aller en prison\" width=\"1500\" height=\"1000\"\/><\/p>\n<p>                    <\/a><\/p>\n<p>                Rattrap\u00e9 peu apr\u00e8s l&rsquo;accident qui a co\u00fbt\u00e9 la vie au jeune Mathis, le suspect a \u00e9t\u00e9 plac\u00e9 en d\u00e9tention provisoire.<\/p>\n<p>Deux jours apr\u00e8s le drame qui a co\u00fbt\u00e9 la vie \u00e0 un \u00e9tudiant \u00e0 Lille, le parquet a fait un point sur l&rsquo;affaire ce lundi 3 novembre. Dans un communiqu\u00e9, il est revenu sur la mort de Mathis, percut\u00e9 samedi 1er novembre au matin, sur les coups de 5 heures, sur le boulevard de la Libert\u00e9, au niveau de la place de la R\u00e9publique de Lille. En cause, une voiture qui roulait \u00e0 vive allure et qui a litt\u00e9ralement projet\u00e9 l&rsquo;\u00e9tudiant contre un arbre. Le jeune homme, qui aurait d\u00fb f\u00eater ses 20 ans ce mercredi, est d\u00e9c\u00e9d\u00e9 sur le coup, avant m\u00eame l&rsquo;arriv\u00e9e des pompiers.<\/p>\n<p>Le conducteur du v\u00e9hicule est un homme \u00e2g\u00e9 de 31 ans. Il \u00ab\u00a0avait des ant\u00e9c\u00e9dents, c&rsquo;est ce qu&rsquo;on appelle un individu connu\u00a0\u00bb des services de police, a pr\u00e9cis\u00e9 le ministre de l&rsquo;Int\u00e9rieur, Laurent Nunez, qui s&rsquo;est rendu \u00e0 Lille ce lundi. Et de d\u00e9plorer : \u00ab\u00a0Il a refus\u00e9 de s&rsquo;arr\u00eater purement et simplement \u00e0 deux reprises avant de percuter extr\u00eamement violemment le jeune Mathis \u00e0 pleine vitesse.\u00a0\u00bb<\/p>\n<p>\u00ab\u00a0L&rsquo;int\u00e9ress\u00e9 n&rsquo;a pas reconnu les faits\u00a0\u00bb<\/p>\n<p>Samedi matin, le chauffard a rapidement \u00e9t\u00e9 pris en chasse par les forces de l&rsquo;ordre qui ont fini par le rattraper. Arr\u00eat\u00e9 quelques minutes seulement apr\u00e8s l&rsquo;accident, l&rsquo;homme a tent\u00e9 de prendre la fuite \u00e0 pied. En garde \u00e0 vue, le suspect n&rsquo;a toutefois \u00ab\u00a0pas reconnu les faits\u00a0\u00bb, a r\u00e9v\u00e9l\u00e9 le parquet de Lille.<\/p>\n<p>Le trentenaire a n\u00e9anmoins \u00e9t\u00e9 mis en examen pour homicide routier commis avec au moins deux circonstances aggravantes et refus d&rsquo;obtemp\u00e9rer lors d&rsquo;un contr\u00f4le de police. \u00c0 noter que du protoxyde d&rsquo;azote a \u00e9t\u00e9 retrouv\u00e9 dans sa voiture, une berline noire. Le suspect est soup\u00e7onn\u00e9 d&rsquo;en avoir consomm\u00e9 avant de prendre le volant, rapportait lundi soir une source polici\u00e8re \u00e0 <a href=\"https:\/\/www.bfmtv.com\/police-justice\/chauffard-connu-profil-de-la-victime-ce-que-l-on-sait-du-refus-d-obtemperer-qui-a-coute-la-vie-a-un-jeune-homme-a-lille_AN-202511030727.html\" target=\"_blank\" rel=\"noopener\">BFMTV<\/a>. En revanche, le chauffard a \u00e9t\u00e9 test\u00e9 n\u00e9gatif \u00e0 l&rsquo;alcool. Le trentenaire a \u00e9t\u00e9 plac\u00e9 en d\u00e9tention provisoire.<\/p>\n","protected":false},"excerpt":{"rendered":"Rattrap\u00e9 peu apr\u00e8s l&rsquo;accident qui a co\u00fbt\u00e9 la vie au jeune Mathis, le suspect a \u00e9t\u00e9 plac\u00e9 en&hellip;\n","protected":false},"author":2,"featured_media":509664,"comment_status":"","ping_status":"","sticky":false,"template":"","format":"standard","meta":{"footnotes":""},"categories":[2815],"tags":[1111,11,63092,51761,1777,674,118,51763,1011,27,811,1307,12,51767,25],"class_list":{"0":"post-509663","1":"post","2":"type-post","3":"status-publish","4":"format-standard","5":"has-post-thumbnail","7":"category-lille","8":"tag-actu","9":"tag-actualites","10":"tag-cms-linternaute-9153986","11":"tag-controller-content","12":"tag-eu","13":"tag-europe","14":"tag-faits-divers","15":"tag-format-papier","16":"tag-fr","17":"tag-france","18":"tag-hauts-de-france","19":"tag-lille","20":"tag-news","21":"tag-parallaxeinfeed","22":"tag-republique-francaise"},"share_on_mastodon":{"url":"https:\/\/pubeurope.com\/@fr\/115487819326051592","error":""},"_links":{"self":[{"href":"https:\/\/www.europesays.com\/fr\/wp-json\/wp\/v2\/posts\/509663","targetHints":{"allow":["GET"]}}],"collection":[{"href":"https:\/\/www.europesays.com\/fr\/wp-json\/wp\/v2\/posts"}],"about":[{"href":"https:\/\/www.europesays.com\/fr\/wp-json\/wp\/v2\/types\/post"}],"author":[{"embeddable":true,"href":"https:\/\/www.europesays.com\/fr\/wp-json\/wp\/v2\/users\/2"}],"replies":[{"embeddable":true,"href":"https:\/\/www.europesays.com\/fr\/wp-json\/wp\/v2\/comments?post=509663"}],"version-history":[{"count":0,"href":"https:\/\/www.europesays.com\/fr\/wp-json\/wp\/v2\/posts\/509663\/revisions"}],"wp:featuredmedia":[{"embeddable":true,"href":"https:\/\/www.europesays.com\/fr\/wp-json\/wp\/v2\/media\/509664"}],"wp:attachment":[{"href":"https:\/\/www.europesays.com\/fr\/wp-json\/wp\/v2\/media?parent=509663"}],"wp:term":[{"taxonomy":"category","embeddable":true,"href":"https:\/\/www.europesays.com\/fr\/wp-json\/wp\/v2\/categories?post=509663"},{"taxonomy":"post_tag","embeddable":true,"href":"https:\/\/www.europesays.com\/fr\/wp-json\/wp\/v2\/tags?post=509663"}],"curies":[{"name":"wp","href":"https:\/\/api.w.org\/{rel}","templated":true}]}}