{"id":509665,"date":"2025-11-03T21:10:11","date_gmt":"2025-11-03T21:10:11","guid":{"rendered":"https:\/\/www.europesays.com\/fr\/509665\/"},"modified":"2025-11-03T21:10:11","modified_gmt":"2025-11-03T21:10:11","slug":"hero-festival-marseille-saison-xi-les-8-et-9-novembre","status":"publish","type":"post","link":"https:\/\/www.europesays.com\/fr\/509665\/","title":{"rendered":"Hero Festival Marseille \u2013 Saison XI, Les 8 et 9 novembre"},"content":{"rendered":"<p>\tHero Festival Marseille \u2013 Saison XI, Les 8 et 9 novembre &#8211; Toutma<\/p>\n<p>&#13;<br \/>\n&#13;<\/p>\n<p>&#13;<br \/>\n\t\t&#13;<\/p>\n<p>Nous utilisons des cookies pour vous garantir la meilleure exp\u00e9rience sur notre site web. Si vous continuez \u00e0 utiliser ce site, nous supposerons que vous en \u00eates satisfait.OK<\/p>\n<p>\t\t&#13;<\/p>\n","protected":false},"excerpt":{"rendered":"Hero Festival Marseille \u2013 Saison XI, Les 8 et 9 novembre &#8211; Toutma &#13; &#13; &#13; &#13; Nous&hellip;\n","protected":false},"author":2,"featured_media":509666,"comment_status":"","ping_status":"","sticky":false,"template":"","format":"standard","meta":{"footnotes":""},"categories":[2814],"tags":[1111,11,19247,1777,674,63093,63094,1011,27,8206,6682,884,12,24439,63095,882,61998,25],"class_list":{"0":"post-509665","1":"post","2":"type-post","3":"status-publish","4":"format-standard","5":"has-post-thumbnail","7":"category-marseille","8":"tag-actu","9":"tag-actualites","10":"tag-comics","11":"tag-eu","12":"tag-europe","13":"tag-festival-du-moment","14":"tag-festival-marseille","15":"tag-fr","16":"tag-france","17":"tag-jeux-videos","18":"tag-mangas","19":"tag-marseille","20":"tag-news","21":"tag-parc-chanot","22":"tag-parc-chanot-marseille","23":"tag-provence-alpes-cote-dazur","24":"tag-que-faire-a-marseille","25":"tag-republique-francaise"},"share_on_mastodon":{"url":"https:\/\/pubeurope.com\/@fr\/115487822603632973","error":""},"_links":{"self":[{"href":"https:\/\/www.europesays.com\/fr\/wp-json\/wp\/v2\/posts\/509665","targetHints":{"allow":["GET"]}}],"collection":[{"href":"https:\/\/www.europesays.com\/fr\/wp-json\/wp\/v2\/posts"}],"about":[{"href":"https:\/\/www.europesays.com\/fr\/wp-json\/wp\/v2\/types\/post"}],"author":[{"embeddable":true,"href":"https:\/\/www.europesays.com\/fr\/wp-json\/wp\/v2\/users\/2"}],"replies":[{"embeddable":true,"href":"https:\/\/www.europesays.com\/fr\/wp-json\/wp\/v2\/comments?post=509665"}],"version-history":[{"count":0,"href":"https:\/\/www.europesays.com\/fr\/wp-json\/wp\/v2\/posts\/509665\/revisions"}],"wp:featuredmedia":[{"embeddable":true,"href":"https:\/\/www.europesays.com\/fr\/wp-json\/wp\/v2\/media\/509666"}],"wp:attachment":[{"href":"https:\/\/www.europesays.com\/fr\/wp-json\/wp\/v2\/media?parent=509665"}],"wp:term":[{"taxonomy":"category","embeddable":true,"href":"https:\/\/www.europesays.com\/fr\/wp-json\/wp\/v2\/categories?post=509665"},{"taxonomy":"post_tag","embeddable":true,"href":"https:\/\/www.europesays.com\/fr\/wp-json\/wp\/v2\/tags?post=509665"}],"curies":[{"name":"wp","href":"https:\/\/api.w.org\/{rel}","templated":true}]}}