{"id":509675,"date":"2025-11-03T21:18:12","date_gmt":"2025-11-03T21:18:12","guid":{"rendered":"https:\/\/www.europesays.com\/fr\/509675\/"},"modified":"2025-11-03T21:18:12","modified_gmt":"2025-11-03T21:18:12","slug":"cette-autre-demeure-tout-pres-de-chez-eux-qui-est-a-vendre-et-interesse-deja-un-acteur-connu","status":"publish","type":"post","link":"https:\/\/www.europesays.com\/fr\/509675\/","title":{"rendered":"cette autre demeure, tout pr\u00e8s de chez eux, qui est \u00e0 vendre et int\u00e9resse d\u00e9j\u00e0 un acteur connu"},"content":{"rendered":"<p class=\"mb-4 text-lg md:leading-8 break-words\">Nagui et M\u00e9lanie Page filent le parfait amour depuis plus de deux d\u00e9cennies. Et c&rsquo;est dans un quartier pris\u00e9 de Paris que le couple s&rsquo;est install\u00e9 avec ses trois enfants. Si leur maison n&rsquo;est pas \u00e0 vendre, celle d&rsquo;un voisin si ! Et cette demeure d&rsquo;exception suscite l&rsquo;int\u00e9r\u00eat de bien du monde, \u00e0 commencer par un com\u00e9dien de renom.<\/p>\n<p class=\"mb-4 text-lg md:leading-8 break-words\">Lorsqu&rsquo;il n&rsquo;est pas sur les plateaux t\u00e9l\u00e9vis\u00e9s aux commandes de N&rsquo;oubliez pas les paroles ou encore Taratata, <a href=\"https:\/\/www.purepeople.com\/people\/nagui_p611\" rel=\"nofollow noopener\" target=\"_blank\" data-ylk=\"slk:Nagui;elm:context_link;itc:0;sec:content-canvas\" class=\"link \"><strong>Nagui <\/strong><\/a>profite des siens dans son humble demeure. Avec son \u00e9pouse <a href=\"https:\/\/www.purepeople.com\/people\/melanie-page_p287123\" rel=\"nofollow noopener\" target=\"_blank\" data-ylk=\"slk:M\u00e9lanie Page;elm:context_link;itc:0;sec:content-canvas\" class=\"link \"><strong>M\u00e9lanie Page<\/strong><\/a>, il est <a href=\"https:\/\/fr.news.yahoo.com\/nagui-maison-plusieurs-%C3%A9tages-situ%C3%A9e-182500135.html\" data-ylk=\"slk:install\u00e9 depuis des ann\u00e9es dans l&#039;un des quartiers les plus pris\u00e9s de Paris : Montmartre;elm:context_link;itc:0;sec:content-canvas;outcm:mb_qualified_link;_E:mb_qualified_link;ct:story;\" class=\"link  yahoo-link\" target=\"_blank\" rel=\"noopener\">install\u00e9 depuis des ann\u00e9es dans l&rsquo;un des quartiers les plus pris\u00e9s de Paris : Montmartre<\/a>, dans le 18e arrondissement. Et il semblerait que leur maison ne soit pas le seul bien d&rsquo;exception dans le coin. En effet, une habituation atypique et tr\u00e8s recherch\u00e9e est \u00e0 vendre tout pr\u00e8s de chez eux.<\/p>\n<p class=\"mb-4 text-lg md:leading-8 break-words\">C&rsquo;est avec <a href=\"https:\/\/fr.news.yahoo.com\/tr%C3%A8s-vigilants-l%C3%A0-dessus-m%C3%A9lanie-164700919.html\" data-ylk=\"slk:leurs trois enfants - Roxane (n\u00e9e en 2004) Annabel (n\u00e9e en 2008) et Adrien (n\u00e9 en 2012);elm:context_link;itc:0;sec:content-canvas;outcm:mb_qualified_link;_E:mb_qualified_link;ct:story;\" class=\"link  yahoo-link\" target=\"_blank\" rel=\"noopener\">leurs trois enfants &#8211; Roxane (n\u00e9e en 2004) Annabel (n\u00e9e en 2008) et Adrien (n\u00e9 en 2012)<\/a> &#8211; que Nagui et M\u00e9lanie Page coulent des jours heureux dans cette superbe demeure. \u00ab\u00a0<strong>C&rsquo;est une maison assez ann\u00e9es 30, elle date de 1927, c&rsquo;est art-d\u00e9co<\/strong>. C&rsquo;est tr\u00e8s beau, j&rsquo;adore l&rsquo;art-d\u00e9co moi. C&rsquo;est rond en fait, un peu bow windows (fen\u00eatre en arc, ndlr), un peu \u00e0 l&rsquo;anglaise. Et puis on est \u00e0 Montmartre donc on a la chance d&rsquo;avoir une vue sur Paris\u00a0\u00bb, s&rsquo;est enthousiasm\u00e9e la com\u00e9dienne dans l&rsquo;\u00e9mission Proprio \u00e0 tout prix, sur Youtube. Et au d\u00e9part, le lieu \u00e9tait bien diff\u00e9rent. \u00ab\u00a0Quand on l&rsquo;a visit\u00e9e avec mon mari, c&rsquo;\u00e9tait une ruine. Mais vraiment une ruine, il n&rsquo;y avait rien !\u00a0\u00bb, s&rsquo;est-elle souvenue. Finalement, ils ont entrepris de grands travaux. Et sans aucun regret : \u00ab\u00a0<a href=\"https:\/\/fr.news.yahoo.com\/voulait-absolument-habiter-l%C3%A0-nagui-155300792.html\" data-ylk=\"slk:On a eu la maison de nos r\u00eaves !;elm:context_link;itc:0;sec:content-canvas;outcm:mb_qualified_link;_E:mb_qualified_link;ct:story;\" class=\"link  yahoo-link\" target=\"_blank\" rel=\"noopener\">On a eu la maison de nos r\u00eaves !<\/a>\u00ab\u00a0<\/p>\n<p class=\"mb-4 text-lg md:leading-8 break-words\">Nagui et M\u00e9lanie Page : Une maison voisine \u00e0 vendre pour plus de 3 millions d&rsquo;euros<\/p>\n<p class=\"mb-4 text-lg md:leading-8 break-words\">Comme l&rsquo;indiquent nos confr\u00e8res du <a href=\"https:\/\/www.leparisien.fr\/immobilier\/immobilier-a-cote-du-moulin-rouge-une-maison-bucolique-remplie-dhistoires-a-vendre-33-millions-deuros-02-11-2025-2YJRXAW3BFCEXDGFTOMZN26AVI.php\" rel=\"nofollow noopener\" target=\"_blank\" data-ylk=\"slk:Parisien;elm:context_link;itc:0;sec:content-canvas\" class=\"link \">Parisien<\/a>, une autre maison attire l&rsquo;\u0153il dans le quartier. <strong>Il s&rsquo;agit d&rsquo;une demeure offrant 237m\u00b2 habitables, 318m\u00b2 au sol, le tout r\u00e9parti sur sept pi\u00e8ces dont cinq chambres&#8230; et vendu par l&rsquo;agence immobili\u00e8re Junot Abbesses au prix de 3 380 000 euros<\/strong>. Et cette maison a une certaine histoire. \u00ab\u00a0En 1870, c\u2019\u00e9tait un pavillon de chasse. Il faut imaginer qu\u2019autour, c\u2019\u00e9tait la campagne avec des vaches, des sources\u2026 Plus tard, quand le Moulin Rouge s\u2019est install\u00e9, cette cour dans le renfoncement servait d\u2019\u00e9curies pour les chevaux ou poneys qui participaient aux spectacles\u00a0\u00bb, raconte le propri\u00e9taire actuel, Cyril, 62 ans et ancien grand patron d&rsquo;une entreprise dans le digital. Aujourd&rsquo;hui, la maison propose un cadre rare et recherch\u00e9 : <strong>la campagne \u00e0 Paris<\/strong>. Situ\u00e9 tout au fond d&rsquo;une impasse au sol pav\u00e9 dans le quartier de Pigalle au pied de la butte Montmartre, le lieu fait partie d&rsquo;une copropri\u00e9t\u00e9 de 12 lots. En arrivant devant, \u00ab\u00a0une magnifique porte en bois ouvrag\u00e9e du Rajasthan\u00a0\u00bb. A l&rsquo;int\u00e9rieur, un double salon , un bureau-salle de jeu, une cuisine de 29m\u00b2, un grenier de 64m\u00b2 et m\u00eame une salle de sport priv\u00e9e. Mais au d\u00e9part, la maison ne ressemblait pas du tout \u00e0 cela ! Entre l&rsquo;\u00e9lectricit\u00e9, le chauffage, les fen\u00eatres et le r\u00e9am\u00e9nagement des pi\u00e8ces, <strong>Cyril en a eu pour 800 000 euros de travaux<\/strong> pour un chantier d&rsquo;un an et demi. Et dans le jardin tr\u00f4nent des oranger, citronnier, figuier, vigne et autres plantes.<\/p>\n<p class=\"mb-4 text-lg md:leading-8 break-words\">Boris Vian et Jacques Pr\u00e9vert ont v\u00e9cus dans le quartier par le pass\u00e9<\/p>\n<p class=\"mb-4 text-lg md:leading-8 break-words\">Le quartier est pris\u00e9. Au point que le prix de la maison s&rsquo;\u00e9l\u00e8ve \u00e0 14 261 euros du m\u00b2 pour la surface Carrez, pond\u00e9r\u00e9s \u00e0 13 500 euros par m\u00b2 avec la surface au sol. Il faut dire que de grands noms ont v\u00e9cu ici. Comme le pr\u00e9cisent nos confr\u00e8res du Parisien, <strong>c&rsquo;est au 6 bis voisin que Boris Vian a v\u00e9cu jusqu&rsquo;\u00e0 sa mort<\/strong> en 1959, il y a m\u00eame \u00e9crit L&rsquo;Arrache-coeur. Le romancier organisait m\u00eame sur place <strong>des f\u00eates avec Jacques Pr\u00e9vert, ami et voisin<\/strong>, sur une terrasse commune. De quoi donner un peu plus de valeur \u00e0 la maison de Cyril. D&rsquo;ailleurs, plusieurs visites ont d\u00e9j\u00e0 eu lieu. Des clients \u00e9trangers, mais aussi fran\u00e7ais ont fait le d\u00e9placement pour d\u00e9couvrir cette incroyable demeure en plein Paris. <strong>Parmi eux, \u00ab\u00a0<\/strong><strong>un com\u00e9dien renomm\u00e9<\/strong><strong>\u00a0\u00bb dont le nom n&rsquo;est pas cit\u00e9<\/strong>. Mais pour l&rsquo;heure, aucune offre n&rsquo;a \u00e9t\u00e9 faite. Affaire \u00e0 suivre.<\/p>\n<p class=\"mb-4 text-lg md:leading-8 break-words\"><a href=\"https:\/\/www.purepeople.com\/article\/nagui-et-melanie-page-proprietaires-dune-maison-dexception-a-paris-cette-autre-demeure-tout-pres-de-chez-eux-qui-est-a-vendre-et-interesse-deja-un-acteur-connu_a544272\/1\" rel=\"nofollow noopener\" target=\"_blank\" data-ylk=\"slk:Article original sur Purepeople;elm:context_link;itc:0;sec:content-canvas\" class=\"link \">Article original sur Purepeople<\/a><\/p>\n","protected":false},"excerpt":{"rendered":"Nagui et M\u00e9lanie Page filent le parfait amour depuis plus de deux d\u00e9cennies. Et c&rsquo;est dans un quartier&hellip;\n","protected":false},"author":2,"featured_media":509676,"comment_status":"","ping_status":"","sticky":false,"template":"","format":"standard","meta":{"footnotes":""},"categories":[1888],"tags":[1111,1928,11,1927,1777,674,1011,27,45781,2142,10476,10477,12,1926,626,1925,25],"class_list":{"0":"post-509675","1":"post","2":"type-post","3":"status-publish","4":"format-standard","5":"has-post-thumbnail","7":"category-paris","8":"tag-actu","9":"tag-actu-paris","10":"tag-actualites","11":"tag-actualites-paris","12":"tag-eu","13":"tag-europe","14":"tag-fr","15":"tag-france","16":"tag-la-maison","17":"tag-maison","18":"tag-melanie-page","19":"tag-nagui","20":"tag-news","21":"tag-news-paris","22":"tag-paris","23":"tag-paris-news","24":"tag-republique-francaise"},"share_on_mastodon":{"url":"https:\/\/pubeurope.com\/@fr\/115487854188588501","error":""},"_links":{"self":[{"href":"https:\/\/www.europesays.com\/fr\/wp-json\/wp\/v2\/posts\/509675","targetHints":{"allow":["GET"]}}],"collection":[{"href":"https:\/\/www.europesays.com\/fr\/wp-json\/wp\/v2\/posts"}],"about":[{"href":"https:\/\/www.europesays.com\/fr\/wp-json\/wp\/v2\/types\/post"}],"author":[{"embeddable":true,"href":"https:\/\/www.europesays.com\/fr\/wp-json\/wp\/v2\/users\/2"}],"replies":[{"embeddable":true,"href":"https:\/\/www.europesays.com\/fr\/wp-json\/wp\/v2\/comments?post=509675"}],"version-history":[{"count":0,"href":"https:\/\/www.europesays.com\/fr\/wp-json\/wp\/v2\/posts\/509675\/revisions"}],"wp:featuredmedia":[{"embeddable":true,"href":"https:\/\/www.europesays.com\/fr\/wp-json\/wp\/v2\/media\/509676"}],"wp:attachment":[{"href":"https:\/\/www.europesays.com\/fr\/wp-json\/wp\/v2\/media?parent=509675"}],"wp:term":[{"taxonomy":"category","embeddable":true,"href":"https:\/\/www.europesays.com\/fr\/wp-json\/wp\/v2\/categories?post=509675"},{"taxonomy":"post_tag","embeddable":true,"href":"https:\/\/www.europesays.com\/fr\/wp-json\/wp\/v2\/tags?post=509675"}],"curies":[{"name":"wp","href":"https:\/\/api.w.org\/{rel}","templated":true}]}}