{"id":509681,"date":"2025-11-03T21:21:25","date_gmt":"2025-11-03T21:21:25","guid":{"rendered":"https:\/\/www.europesays.com\/fr\/509681\/"},"modified":"2025-11-03T21:21:25","modified_gmt":"2025-11-03T21:21:25","slug":"lestonie-signale-un-bateau-russe-portant-le-drapeau-du-groupe-wagner-sur-la-riviere-narva","status":"publish","type":"post","link":"https:\/\/www.europesays.com\/fr\/509681\/","title":{"rendered":"L&rsquo;Estonie signale un bateau russe portant le drapeau du groupe Wagner sur la rivi\u00e8re Narva"},"content":{"rendered":"<p>\n                    Publi\u00e9 le                 03\/11\/2025 &#8211; 19:29 UTC+1<br \/>\n                \u2022Mis \u00e0 jour<br \/>\n                                     19:30\n                                        <\/p>\n<p>Un bateau des garde-c\u00f4tes russes battant pavillon du groupe paramilitaire Wagner a \u00e9t\u00e9 rep\u00e9r\u00e9 dimanche sur la rivi\u00e8re Narva qui s\u00e9pare l&rsquo;Estonie de la Russie.<\/p>\n<p>Le gouvernement estonien a comment\u00e9 la nouvelle sur X en s&rsquo;adressant au minist\u00e8re russe des Affaires \u00e9trang\u00e8res sur un ton sarcastique.<\/p>\n<p>\u00ab\u00a0Wagner marche-t-il \u00e0 nouveau sur Moscou, ou commence-t-il cette fois-ci par Saint-P\u00e9tersbourg ? Difficile \u00e0 dire\u00a0\u00bb, indique le message, faisant r\u00e9f\u00e9rence \u00e0 <a href=\"https:\/\/fr.euronews.com\/2023\/06\/24\/le-groupe-wagner-sapproche-de-moscou-le-film-des-evenements-depuis-24-heures\" target=\"_blank\" rel=\"noopener\"><strong>la r\u00e9bellion du groupe Wagner en juin 2023<\/strong><\/a>. \u00ab\u00a0De notre c\u00f4t\u00e9, il semble qu&rsquo;ils aient d\u00e9j\u00e0 annex\u00e9 les gardes-fronti\u00e8res russes\u00a0\u00bb.<\/p>\n<p>Le Premier ministre estonien, Kristen Michal, a \u00e9galement r\u00e9agi \u00e0 l&rsquo;incident en d\u00e9clarant : \u00ab\u00a0On dirait que Poutine est \u00e0 court d&rsquo;id\u00e9es &#8211; il appelle \u00e0 nouveau Wagner ?\u00a0\u00bb.<\/p>\n<p>Les activit\u00e9s russes sur la rivi\u00e8re Narva \u00ab\u00a0sous \u00e9troite surveillance\u00a0\u00bb<\/p>\n<p>Le minist\u00e8re estonien des Affaires \u00e9trang\u00e8res a \u00e9galement publi\u00e9 <a href=\"https:\/\/vm.ee\/en\/news\/comment-foreign-minister-tsahkna-wagner-flag-above-narva-river-sign-russias-fracturing-system\" target=\"_blank\" rel=\"noreferrer noopener\"><strong>une d\u00e9claration officielle sur son site web<\/strong><\/a>. La voici traduite dans son int\u00e9gralit\u00e9 :<\/p>\n<p>\u00ab\u00a0Nos informations, ainsi que des images et des enregistrements vid\u00e9o, indiquent qu&rsquo;un bateau des gardes-fronti\u00e8res russes battant pavillon du groupe militaire priv\u00e9 \u00ab\u00a0Wagner\u00a0\u00bb est pass\u00e9 aujourd&rsquo;hui sur la rivi\u00e8re Narva.<\/p>\n<p>Nous ne pouvons que nous demander si l&rsquo;esprit du chef [Evgueni] Prigojine est toujours vivant en Russie, si l&rsquo;\u00e9quipe Wagner tente de reprendre Moscou ou si elle vise cette fois Saint-P\u00e9tersbourg.<\/p>\n<p>Cependant, ce spectacle ne fait que confirmer le fait que le syst\u00e8me &lsquo;\u00e0 toute \u00e9preuve&rsquo; de la Russie s&rsquo;effondre en raison de la guerre d&rsquo;agression qu&rsquo;elle a lanc\u00e9e et de la pression constante exerc\u00e9e par l&rsquo;Occident. Nous pouvons \u00e9galement confirmer que tout ce que les Russes essaient de faire sur la rivi\u00e8re Narva se d\u00e9roule sous notre \u00e9troite surveillance\u00a0\u00bb.<\/p>\n<p>Le groupe Wagner a particip\u00e9 activement \u00e0 l&rsquo;agression militaire russe contre l&rsquo;Ukraine en 2022, bien que le Kremlin l&rsquo;ait initialement ni\u00e9.<\/p>\n<p>Mais, en juin 2023, les mercenaires de Wagner ont organis\u00e9 une mutinerie qui a commenc\u00e9 par des d\u00e9clarations de son chef, Evgueni Prigojine, contre le minist\u00e8re russe de la D\u00e9fense. La r\u00e9bellion arm\u00e9e a \u00e9t\u00e9 r\u00e9prim\u00e9e et, deux mois plus tard, <a href=\"https:\/\/fr.euronews.com\/2023\/08\/27\/la-mort-de-prigojine-confirmee-par-lexpertise-genetique\" target=\"_blank\" rel=\"noopener\"><strong>Prigojine est mort dans un accident d&rsquo;avion<\/strong><\/a> dans la r\u00e9gion de Tver.<\/p>\n","protected":false},"excerpt":{"rendered":"Publi\u00e9 le 03\/11\/2025 &#8211; 19:29 UTC+1 \u2022Mis \u00e0 jour 19:30 Un bateau des garde-c\u00f4tes russes battant pavillon du&hellip;\n","protected":false},"author":2,"featured_media":509682,"comment_status":"","ping_status":"","sticky":false,"template":"","format":"standard","meta":{"footnotes":""},"categories":[1591],"tags":[11,1909,1887,2025,12,1885,1886,132,8656],"class_list":{"0":"post-509681","1":"post","2":"type-post","3":"status-publish","4":"format-standard","5":"has-post-thumbnail","7":"category-russie","8":"tag-actualites","9":"tag-estonie","10":"tag-federation-de-russie","11":"tag-invasion-de-la-russie-en-ukraine","12":"tag-news","13":"tag-russia","14":"tag-russian-federation","15":"tag-russie","16":"tag-wagner"},"share_on_mastodon":{"url":"https:\/\/pubeurope.com\/@fr\/115487865968518826","error":""},"_links":{"self":[{"href":"https:\/\/www.europesays.com\/fr\/wp-json\/wp\/v2\/posts\/509681","targetHints":{"allow":["GET"]}}],"collection":[{"href":"https:\/\/www.europesays.com\/fr\/wp-json\/wp\/v2\/posts"}],"about":[{"href":"https:\/\/www.europesays.com\/fr\/wp-json\/wp\/v2\/types\/post"}],"author":[{"embeddable":true,"href":"https:\/\/www.europesays.com\/fr\/wp-json\/wp\/v2\/users\/2"}],"replies":[{"embeddable":true,"href":"https:\/\/www.europesays.com\/fr\/wp-json\/wp\/v2\/comments?post=509681"}],"version-history":[{"count":0,"href":"https:\/\/www.europesays.com\/fr\/wp-json\/wp\/v2\/posts\/509681\/revisions"}],"wp:featuredmedia":[{"embeddable":true,"href":"https:\/\/www.europesays.com\/fr\/wp-json\/wp\/v2\/media\/509682"}],"wp:attachment":[{"href":"https:\/\/www.europesays.com\/fr\/wp-json\/wp\/v2\/media?parent=509681"}],"wp:term":[{"taxonomy":"category","embeddable":true,"href":"https:\/\/www.europesays.com\/fr\/wp-json\/wp\/v2\/categories?post=509681"},{"taxonomy":"post_tag","embeddable":true,"href":"https:\/\/www.europesays.com\/fr\/wp-json\/wp\/v2\/tags?post=509681"}],"curies":[{"name":"wp","href":"https:\/\/api.w.org\/{rel}","templated":true}]}}