{"id":509685,"date":"2025-11-03T21:23:12","date_gmt":"2025-11-03T21:23:12","guid":{"rendered":"https:\/\/www.europesays.com\/fr\/509685\/"},"modified":"2025-11-03T21:23:12","modified_gmt":"2025-11-03T21:23:12","slug":"savills-lance-une-plateforme-de-conseil-dediee-au-retail-aux-etats-unis","status":"publish","type":"post","link":"https:\/\/www.europesays.com\/fr\/509685\/","title":{"rendered":"Savills lance une plateforme de conseil d\u00e9di\u00e9e au retail aux \u00c9tats-Unis"},"content":{"rendered":"<p>Savills a annonc\u00e9 le lancement de sa plateforme am\u00e9ricaine de services de conseil en retail, \u00e9tendant ainsi l&rsquo;expertise mondiale du groupe \u00e0 l&rsquo;un des march\u00e9s les plus dynamiques et centr\u00e9s sur le consommateur au monde. Cette nouvelle ligne de services sera dirig\u00e9e par Todd L. Siegel, nomm\u00e9 Pr\u00e9sident du retail aux \u00c9tats-Unis, qui aura pour mission de d\u00e9velopper le p\u00f4le conseil retail sur l&rsquo;ensemble du territoire. Siegel collaborera avec l&rsquo;\u00e9quipe mondiale du retail, pr\u00e9sente sur les march\u00e9s cl\u00e9s au Canada, en Europe, au Moyen-Orient et en Asie, op\u00e9rant comme un cabinet de conseil boutique dot\u00e9 d&rsquo;une port\u00e9e internationale \u00e9tendue.<\/p>\n<p>\nEn associant une connaissance approfondie du march\u00e9, une expertise financi\u00e8re et une intelligence du design, cette plateforme aidera les clients \u00e0 comprendre et \u00e0 exploiter l&rsquo;influence du secteur du retail sur les lieux et les marques. Todd L. Siegel a men\u00e9 la strat\u00e9gie retail et la location pour certains des locataires et propri\u00e9t\u00e9s les plus embl\u00e9matiques d&rsquo;Am\u00e9rique du Nord, dont Eataly et Starbucks, la Willis Tower, les 730 et 980 North Michigan Avenue, le 1221 Avenue of the Americas \u00e0 New York, ainsi que le 400 Post Street \u00e0 Union Square, San Francisco. Bas\u00e9 \u00e0 Chicago, Siegel rejoint Savills accompagn\u00e9 de ses coll\u00e8gues de longue date, Phillip Golding, Executive Managing Director, et Kimberly Wiskup, Corporate Managing Director.<\/p>\n<p>\nL&rsquo;\u00e9quipe conseillait auparavant ses clients au sein du groupe Urban Retail de CBRE. Chez Savills, ils concentreront leur expertise sur les zones urbaines centrales, le segment luxe et le retail de cat\u00e9gorie A sur les art\u00e8res commer\u00e7antes majeures, notamment la Fifth Avenue \u00e0 New York, Rodeo Drive \u00e0 Los Angeles et le Magnificent Mile \u00e0 Chicago. Ensemble, ils apportent des d\u00e9cennies d&rsquo;exp\u00e9rience au service de certains des propri\u00e9taires, enseignes et investisseurs les plus en vue \u00e0 l&rsquo;\u00e9chelle mondiale.<\/p>\n","protected":false},"excerpt":{"rendered":"Savills a annonc\u00e9 le lancement de sa plateforme am\u00e9ricaine de services de conseil en retail, \u00e9tendant ainsi l&rsquo;expertise&hellip;\n","protected":false},"author":2,"featured_media":2490,"comment_status":"","ping_status":"","sticky":false,"template":"","format":"standard","meta":{"footnotes":""},"categories":[1589],"tags":[11,340,73,1866,12,1864,1865,1863,308],"class_list":{"0":"post-509685","1":"post","2":"type-post","3":"status-publish","4":"format-standard","5":"has-post-thumbnail","7":"category-etats-unis","8":"tag-actualites","9":"tag-bourse","10":"tag-etats-unis","11":"tag-etats-unis-damerique","12":"tag-news","13":"tag-united-states","14":"tag-united-states-of-america","15":"tag-us","16":"tag-usa"},"share_on_mastodon":{"url":"https:\/\/pubeurope.com\/@fr\/115487873740722908","error":""},"_links":{"self":[{"href":"https:\/\/www.europesays.com\/fr\/wp-json\/wp\/v2\/posts\/509685","targetHints":{"allow":["GET"]}}],"collection":[{"href":"https:\/\/www.europesays.com\/fr\/wp-json\/wp\/v2\/posts"}],"about":[{"href":"https:\/\/www.europesays.com\/fr\/wp-json\/wp\/v2\/types\/post"}],"author":[{"embeddable":true,"href":"https:\/\/www.europesays.com\/fr\/wp-json\/wp\/v2\/users\/2"}],"replies":[{"embeddable":true,"href":"https:\/\/www.europesays.com\/fr\/wp-json\/wp\/v2\/comments?post=509685"}],"version-history":[{"count":0,"href":"https:\/\/www.europesays.com\/fr\/wp-json\/wp\/v2\/posts\/509685\/revisions"}],"wp:featuredmedia":[{"embeddable":true,"href":"https:\/\/www.europesays.com\/fr\/wp-json\/wp\/v2\/media\/2490"}],"wp:attachment":[{"href":"https:\/\/www.europesays.com\/fr\/wp-json\/wp\/v2\/media?parent=509685"}],"wp:term":[{"taxonomy":"category","embeddable":true,"href":"https:\/\/www.europesays.com\/fr\/wp-json\/wp\/v2\/categories?post=509685"},{"taxonomy":"post_tag","embeddable":true,"href":"https:\/\/www.europesays.com\/fr\/wp-json\/wp\/v2\/tags?post=509685"}],"curies":[{"name":"wp","href":"https:\/\/api.w.org\/{rel}","templated":true}]}}