{"id":50969,"date":"2025-04-25T05:22:09","date_gmt":"2025-04-25T05:22:09","guid":{"rendered":"https:\/\/www.europesays.com\/fr\/50969\/"},"modified":"2025-04-25T05:22:09","modified_gmt":"2025-04-25T05:22:09","slug":"loire-deux-blesses-dans-un-accident-de-la-circulation-a-saint-etienne","status":"publish","type":"post","link":"https:\/\/www.europesays.com\/fr\/50969\/","title":{"rendered":"Loire. Deux bless\u00e9s dans un accident de la circulation \u00e0 Saint-Etienne"},"content":{"rendered":"<p>Dans la soir\u00e9e de ce jeudi 24 avil, les sapeurs-pompiers de la Loire ont \u00e9t\u00e9 appel\u00e9s pour intervenir notamment sur un accident de la circulation qui venait de se produire au croisement de la rue d&rsquo;Arcole et de la rue Elise-Reclus, \u00e0 Saint-Etienne.<\/p>\n<p>Dans le choc, qui s&rsquo;est produit vers 22h30, deux personnes sur les quatre qui se trouvaient dans les deux v\u00e9hicules ont \u00e9t\u00e9 bless\u00e9es.<\/p>\n<p>Les rues barr\u00e9es le temps de l&rsquo;intervention des secours<\/p>\n<p>Les secours les ont transport\u00e9es dans les diff\u00e9rents h\u00f4pitaux du secteur apr\u00e8s avoir barr\u00e9 les deux art\u00e8res, le temps de l&rsquo;enl\u00e8vement des v\u00e9hicules.<\/p>\n<p>Selon les pompiers, trois v\u00e9hciules en stationnement ont \u00e9t\u00e9 percut\u00e9s lors du choc et des d\u00e9g\u00e2ts sur du mobilier urbain ont \u00e9galement \u00e9t\u00e9 constat\u00e9s.<\/p>\n","protected":false},"excerpt":{"rendered":"Dans la soir\u00e9e de ce jeudi 24 avil, les sapeurs-pompiers de la Loire ont \u00e9t\u00e9 appel\u00e9s pour intervenir&hellip;\n","protected":false},"author":2,"featured_media":50970,"comment_status":"","ping_status":"","sticky":false,"template":"","format":"standard","meta":{"footnotes":""},"categories":[9653],"tags":[119,1111,11,2430,7539,1777,674,274,107,1011,27,3367,12,25,4001],"class_list":{"0":"post-50969","1":"post","2":"type-post","3":"status-publish","4":"format-standard","5":"has-post-thumbnail","7":"category-saint-etienne","8":"tag-accident","9":"tag-actu","10":"tag-actualites","11":"tag-auvergne-rhone-alpes","12":"tag-edition-loire-sud","13":"tag-eu","14":"tag-europe","15":"tag-faits-divers-justice","16":"tag-fil-info","17":"tag-fr","18":"tag-france","19":"tag-loire","20":"tag-news","21":"tag-republique-francaise","22":"tag-saint-etienne"},"share_on_mastodon":{"url":"https:\/\/pubeurope.com\/@fr\/114396931297265558","error":""},"_links":{"self":[{"href":"https:\/\/www.europesays.com\/fr\/wp-json\/wp\/v2\/posts\/50969","targetHints":{"allow":["GET"]}}],"collection":[{"href":"https:\/\/www.europesays.com\/fr\/wp-json\/wp\/v2\/posts"}],"about":[{"href":"https:\/\/www.europesays.com\/fr\/wp-json\/wp\/v2\/types\/post"}],"author":[{"embeddable":true,"href":"https:\/\/www.europesays.com\/fr\/wp-json\/wp\/v2\/users\/2"}],"replies":[{"embeddable":true,"href":"https:\/\/www.europesays.com\/fr\/wp-json\/wp\/v2\/comments?post=50969"}],"version-history":[{"count":0,"href":"https:\/\/www.europesays.com\/fr\/wp-json\/wp\/v2\/posts\/50969\/revisions"}],"wp:featuredmedia":[{"embeddable":true,"href":"https:\/\/www.europesays.com\/fr\/wp-json\/wp\/v2\/media\/50970"}],"wp:attachment":[{"href":"https:\/\/www.europesays.com\/fr\/wp-json\/wp\/v2\/media?parent=50969"}],"wp:term":[{"taxonomy":"category","embeddable":true,"href":"https:\/\/www.europesays.com\/fr\/wp-json\/wp\/v2\/categories?post=50969"},{"taxonomy":"post_tag","embeddable":true,"href":"https:\/\/www.europesays.com\/fr\/wp-json\/wp\/v2\/tags?post=50969"}],"curies":[{"name":"wp","href":"https:\/\/api.w.org\/{rel}","templated":true}]}}