{"id":509700,"date":"2025-11-03T21:38:15","date_gmt":"2025-11-03T21:38:15","guid":{"rendered":"https:\/\/www.europesays.com\/fr\/509700\/"},"modified":"2025-11-03T21:38:15","modified_gmt":"2025-11-03T21:38:15","slug":"line-burquier-retour-au-cyclo-cross-gagnant-apres-des-annees-compliquees-actualite","status":"publish","type":"post","link":"https:\/\/www.europesays.com\/fr\/509700\/","title":{"rendered":"Line Burquier, retour au cyclo-cross gagnant apr\u00e8s \u00ab des ann\u00e9es compliqu\u00e9es \u00bb &#8211; Actualit\u00e9"},"content":{"rendered":"<p style=\"text-align: justify;\"><strong><a href=\"https:\/\/www.directvelo.com\/coureur\/36869\/line-burquier\" target=\"_blank\" rel=\"noopener\">Line Burquier<\/a><\/strong>\u00a0retrouve le cyclo-cross. Apr\u00e8s une longue pause due \u00e0 des soucis personnels, celle qui a repris par le VTT en d\u00e9but d&rsquo;ann\u00e9e retrouve le cyclo-cross avec toujours les m\u00eames qualit\u00e9s. Ce dimanche, <strong><a href=\"https:\/\/www.directvelo.com\/actualite\/125082\/cyclo-cross-uci-de-langres-theo-thomas-1er\" target=\"_blank\" rel=\"noopener\">elle s&rsquo;est impos\u00e9e sur l&rsquo;\u00e9preuve UCI de Langres<\/a><\/strong>. \u00ab\u00a0C&rsquo;est s\u00fbr que \u00e7a fait plaisir de revenir, surtout sur un parcours qui \u00e9tait quand m\u00eame difficile, c&rsquo;est carr\u00e9ment bien. Je reviens tranquillement, mais \u00e7a fait depuis le d\u00e9but de saison en VTT, soit janvier. C&rsquo;\u00e9tait des ann\u00e9es compliqu\u00e9es donc je suis contente de revenir\u00a0\u00bb, r\u00e9sume-t-elle aupr\u00e8s de DirectVelo.<\/p>\n<p>Avec un podium d\u00e9but octobre en VTT, sur l&rsquo;\u00e9preuve de short track de la Coupe du Monde de Lake Placid, en plus de deux autres Top 10, celle qui \u00e9volue avec Trinity Racing a bien entam\u00e9 l&rsquo;automne en s&rsquo;imposant sur un cross en Suisse, avant de triompher en Haute-Marne. \u00ab\u00a0\u00c7a fait du bien de revenir, ce n&rsquo;est pas loin de la maison en plus\u00a0\u00bb. Dans les pentes des remparts de la cit\u00e9 fortifi\u00e9e, l&rsquo;ancienne Championne de France a trouv\u00e9 un parcours original. \u00ab\u00a0On n&rsquo;a pas eu beaucoup de parcours comme \u00e7a, surtout moi qui n&rsquo;ai pas fait de cyclo-cross pendant deux ans\u00a0\u00bb.<\/p>\n<p><strong>\u00ab JE VAIS PRENDRE COMME \u00c7A VA VENIR \u00bb<\/strong><\/p>\n<p>En revanche, un trail disput\u00e9 la veille a bien esquint\u00e9 le parcours, comme l&rsquo;ont constat\u00e9 plusieurs coureurs. \u00ab\u00a0C&rsquo;\u00e9tait surtout boueux, c&rsquo;est dommage qu&rsquo;il y ait eu un trail avec 300 participants qui ont pi\u00e9tin\u00e9 \u00e7a, c&rsquo;\u00e9tait un peu biais\u00e9 car on voyait que ce n&rsquo;\u00e9tait pas trop de la boue naturelle, on voyait que c&rsquo;\u00e9tait labour\u00e9 donc c&rsquo;est dommage, mais sinon c&rsquo;\u00e9tait vraiment bien\u00a0\u00bb, analyse Line Burquier, qui a n\u00e9goci\u00e9 avec son mat\u00e9riel du jour. \u00ab\u00a0Je n&rsquo;avais qu&rsquo;un v\u00e9lo \u00e0 moi, et un autre qui \u00e9tait plut\u00f4t secondaire\u00a0\u00bb, sourit-elle.<\/p>\n<p>Alors la Haut-Savoyarde a jou\u00e9 tactique, et a pr\u00e9f\u00e9r\u00e9 ne pas s&rsquo;encombrer d&rsquo;adversaires, en faisant cavalier seul \u00e0 l&rsquo;avant. \u00ab\u00a0Je voulais pouvoir faire ma course. Sur la partie du fond j&rsquo;\u00e9tais beaucoup plus lente sans mon v\u00e9lo, donc je pr\u00e9f\u00e9rais prendre mon rythme sans avoir \u00e0 subir les \u00e0-coups de quelqu&rsquo;un. C&rsquo;\u00e9tait ce qu&rsquo;il y avait de mieux \u00e0 faire\u00a0\u00bb. Line Burquier a donc la forme au lancement de cette saison de cyclo-cross, mais pour le moment son calendrier reste flou. \u00ab\u00a0Je ne sais pas comment je vais n\u00e9gocier mon hiver, je vais prendre comme \u00e7a va venir\u00a0\u00bb. Mais jusqu&rsquo;ici, tout va bien.<\/p>\n","protected":false},"excerpt":{"rendered":"Line Burquier\u00a0retrouve le cyclo-cross. Apr\u00e8s une longue pause due \u00e0 des soucis personnels, celle qui a repris par&hellip;\n","protected":false},"author":2,"featured_media":509701,"comment_status":"","ping_status":"","sticky":false,"template":"","format":"standard","meta":{"footnotes":""},"categories":[1411],"tags":[834,828,836,829,837,827,83,826,824,823,1154,207,814,817,815,816,822,821,832,211,839,1011,27,820,818,819,835,831,830,833,838,60,212,208,825],"class_list":{"0":"post-509700","1":"post","2":"type-post","3":"status-publish","4":"format-standard","5":"has-post-thumbnail","7":"category-cyclisme","8":"tag-attaque","9":"tag-belgique","10":"tag-braquet","11":"tag-bretagne","12":"tag-chute","13":"tag-competition","14":"tag-coupe-de-france","15":"tag-coureur","16":"tag-course-cyclisme","17":"tag-course-cycliste","18":"tag-cycling","19":"tag-cyclisme","20":"tag-direct","21":"tag-direct-velo","22":"tag-directvelo","23":"tag-directvelo-com","24":"tag-epreuve","25":"tag-epreuve-cycliste","26":"tag-federation-francaise-de-cyclisme","27":"tag-ffc","28":"tag-flandres","29":"tag-fr","30":"tag-france","31":"tag-live","32":"tag-live-course","33":"tag-live-epreuve","34":"tag-peloton","35":"tag-radio-peloton","36":"tag-radio-tour","37":"tag-ravitaillement","38":"tag-relance","39":"tag-sports","40":"tag-uci","41":"tag-velo","42":"tag-velos"},"share_on_mastodon":{"url":"https:\/\/pubeurope.com\/@fr\/115487932721006309","error":""},"_links":{"self":[{"href":"https:\/\/www.europesays.com\/fr\/wp-json\/wp\/v2\/posts\/509700","targetHints":{"allow":["GET"]}}],"collection":[{"href":"https:\/\/www.europesays.com\/fr\/wp-json\/wp\/v2\/posts"}],"about":[{"href":"https:\/\/www.europesays.com\/fr\/wp-json\/wp\/v2\/types\/post"}],"author":[{"embeddable":true,"href":"https:\/\/www.europesays.com\/fr\/wp-json\/wp\/v2\/users\/2"}],"replies":[{"embeddable":true,"href":"https:\/\/www.europesays.com\/fr\/wp-json\/wp\/v2\/comments?post=509700"}],"version-history":[{"count":0,"href":"https:\/\/www.europesays.com\/fr\/wp-json\/wp\/v2\/posts\/509700\/revisions"}],"wp:featuredmedia":[{"embeddable":true,"href":"https:\/\/www.europesays.com\/fr\/wp-json\/wp\/v2\/media\/509701"}],"wp:attachment":[{"href":"https:\/\/www.europesays.com\/fr\/wp-json\/wp\/v2\/media?parent=509700"}],"wp:term":[{"taxonomy":"category","embeddable":true,"href":"https:\/\/www.europesays.com\/fr\/wp-json\/wp\/v2\/categories?post=509700"},{"taxonomy":"post_tag","embeddable":true,"href":"https:\/\/www.europesays.com\/fr\/wp-json\/wp\/v2\/tags?post=509700"}],"curies":[{"name":"wp","href":"https:\/\/api.w.org\/{rel}","templated":true}]}}