{"id":509712,"date":"2025-11-03T21:45:18","date_gmt":"2025-11-03T21:45:18","guid":{"rendered":"https:\/\/www.europesays.com\/fr\/509712\/"},"modified":"2025-11-03T21:45:18","modified_gmt":"2025-11-03T21:45:18","slug":"une-suite-bizarroide-du-super-film-dhorreur-arrive-et-ca-donne-moyen-envie","status":"publish","type":"post","link":"https:\/\/www.europesays.com\/fr\/509712\/","title":{"rendered":"une suite bizarro\u00efde du super film d&rsquo;horreur arrive, et \u00e7a donne moyen envie"},"content":{"rendered":"<p><strong><a href=\"https:\/\/www.ecranlarge.com\/films\/1464754-talk-to-me\" data-type=\"films\" data-id=\"795455\" rel=\"nofollow noopener\" target=\"_blank\">La Main<\/a>, premier film d\u2019horreur de <a href=\"https:\/\/www.ecranlarge.com\/personnalite\/1464749-danny-philippou\" data-type=\"people\" data-id=\"646219\" rel=\"nofollow noopener\" target=\"_blank\">Danny<\/a> et <a href=\"https:\/\/www.ecranlarge.com\/personnalite\/1464748-michael-philippou\" data-type=\"people\" data-id=\"646218\" rel=\"nofollow noopener\" target=\"_blank\">Michael Phillipou<\/a>,\u00a0va avoir droit \u00e0 sa suite. Mais s\u00fbrement pas comme vous l\u2019imaginez.<\/strong><\/p>\n<p><strong>Companion<\/strong>, <strong>\u00c9vanouis<\/strong>, <strong>Marche ou cr\u00e8ve<\/strong>, <strong>Sinners<\/strong>\u2026 Ce n\u2019est pas parce qu\u2019on sort d\u2019Halloween qu\u2019on le dit, mais 2025 aura \u00e9t\u00e9 une grosse ann\u00e9e pour l\u2019horreur. Et pour les fans du genre, le second long-m\u00e9trage des fr\u00e8res<strong> <\/strong>Danny et Michael Phillipou, <a href=\"https:\/\/www.ecranlarge.com\/films\/bring-her-back\" data-type=\"films\" data-id=\"1290432\" rel=\"nofollow noopener\" target=\"_blank\"><strong>Substitution : Bring Her Back<\/strong><\/a> aura sans doute une place de choix dans le top de l\u2019ann\u00e9e. L\u2019\u0153uvre a en tout cas conquis et cueilli la r\u00e9daction d\u2019\u00c9cran Large.<\/p>\n<p>                    <img decoding=\"async\" alt=\"\" class=\"wp-image-518375\" style=\"object-fit:cover;width:25px;height:25px\" src=\"https:\/\/www.ecranlarge.com\/content\/uploads\/2023\/09\/arrow-right-circle.svg\"\/><\/p>\n<p>La surprise fut d\u2019autant plus belle que l\u2019attente \u00e9tait grande apr\u00e8s une premi\u00e8re r\u00e9alisation d\u00e9j\u00e0 tr\u00e8s remarqu\u00e9e, <strong>La Main<\/strong>, sortie en 2022 (par A24 aux \u00c9tats-Unis, notamment), qui avait amass\u00e9 92 millions de dollars de recettes pour un budget de 4,5 millions. Est-ce parce que leur second film n\u2019a pas eu le succ\u00e8s de leur coup d\u2019essai (seulement 39 millions de dollars de recettes avec un budget de 15 pour <strong>Substitution : Bring Her Back<\/strong>) ? <strong>Les fr\u00e8res australiens reviennent en tout cas sur ce premier projet pour composer leur suivant. Et le concept est pour le moins surprenant. <\/strong><\/p>\n<p><a href=\"https:\/\/www.ecranlarge.com\/content\/uploads\/2023\/07\/la-main-photo-1484206.jpg\" rel=\"nofollow noopener\" target=\"_blank\"><img loading=\"lazy\" decoding=\"async\" alt=\"La Main : photo\" class=\"wp-image-285911\" src=\"https:\/\/www.europesays.com\/fr\/wp-content\/uploads\/2025\/11\/la-main-photo-1484206-630x382.jpg\" width=\"630\" height=\"382\"  \/><\/a>Il est pas mignon ce gros c\u00e2lin ?L\u2019HORREUR \u00c0 PORT\u00c9E DE MAIN<\/p>\n<p>Dans un article du 30 octobre, Variety rapporte que <strong>le prochain chantier des Philippou\u00a0est un spin-off de La Main, encore sans nom, en partenariat avec Meta et XRTV<\/strong> : une s\u00e9rie de 6 \u00e9pisodes de 30 minutes reprenant le concept horrifique avec la technologie \u00ab\u00a0XR immersive\u00a0\u00bb. Le pitch : \u00ab Un groupe de jeunes voyageurs est \u00e0 la recherche de la f\u00eate ultime sur une \u00eele europ\u00e9enne. Jusqu\u2019\u00e0 ce qu\u2019ils d\u00e9couvrent la Main, une exp\u00e9rience surnaturelle plus mortelle que n\u2019importe quelle drogue. \u00bb Les fr\u00e8res ne seront que producteurs sur le projet. Les 6 \u00e9pisodes seront \u00e9crits par Trent Atherton (<strong>The Wheel<\/strong>) et r\u00e9alis\u00e9s par\u00a0Craig William Macneill (<strong>The Boy, Lizzie<\/strong>). <\/p>\n<p><strong>Tourn\u00e9e en 3D, la s\u00e9rie sera en premier lieu destin\u00e9e \u00e0 \u00eatre regard\u00e9e (jou\u00e9e ?) avec un casque Meta<\/strong> pour \u00eatre \u00ab immerg\u00e9 dans l\u2019histoire \u00bb. Les coproducteurs, XRTV, sont une soci\u00e9t\u00e9 qui se concentre sur les contenus immersifs comme la 3D, la VR et donc la XR (Extended Reality) : \u00ab cette id\u00e9e que nous pouvons maintenant cartographier l\u2019histoire dans votre propre espace afin que vous ayez l\u2019impression d\u2019y \u00eatre. \u00bb La question sera donc de savoir si un nombre suffisamment grand de curieux ira jusqu\u2019\u00e0 acheter le casque Meta pour se pr\u00eater \u00e0 l\u2019exp\u00e9rience. <\/p>\n<p><a href=\"https:\/\/www.ecranlarge.com\/content\/uploads\/2023\/08\/la-main-un-autre-film-a-deja-ete-tourne-et-devrait-arriver-tres-vite-sophie-wilde-1485498.jpg\" rel=\"nofollow noopener\" target=\"_blank\"><img loading=\"lazy\" decoding=\"async\" alt=\"La Main : un autre film a d\u00e9j\u00e0 \u00e9t\u00e9 tourn\u00e9 et devrait arriver tr\u00e8s vite, Sophie Wilde\" class=\"wp-image-286483\" src=\"https:\/\/www.europesays.com\/fr\/wp-content\/uploads\/2025\/11\/la-main-un-autre-film-a-deja-ete-tourne-et-devrait-arriver-tres-vite-sophie-wilde-1485498-630x295.jp.jpeg\" width=\"630\" height=\"295\"  \/><\/a>\u00ab Regarder la t\u00e9l\u00e9 trop pr\u00e8s endommage les yeux. \u00bb Les ados qui utilisent la VR aujourd\u2019hui :<\/p>\n<p>D\u2019une certaine mani\u00e8re, cet int\u00e9r\u00eat des Philippou pour un projet o\u00f9 le cin\u00e9ma se d\u00e9veloppe sur d\u2019autres canaux n\u2019est pas \u00e9tonnant. Les deux Australiens ont commenc\u00e9 leur carri\u00e8re de r\u00e9alisateurs sur Youtube avant d\u2019investir le cin\u00e9ma plus classique. <strong>Leur cha\u00eene RackaRacka, mettait en sc\u00e8ne des parodies de personnages de la pop culture<\/strong>, comme Ronald McDonald ou Naruto, dans des vid\u00e9os o\u00f9 l\u2019esth\u00e9tique \u00e0 la fois tr\u00e8s DIY (Do It Yourself) et assez impressionnante, si on consid\u00e8re le budget minimal de ces \u0153uvres, rassemblait les foules (jusqu\u2019\u00e0 91 millions de vues sur leur Ronald McDonald Tastes Burger King).<\/p>\n<p>Pour la suite, les fr\u00e8res Philippou avaient dit travailler \u00e0 <strong>un documentaire consacr\u00e9 au deathmatch wrestling, le catch hardcore<\/strong> dont on n\u2019a pas encore de nouvelles. Et on n\u2019abandonne pas l\u2019id\u00e9e de voir un jour une suite officielle \u00e0 <strong>La Main<\/strong>, m\u00eame si le projet, selon leurs derniers dires, n\u2019\u00e9tait pas pr\u00eat d\u2019arriver. <\/p>\n","protected":false},"excerpt":{"rendered":"La Main, premier film d\u2019horreur de Danny et Michael Phillipou,\u00a0va avoir droit \u00e0 sa suite. Mais s\u00fbrement pas&hellip;\n","protected":false},"author":2,"featured_media":509713,"comment_status":"","ping_status":"","sticky":false,"template":"","format":"standard","meta":{"footnotes":""},"categories":[1354],"tags":[58,59,1346,1011,27,1360],"class_list":{"0":"post-509712","1":"post","2":"type-post","3":"status-publish","4":"format-standard","5":"has-post-thumbnail","7":"category-films","8":"tag-divertissement","9":"tag-entertainment","10":"tag-films","11":"tag-fr","12":"tag-france","13":"tag-movies"},"share_on_mastodon":{"url":"https:\/\/pubeurope.com\/@fr\/115487961102666613","error":""},"_links":{"self":[{"href":"https:\/\/www.europesays.com\/fr\/wp-json\/wp\/v2\/posts\/509712","targetHints":{"allow":["GET"]}}],"collection":[{"href":"https:\/\/www.europesays.com\/fr\/wp-json\/wp\/v2\/posts"}],"about":[{"href":"https:\/\/www.europesays.com\/fr\/wp-json\/wp\/v2\/types\/post"}],"author":[{"embeddable":true,"href":"https:\/\/www.europesays.com\/fr\/wp-json\/wp\/v2\/users\/2"}],"replies":[{"embeddable":true,"href":"https:\/\/www.europesays.com\/fr\/wp-json\/wp\/v2\/comments?post=509712"}],"version-history":[{"count":0,"href":"https:\/\/www.europesays.com\/fr\/wp-json\/wp\/v2\/posts\/509712\/revisions"}],"wp:featuredmedia":[{"embeddable":true,"href":"https:\/\/www.europesays.com\/fr\/wp-json\/wp\/v2\/media\/509713"}],"wp:attachment":[{"href":"https:\/\/www.europesays.com\/fr\/wp-json\/wp\/v2\/media?parent=509712"}],"wp:term":[{"taxonomy":"category","embeddable":true,"href":"https:\/\/www.europesays.com\/fr\/wp-json\/wp\/v2\/categories?post=509712"},{"taxonomy":"post_tag","embeddable":true,"href":"https:\/\/www.europesays.com\/fr\/wp-json\/wp\/v2\/tags?post=509712"}],"curies":[{"name":"wp","href":"https:\/\/api.w.org\/{rel}","templated":true}]}}