{"id":509725,"date":"2025-11-03T21:52:13","date_gmt":"2025-11-03T21:52:13","guid":{"rendered":"https:\/\/www.europesays.com\/fr\/509725\/"},"modified":"2025-11-03T21:52:13","modified_gmt":"2025-11-03T21:52:13","slug":"leditorial-de-vincent-tremolet-de-villers-refus-dobtemperer-haine-du-flic-et-mepris-de-la-france-le-figaro","status":"publish","type":"post","link":"https:\/\/www.europesays.com\/fr\/509725\/","title":{"rendered":"L\u2019\u00e9ditorial de Vincent Tr\u00e9molet de Villers : \u00abRefus d\u2019obtemp\u00e9rer, haine du flic et m\u00e9pris de la France\u00bb &#8211; Le Figaro"},"content":{"rendered":"<ol>\n<li><a href=\"https:\/\/news.google.com\/rss\/articles\/CBMi2wFBVV95cUxPS3dSQlFUVVlDYzJ0bXB2TnZ3SW5zTHNhSS1vZHBnemstWlE5QUlDWVNOcW8tWWEwSkp1X2xhUXJ0ZTc2QXJOUnM3MXdCQmhVOWxmamJxNXdWcE1zcG5ZMDVyVk5wTktNZGtTVEwxNjZMYXVIZnlEbWdURGZjYW1ISGRSUjVSNzh2WFJ1ZmZtUzFVNENBazlLR1BpRF9NaEM0UlN4WVNxT0FBVHpVWHBCQ3puZER5NndBN0RfeWZqQ3dUdHdMbWp5X3dfVjdmRmtHdnA2QUtncXllcGc?oc=5\" target=\"_blank\" rel=\"noopener\">L\u2019\u00e9ditorial de Vincent Tr\u00e9molet de Villers : \u00abRefus d\u2019obtemp\u00e9rer, haine du flic et m\u00e9pris de la France\u00bb<\/a>&nbsp;&nbsp;Le Figaro<\/li>\n<li><a href=\"https:\/\/news.google.com\/rss\/articles\/CBMihAJBVV95cUxONE9rUm5FWFp3WVBKbHIyUnZUcG9ZSTVfd0VrbDd3YWRxX3hnTDNqZ1hQMUtMRnk5Q2lDR2JLakxpZWNSNWVFLWRjWXF3MVdSMEU2MmpHOWRhNUR1c1NQT0hoQk1Gdk9SejNxaGhpRUxrcHlSb25jcnZuYXZ6X19LWEt2Z0wyV2o5RHZHb21fanlQWmJyRGRiTGJrSUpxMlJFSUM5Q3RnVm9QR1BLNGtuVUpWYnRXSG1ReGV6R2R3OFRCSFlSVUpDZVl6SlBYMFRReWx1a0E0b2N0LUU3YmdibUhiNmJNbUxOeUt4UnRhMEZpRkpNNUxxdUFfaTF2N2o0VzBDUA?oc=5\" target=\"_blank\" rel=\"noopener\">Lille : un chauffard plac\u00e9 en d\u00e9tention provisoire apr\u00e8s avoir tu\u00e9 en \u00e9tudiant lors d&rsquo;un refus d&rsquo;obtemp\u00e9rer<\/a>&nbsp;&nbsp;Portail Orange<\/li>\n<li><a href=\"https:\/\/news.google.com\/rss\/articles\/CBMijgJBVV95cUxPRXlaVW10ZjhYXy1Ib3lKdGp1cjJMLVdqY1p3S044SHlzRDVrUTFvTFF0UzRLTmdnel8wRzdISDUzREZyTnpiY1JSd1pVWTNJRFJxTjJHRzRvUms5bm1NXzFUeVVRZFV4VTlFZGFiYnJmenk0bnV4QkZhLWZTd0NUYkJ5MGZOMVBPLVJaTGN3ZENQeEVYVENpUVU4TUNnU3pDdjNiNnF5VlpaXzZmNmR5aVlITmRMcDI3WkFsNkcwUnNDQXhUY0kxVTNqN3MzWHFQZWVXZDR1T2Q0Q2Y2OUVtTTBrSTB5TmFzbkhsMmJhNjUwbW9TcmZMUzJ2a1gwcEdaakNHeDFNWmdrLWl3bEE?oc=5\" target=\"_blank\" rel=\"noopener\">Ce que l\u2019on sait de la mort de Mathis, 19 ans, fauch\u00e9 par un automobiliste qui fuyait la police \u00e0 Lille<\/a>&nbsp;&nbsp;Le Parisien<\/li>\n<li><a href=\"https:\/\/news.google.com\/rss\/articles\/CBMiiAJBVV95cUxNQXc5V1RYUko1bVUtV1pwS2ZTeUliR0pJZmE3VTQybWtQRjVxU1k1OHozaVBzaU1ybFNDaFZ1SmdlS09hVzZaU2w3bUl2dnNhVDJBcG5KVXh3ZjkyVkdvcjdwcTFidXlrckx2SFNwRUpVUThuTFhQd3hZbl9welRZX1BBVFpzZjRhY3BrYjhFRjBxOFdjRlJCU2VOaUt4TkRpT21GWlZGenFMZUcxNEtPUUZTS01CbVlWTXZqQTR4ZjdIYWxWX1VKblNHVkpGOEtjYnMyUVprVVJlbXA4UW02WWFXdDFpQkNRZ1VNa3ZRNWxHUDdBWTFxWUlSWE5wdFo2V1daZkUyNnM?oc=5\" target=\"_blank\" rel=\"noopener\">Chauffard \u00ab\u00a0connu\u00a0\u00bb, profil de la victime&#8230; Ce que l&rsquo;on sait du refus d&rsquo;obtemp\u00e9rer qui a co\u00fbt\u00e9 la vie \u00e0 un jeune homme \u00e0 Lille<\/a>&nbsp;&nbsp;BFMTV<\/li>\n<li><a href=\"https:\/\/news.google.com\/rss\/articles\/CBMinwJBVV95cUxPVno0cnJYdk5laXhkRndWd01SRGFCbEJXSHdWd3FVeVlWcDl3dHNwZzZvSUdaZ0ZIU3BVZ3B5QlkzTGpUeEU1dm0tMlR3dXdZNU03RWNaNFBzX0JGSU0tT3M4Y1ZuWS1sVU83OHdxbGh3UzBJWVM0Q1l5UHpEZ2tOc0NfSXB1ZnlObFU0cUN5eDNTV2ZvYi0yeU9IR003dEhOUmJ0b2I1NmhNUkJHQS0zNGhXSnVIT0hYbDQ4QjZoblNpekNwZEstQnNldkdwM2plT2tVcTk5M0JVaEpYU2lpLWs1cnhzdHM3d09nNFVkUUhROVlRaDg2MHdzSjVqWUZXSkk4VUNfTFlKMlJHRzZRbUVhUzNwOWFfcVhvMnBCOA?oc=5\" target=\"_blank\" rel=\"noopener\">\u00ab\u00a0Il n&rsquo;aurait jamais d\u00fb se retrouver en libert\u00e9\u00a0\u00bb : la m\u00e8re de l&rsquo;\u00e9tudiant lillois tu\u00e9 par un chauffard d\u00e9nonce sur RTL \u00ab\u00a0des failles\u00a0\u00bb de la justice<\/a>&nbsp;&nbsp;RTL.fr<\/li>\n<\/ol>\n","protected":false},"excerpt":{"rendered":"L\u2019\u00e9ditorial de Vincent Tr\u00e9molet de Villers : \u00abRefus d\u2019obtemp\u00e9rer, haine du flic et m\u00e9pris de la France\u00bb&nbsp;&nbsp;Le Figaro&hellip;\n","protected":false},"author":2,"featured_media":509726,"comment_status":"","ping_status":"","sticky":false,"template":"","format":"standard","meta":{"footnotes":""},"categories":[4],"tags":[11,8425,1011,27,2825,12,25],"class_list":{"0":"post-509725","1":"post","2":"type-post","3":"status-publish","4":"format-standard","5":"has-post-thumbnail","7":"category-france","8":"tag-actualites","9":"tag-editorial-figaro","10":"tag-fr","11":"tag-france","12":"tag-insecurite","13":"tag-news","14":"tag-republique-francaise"},"share_on_mastodon":{"url":"https:\/\/pubeurope.com\/@fr\/115487987770762691","error":""},"_links":{"self":[{"href":"https:\/\/www.europesays.com\/fr\/wp-json\/wp\/v2\/posts\/509725","targetHints":{"allow":["GET"]}}],"collection":[{"href":"https:\/\/www.europesays.com\/fr\/wp-json\/wp\/v2\/posts"}],"about":[{"href":"https:\/\/www.europesays.com\/fr\/wp-json\/wp\/v2\/types\/post"}],"author":[{"embeddable":true,"href":"https:\/\/www.europesays.com\/fr\/wp-json\/wp\/v2\/users\/2"}],"replies":[{"embeddable":true,"href":"https:\/\/www.europesays.com\/fr\/wp-json\/wp\/v2\/comments?post=509725"}],"version-history":[{"count":0,"href":"https:\/\/www.europesays.com\/fr\/wp-json\/wp\/v2\/posts\/509725\/revisions"}],"wp:featuredmedia":[{"embeddable":true,"href":"https:\/\/www.europesays.com\/fr\/wp-json\/wp\/v2\/media\/509726"}],"wp:attachment":[{"href":"https:\/\/www.europesays.com\/fr\/wp-json\/wp\/v2\/media?parent=509725"}],"wp:term":[{"taxonomy":"category","embeddable":true,"href":"https:\/\/www.europesays.com\/fr\/wp-json\/wp\/v2\/categories?post=509725"},{"taxonomy":"post_tag","embeddable":true,"href":"https:\/\/www.europesays.com\/fr\/wp-json\/wp\/v2\/tags?post=509725"}],"curies":[{"name":"wp","href":"https:\/\/api.w.org\/{rel}","templated":true}]}}