{"id":509729,"date":"2025-11-03T21:54:29","date_gmt":"2025-11-03T21:54:29","guid":{"rendered":"https:\/\/www.europesays.com\/fr\/509729\/"},"modified":"2025-11-03T21:54:29","modified_gmt":"2025-11-03T21:54:29","slug":"le-chambon-feugerolles-a-lecole-lamartine-des-parents-se-mobilisent-pour-le-voyage-des-eleves","status":"publish","type":"post","link":"https:\/\/www.europesays.com\/fr\/509729\/","title":{"rendered":"Le Chambon-Feugerolles. \u00c0 l\u2019\u00e9cole Lamartine, des parents se mobilisent pour le voyage des \u00e9l\u00e8ves"},"content":{"rendered":"<p>En ce jour de vacances de la Toussaint, deux mamans, Nouara Zebar et Sophie Escot, se tenaient devant le groupe scolaire de la Malafolie au Chambon-Feugerolles, pr\u00eates \u00e0 expliquer leur d\u00e9marche. Elles sont repr\u00e9sentantes des 11 parents d\u2019\u00e9l\u00e8ves de petit groupe scolaire, dont les trois classes \u00e0 deux niveaux de primaire chacune, rassemblent 43 enfants.<\/p>\n<p>\u00ab\u00a0Les ma\u00eetresses sont tr\u00e8s motiv\u00e9es\u00a0\u00bb<\/p>\n<p>Si le b\u00e2timent de l\u2019ext\u00e9rieur para\u00eet un peu vieillot, cette&#8230;<\/p>\n","protected":false},"excerpt":{"rendered":"En ce jour de vacances de la Toussaint, deux mamans, Nouara Zebar et Sophie Escot, se tenaient devant&hellip;\n","protected":false},"author":2,"featured_media":509730,"comment_status":"","ping_status":"","sticky":false,"template":"","format":"standard","meta":{"footnotes":""},"categories":[9653],"tags":[1111,11,2430,12162,7539,1057,1777,674,1011,27,12161,10425,12,25,4001],"class_list":{"0":"post-509729","1":"post","2":"type-post","3":"status-publish","4":"format-standard","5":"has-post-thumbnail","7":"category-saint-etienne","8":"tag-actu","9":"tag-actualites","10":"tag-auvergne-rhone-alpes","11":"tag-chambon-feugerolles-ville","12":"tag-edition-loire-sud","13":"tag-education","14":"tag-eu","15":"tag-europe","16":"tag-fr","17":"tag-france","18":"tag-le-chambon-feugerolles","19":"tag-maternelle-elementaire","20":"tag-news","21":"tag-republique-francaise","22":"tag-saint-etienne"},"share_on_mastodon":{"url":"https:\/\/pubeurope.com\/@fr\/115487995704970288","error":""},"_links":{"self":[{"href":"https:\/\/www.europesays.com\/fr\/wp-json\/wp\/v2\/posts\/509729","targetHints":{"allow":["GET"]}}],"collection":[{"href":"https:\/\/www.europesays.com\/fr\/wp-json\/wp\/v2\/posts"}],"about":[{"href":"https:\/\/www.europesays.com\/fr\/wp-json\/wp\/v2\/types\/post"}],"author":[{"embeddable":true,"href":"https:\/\/www.europesays.com\/fr\/wp-json\/wp\/v2\/users\/2"}],"replies":[{"embeddable":true,"href":"https:\/\/www.europesays.com\/fr\/wp-json\/wp\/v2\/comments?post=509729"}],"version-history":[{"count":0,"href":"https:\/\/www.europesays.com\/fr\/wp-json\/wp\/v2\/posts\/509729\/revisions"}],"wp:featuredmedia":[{"embeddable":true,"href":"https:\/\/www.europesays.com\/fr\/wp-json\/wp\/v2\/media\/509730"}],"wp:attachment":[{"href":"https:\/\/www.europesays.com\/fr\/wp-json\/wp\/v2\/media?parent=509729"}],"wp:term":[{"taxonomy":"category","embeddable":true,"href":"https:\/\/www.europesays.com\/fr\/wp-json\/wp\/v2\/categories?post=509729"},{"taxonomy":"post_tag","embeddable":true,"href":"https:\/\/www.europesays.com\/fr\/wp-json\/wp\/v2\/tags?post=509729"}],"curies":[{"name":"wp","href":"https:\/\/api.w.org\/{rel}","templated":true}]}}