{"id":509733,"date":"2025-11-03T21:56:33","date_gmt":"2025-11-03T21:56:33","guid":{"rendered":"https:\/\/www.europesays.com\/fr\/509733\/"},"modified":"2025-11-03T21:56:33","modified_gmt":"2025-11-03T21:56:33","slug":"nancy-plus-de-3-000-boules-de-noel-des-commercants-pretes-pour-la-fin-dannee","status":"publish","type":"post","link":"https:\/\/www.europesays.com\/fr\/509733\/","title":{"rendered":"Nancy. Plus de 3 000 boules de No\u00ebl des commer\u00e7ants\u00a0pr\u00eates pour la fin d&rsquo;ann\u00e9e"},"content":{"rendered":"<p>Ce fut une premi\u00e8re l\u2019an dernier, et <a href=\"https:\/\/www.estrepublicain.fr\/economie\/2024\/12\/06\/les-boules-de-noel-estampillees-nancy-font-fureur\" target=\"_blank\" rel=\"noopener\">un succ\u00e8s imm\u00e9diat qui aura pris tout le monde de court\u00a0: les boules de No\u00ebl propos\u00e9es lors des f\u00eates de fin d\u2019ann\u00e9e par l\u2019association de commer\u00e7ants Les Vitrines de Nancy, sur le Village de la Saint-Nicolas, s\u2019\u00e9taient vendues comme des cornets de glaces en pleine canicule.<\/a> Au point qu\u2019un r\u00e9assort avait d\u00fb \u00eatre assur\u00e9 apr\u00e8s \u00e9puisement du stock.<\/p>\n<p>Les 480 boules (noires ou blanches) avaient trouv\u00e9 preneur d\u00e8s le premier jour du march\u00e9, pour 10,50\u00a0\u20ac l\u2019unit\u00e9.<\/p>\n<p>Cette fois, pour ce No\u00ebl 2025 et les f\u00eates de la Saint-Nicolas qui seront lanc\u00e9es le 21\u00a0novembre, les Vitrines de Nancy ont pr\u00e9vu le coup\u00a0: 3\u00a0000 nouvelles boules ont \u00e9t\u00e9 fabriqu\u00e9es, et attendent sagement dans leurs bo\u00eetes.\u00a0\u00a0<\/p>\n<p>Cette ann\u00e9e, elles seront rouges ou dor\u00e9es, et offriront en dessin un clin d\u2019\u0153il \u00e0 <a href=\"https:\/\/www.estrepublicain.fr\/culture-loisirs\/2024\/06\/13\/metro-folies-2025-va-celebrer-les-100-ans-de-l-art-deco\" target=\"_blank\" rel=\"noopener\">l\u2019Art D\u00e9co, dont le centenaire <\/a><a href=\"https:\/\/www.estrepublicain.fr\/culture-loisirs\/2024\/06\/13\/metro-folies-2025-va-celebrer-les-100-ans-de-l-art-deco\" target=\"_blank\" rel=\"noopener\">est f\u00eat\u00e9 cette ann\u00e9e dans tout Nancy\u2026<\/a><\/p>\n","protected":false},"excerpt":{"rendered":"Ce fut une premi\u00e8re l\u2019an dernier, et un succ\u00e8s imm\u00e9diat qui aura pris tout le monde de court\u00a0:&hellip;\n","protected":false},"author":2,"featured_media":509734,"comment_status":"","ping_status":"","sticky":false,"template":"","format":"standard","meta":{"footnotes":""},"categories":[9635],"tags":[1111,11,4406,33,1704,1777,674,1011,27,775,1702,1703,12,25],"class_list":{"0":"post-509733","1":"post","2":"type-post","3":"status-publish","4":"format-standard","5":"has-post-thumbnail","7":"category-nancy","8":"tag-actu","9":"tag-actualites","10":"tag-commerce-et-services","11":"tag-economie","12":"tag-edition-nancy-et-agglomeration","13":"tag-eu","14":"tag-europe","15":"tag-fr","16":"tag-france","17":"tag-grand-est","18":"tag-nancy","19":"tag-nancy-ville-54b","20":"tag-news","21":"tag-republique-francaise"},"share_on_mastodon":{"url":"https:\/\/pubeurope.com\/@fr\/115488003517233780","error":""},"_links":{"self":[{"href":"https:\/\/www.europesays.com\/fr\/wp-json\/wp\/v2\/posts\/509733","targetHints":{"allow":["GET"]}}],"collection":[{"href":"https:\/\/www.europesays.com\/fr\/wp-json\/wp\/v2\/posts"}],"about":[{"href":"https:\/\/www.europesays.com\/fr\/wp-json\/wp\/v2\/types\/post"}],"author":[{"embeddable":true,"href":"https:\/\/www.europesays.com\/fr\/wp-json\/wp\/v2\/users\/2"}],"replies":[{"embeddable":true,"href":"https:\/\/www.europesays.com\/fr\/wp-json\/wp\/v2\/comments?post=509733"}],"version-history":[{"count":0,"href":"https:\/\/www.europesays.com\/fr\/wp-json\/wp\/v2\/posts\/509733\/revisions"}],"wp:featuredmedia":[{"embeddable":true,"href":"https:\/\/www.europesays.com\/fr\/wp-json\/wp\/v2\/media\/509734"}],"wp:attachment":[{"href":"https:\/\/www.europesays.com\/fr\/wp-json\/wp\/v2\/media?parent=509733"}],"wp:term":[{"taxonomy":"category","embeddable":true,"href":"https:\/\/www.europesays.com\/fr\/wp-json\/wp\/v2\/categories?post=509733"},{"taxonomy":"post_tag","embeddable":true,"href":"https:\/\/www.europesays.com\/fr\/wp-json\/wp\/v2\/tags?post=509733"}],"curies":[{"name":"wp","href":"https:\/\/api.w.org\/{rel}","templated":true}]}}