{"id":509736,"date":"2025-11-03T21:59:14","date_gmt":"2025-11-03T21:59:14","guid":{"rendered":"https:\/\/www.europesays.com\/fr\/509736\/"},"modified":"2025-11-03T21:59:14","modified_gmt":"2025-11-03T21:59:14","slug":"metz-handball-a-toulon-pour-rebondir","status":"publish","type":"post","link":"https:\/\/www.europesays.com\/fr\/509736\/","title":{"rendered":"Metz Handball \u00e0 Toulon pour rebondir"},"content":{"rendered":"<p>\t\t\t\t\t64<\/p>\n<p><strong>Leader du championnat avec Brest, Metz Handball se d\u00e9place ce mercredi \u00e0 Toulon pour la 8e journ\u00e9e de Ligue Butagaz Energie dans l\u2019objectif de se relancer apr\u00e8s sa d\u00e9faite \u00e0 Gy\u00f6r<\/strong>. <\/p>\n<p>Samedi dernier, Metz est tomb\u00e9 sur un os face \u00e0 Gy\u00f6r et s\u2019est inclin\u00e9 en phase r\u00e9guli\u00e8re de Ligue des Champions pour la premi\u00e8re fois en plus d\u2019un an. Ce revers a mis en lumi\u00e8re <a href=\"https:\/\/letsgometz.com\/apres-la-defaite-a-gyor-quelle-suite-pour-metz-handball\/\" target=\"_blank\" rel=\"noreferrer noopener\">les limites actuelles de l\u2019\u00e9quipe face aux championnes d\u2019Europe en titre<\/a>.  En d\u00e9placement \u00e0 Toulon, Metz Handball cherchent donc \u00e0 retrouver une nouvelle dynamique face \u00e0 une \u00e9quipe varoise en progression.  <\/p>\n<p>Toulon, entre progr\u00e8s sportifs et incertitudes financi\u00e8res<\/p>\n<p>Toulon Var M\u00e9tropole Handball occupe actuellement la sixi\u00e8me place du championnat avec quatre victoires en sept journ\u00e9es, dont deux significatives face \u00e0 Besan\u00e7on et Paris 92. Apr\u00e8s des saisons compliqu\u00e9es, Toulon affiche un d\u00e9but de championnat encourageant.<\/p>\n<p>Mais Toulon a v\u00e9cu un v\u00e9ritable tournant en avril dernier. Alors que l\u2019\u00e9quipe occupait la derni\u00e8re place du classement, <a href=\"https:\/\/dicodusport.fr\/blog\/remi-faugeres-toulon-var-metropole-handball-aller-chercher-une-place-interessante-en-championnat\/\" target=\"_blank\" rel=\"noopener\">R\u00e9mi <\/a><a href=\"https:\/\/dicodusport.fr\/blog\/remi-faugeres-toulon-var-metropole-handball-aller-chercher-une-place-interessante-en-championnat\/\" target=\"_blank\" rel=\"noreferrer noopener\">F<\/a><a href=\"https:\/\/dicodusport.fr\/blog\/remi-faugeres-toulon-var-metropole-handball-aller-chercher-une-place-interessante-en-championnat\/\" target=\"_blank\" rel=\"noopener\">augeres, jusque-l\u00e0 adjoint, en a pris les commandes<\/a>. Sous sa direction, le groupe a encha\u00een\u00e9 les victoires, assurant ainsi son maintien in extremis. Depuis, Toulon a nettement progress\u00e9 dans le jeu et s\u2019inscrit d\u00e9sormais dans une dynamique positive autour d\u2019un projet clairement d\u00e9fini. Cette s\u00e9rie a marqu\u00e9 le d\u00e9but d\u2019une nouvelle \u00e8re. <\/p>\n<p>Aujourd\u2019hui, Toulon semble avoir trouv\u00e9 une stabilit\u00e9 sportive port\u00e9e par un projet coh\u00e9rent auquel le collectif adh\u00e8re. D\u2019ailleurs, ce dernier peut compter sur des leaders offensifs comme <strong>Mari Finstad Bergum<\/strong> (39 buts en 69 tentatives), l\u2019internationale portugaise <strong>Beatriz sousa<\/strong> (29\/56) et<strong> Louise Cavani\u00e9<\/strong> (25\/36). \u00c0 ce trio, se rajoute <strong>Thea Stankiewicz<\/strong> (24\/42) qui se relance apr\u00e8s deux saisons plus ou moins contrast\u00e9e \u00e0 S\u00e4vehof. Ces joueuses permettent actuellement de stabiliser ce niveau de comp\u00e9titivit\u00e9.<\/p>\n<p><img fetchpriority=\"high\" decoding=\"async\" width=\"1200\" height=\"800\" src=\"https:\/\/www.europesays.com\/fr\/wp-content\/uploads\/2025\/11\/IMG_0220-1200x800.jpeg\" alt=\"\" class=\"wp-image-109802\"  \/><\/p>\n<p>Malgr\u00e9 tout, c\u2019est sur un autre terrain que la survie de Toulon se joue. <a href=\"https:\/\/www.nicematin.com\/sports\/nous-sommes-tous-sur-le-pont-en-deficit-le-toulon-metropole-var-handball-a-quinze-jours-pour-survivre-10654392\" target=\"_blank\" rel=\"noreferrer noopener\">La structure traverse une crise financi\u00e8re, cons\u00e9quence directe des ing\u00e9rences pass\u00e9es<\/a>. En d\u00e9pit de ces contraintes, le club s\u2019efforce de rester comp\u00e9titif en poursuivant son projet sportif, mais la fragilit\u00e9 \u00e9conomique reste un d\u00e9fi majeur et met en danger son existence m\u00eame. Ce contexte d\u00e9l\u00e9t\u00e8re n\u2019emp\u00eache toutefois pas Toulon d\u2019\u00eatre un pi\u00e8ge pour Metz Handball, surtout entre deux d\u00e9placements europ\u00e9ens qui limitent la pr\u00e9paration du champion de France.<\/p>\n<p>Metz Handball reste favoris avec la densit\u00e9 de son banc<\/p>\n<p>Malgr\u00e9 la menace que peut repr\u00e9senter Toulon, Metz Handball conserve son statut de favori gr\u00e2ce \u00e0 la densit\u00e9 de son banc et \u00e0 ses leaders. En attaque, <strong>L\u00e9na Grandveau<\/strong> et <strong>Petra V\u00e1mos<\/strong>\u00a0continue de faire la diff\u00e9rence avec une <strong>Sarah Bouktit<\/strong> qui brille \u00e0 la fois en attaque et en d\u00e9fense. Mais des joueuses en progression viennent de plus en plus renforcer l\u2019\u00e9quipe. <strong>Sabrina Novotn\u00e1<\/strong> a su par exemple prendre le relais de <strong>Johanna Bundsen<\/strong>, qui a \u00e9t\u00e9 plus en difficult\u00e9 face \u00e0 Gy\u00f6r, et l\u2019arri\u00e8re gauche <strong>Betcha\u00efdelle Ngombele<\/strong> semble \u00e9voluer sans pression apr\u00e8s les matchs compliqu\u00e9s de <strong>Tyra Axn\u00e9r<\/strong>, toujours en qu\u00eate de confiance pour endosser pleinement ce r\u00f4le de leader attendu. Avec cette densit\u00e9, l\u2019\u00e9quipe devra s\u2019appuyer sur cette palette collective pour se relancer et d\u00e9montrer que ce coup d\u2019arr\u00eat n\u2019\u00e9tait que l\u2019anomalie d\u2019une saison encore bien longue. <\/p>\n<p>Cr\u00e9dit photo : Nicolas Martino \/ Let\u2019s Go Metz (Une) \u2013 Alexandre Dimou\/Alexpress\/Icon Sport (Mari Finstad Bergum \u2013 photo d\u2019archive)<\/p>\n","protected":false},"excerpt":{"rendered":"64 Leader du championnat avec Brest, Metz Handball se d\u00e9place ce mercredi \u00e0 Toulon pour la 8e journ\u00e9e&hellip;\n","protected":false},"author":2,"featured_media":509737,"comment_status":"","ping_status":"","sticky":false,"template":"","format":"standard","meta":{"footnotes":""},"categories":[9619],"tags":[34996,1111,11,63098,1777,674,1011,27,1792,12895,955,6212,12897,12,882,25,2310],"class_list":{"0":"post-509736","1":"post","2":"type-post","3":"status-publish","4":"format-standard","5":"has-post-thumbnail","7":"category-toulon","8":"tag-2025-2026","9":"tag-actu","10":"tag-actualites","11":"tag-dragonnes","12":"tag-eu","13":"tag-europe","14":"tag-fr","15":"tag-france","16":"tag-handball","17":"tag-ligue-butagaz-energie","18":"tag-match","19":"tag-metz","20":"tag-metz-handball","21":"tag-news","22":"tag-provence-alpes-cote-dazur","23":"tag-republique-francaise","24":"tag-toulon"},"share_on_mastodon":{"url":"https:\/\/pubeurope.com\/@fr\/115488016147622450","error":""},"_links":{"self":[{"href":"https:\/\/www.europesays.com\/fr\/wp-json\/wp\/v2\/posts\/509736","targetHints":{"allow":["GET"]}}],"collection":[{"href":"https:\/\/www.europesays.com\/fr\/wp-json\/wp\/v2\/posts"}],"about":[{"href":"https:\/\/www.europesays.com\/fr\/wp-json\/wp\/v2\/types\/post"}],"author":[{"embeddable":true,"href":"https:\/\/www.europesays.com\/fr\/wp-json\/wp\/v2\/users\/2"}],"replies":[{"embeddable":true,"href":"https:\/\/www.europesays.com\/fr\/wp-json\/wp\/v2\/comments?post=509736"}],"version-history":[{"count":0,"href":"https:\/\/www.europesays.com\/fr\/wp-json\/wp\/v2\/posts\/509736\/revisions"}],"wp:featuredmedia":[{"embeddable":true,"href":"https:\/\/www.europesays.com\/fr\/wp-json\/wp\/v2\/media\/509737"}],"wp:attachment":[{"href":"https:\/\/www.europesays.com\/fr\/wp-json\/wp\/v2\/media?parent=509736"}],"wp:term":[{"taxonomy":"category","embeddable":true,"href":"https:\/\/www.europesays.com\/fr\/wp-json\/wp\/v2\/categories?post=509736"},{"taxonomy":"post_tag","embeddable":true,"href":"https:\/\/www.europesays.com\/fr\/wp-json\/wp\/v2\/tags?post=509736"}],"curies":[{"name":"wp","href":"https:\/\/api.w.org\/{rel}","templated":true}]}}