{"id":509742,"date":"2025-11-03T22:03:16","date_gmt":"2025-11-03T22:03:16","guid":{"rendered":"https:\/\/www.europesays.com\/fr\/509742\/"},"modified":"2025-11-03T22:03:16","modified_gmt":"2025-11-03T22:03:16","slug":"ce-parc-de-bihorel-se-dote-dun-panneau-inedit-en-normandie-pour-que-tout-le-monde-puisse-communiquer","status":"publish","type":"post","link":"https:\/\/www.europesays.com\/fr\/509742\/","title":{"rendered":"Ce parc de Bihorel se dote d&rsquo;un panneau in\u00e9dit en Normandie, pour que tout le monde puisse communiquer"},"content":{"rendered":"<p>            Par<br \/>\n        <strong><br \/>\n            <a href=\"https:\/\/actu.fr\/auteur\/laredaction\" title=\"Consulter tous les articles de R\u00e9daction Normandie\" target=\"_blank\" rel=\"noopener\">R\u00e9daction Normandie<\/a><br \/>\n        <\/strong><\/p>\n<p>        Publi\u00e9 le<\/p>\n<p>            3 nov. 2025 \u00e0 19h14        <\/p>\n<p>L\u2019Institut m\u00e9dico-\u00e9ducatif (IME) L\u2019Envol Saint-Jean, g\u00e9r\u00e9 par l\u2019association Axed, se situe \u00e0 proximit\u00e9 du parc de l\u2019Argili\u00e8re, \u00e0 <a href=\"https:\/\/actu.fr\/normandie\/bihorel_76095\" target=\"_blank\" rel=\"noopener\">Bihorel<\/a>, dans l\u2019agglo de Rouen. <strong>Il accueille une centaine d\u2019enfants en situation de handicap.<\/strong> Ces derniers b\u00e9n\u00e9ficient de s\u00e9ances d\u2019exercices physiques plusieurs fois par semaine, et comme tous les jeunes, ils viennent \u00e9galement au parc pour s\u2019y divertir. <strong>Un panneau in\u00e9dit en Normandie<\/strong> vient d\u2019y \u00eatre install\u00e9 pour faciliter la communication.<\/p>\n<p>Un panneau pour communiquer<\/p>\n<p class=\" wall-content\">Dans le cadre de son engagement en faveur de l\u2019inclusion des personnes handicap\u00e9es, la municipalit\u00e9 a financ\u00e9 l\u2019installation <strong>d\u2019un panneau d\u2019aide \u00e0 la communication alternative et am\u00e9lior\u00e9e<\/strong>. Cet \u00e9quipement vise \u00e0 am\u00e9liorer l\u2019accessibilit\u00e9 des personnes handicap\u00e9es, des enfants et des \u00e9trangers ne ma\u00eetrisant pas la langue fran\u00e7aise.<\/p>\n<p class=\" wall-content\">\u00ab Ce dispositif prolonge le travail quotidien de l\u2019association qui accompagne une centaine d\u2019enfants pr\u00e9sentant des troubles du d\u00e9veloppement intellectuel. Le panneau peut aussi \u00eatre utilis\u00e9 par des personnes c\u00e9r\u00e9brales l\u00e9s\u00e9es ou des enfants en bas \u00e2ge, \u00e9largissant ainsi son impact social \u00bb, a indiqu\u00e9 le maire Pascal Houbron, rappelant que cette\u00a0initiative s\u2019inscrit dans le cadre du 20e anniversaire de la loi sur le handicap, reconnue<strong> comme une grande cause nationale.<\/strong><\/p>\n<p>    <img   decoding=\"async\" loading=\"lazy\" class=\"size-large\" src=\"https:\/\/www.europesays.com\/fr\/wp-content\/uploads\/2025\/11\/26e367a392f864ae367a392f82ee36v-960x640.jpg\" alt=\"Bihorel inauguration panneau CAA\" width=\"960\" height=\"640\"\/><br \/>\n    Le panneau CAA permet de faire des phrases en fonction du lieu.\u00a0 \u00a0 \u00a9Le Bulletin<\/p>\n<p class=\" wall-content\">\u00ab Le soutien public t\u00e9moigne d\u2019une volont\u00e9 politique forte d\u2019inclusion, port\u00e9e par les \u00e9lus pr\u00e9sents, et qui b\u00e9n\u00e9ficie d\u2019une adh\u00e9sion collective et visible. Une unit\u00e9 d\u2019enseignement externalis\u00e9e a \u00e9t\u00e9 r\u00e9cemment ouverte \u00e0 l\u2019\u00e9cole Georges-M\u00e9li\u00e8s en lien avec l\u2019\u00e9ducation nationale afin de mieux accompagner ces publics \u00bb, a ajout\u00e9 le maire, mardi 14 octobre, lors de l\u2019inauguration.<\/p>\n<p>Des codes utilis\u00e9s par les orthophonistes<\/p>\n<p class=\" wall-content\">Le tableau de pictogrammes personnalis\u00e9 <strong>rassemble l\u2019ensemble du vocabulaire sp\u00e9cifique<\/strong>, organis\u00e9 selon des codes couleur et de disposition enseign\u00e9s par des orthophonistes.<\/p>\n<p>Votre r\u00e9gion, votre actu !<\/p>\n<p>Recevez chaque jour les infos qui comptent pour vous.<\/p>\n<p>\t<a href=\"https:\/\/actu.fr\/newsletter\" class=\"ac-btn ac-btn--corner ac-btn--medium ac-btn--blue800\" target=\"_blank\" rel=\"noopener\">S&rsquo;incrire<\/a><\/p>\n<p class=\" wall-content\">Il s\u2019agit d\u2019une<strong> premi\u00e8re implantation en Normandie<\/strong> : \u00ab Les tableaux de pictogrammes peuvent \u00eatre cr\u00e9\u00e9s \u00e0 partir de diff\u00e9rentes applications et bases de donn\u00e9es. \u00c0 l\u2019origine, ils sont con\u00e7us pour des outils individuels. Ici, nous avons personnalis\u00e9 et regroup\u00e9 l\u2019ensemble du vocabulaire que l\u2019on peut trouver dans cet endroit, donc dans le parc \u00bb, a d\u00e9taill\u00e9 Caroline Scarano, orthophoniste \u00e0 l\u2019origine du projet.<\/p>\n<blockquote class=\"ac-article-quote wall-content\">\n<p>Ce tableau peut donc \u00eatre utilis\u00e9 par une personne qui ne parle pas, qui ne parle pas fran\u00e7ais, ou qui rencontre des difficult\u00e9s de communication en g\u00e9n\u00e9ral. Il sert de support pour poser des questions simples.<\/p>\n<p>Caroline Scarano<\/p><\/blockquote>\n<p class=\" wall-content\">Les pictogrammes sont dispos\u00e9s en fonction des formes et des couleurs. Les verbes sont souvent en vert, les noms en bleu et les actions en blanc. En les montrant, il est possible de construire une phrase.<\/p>\n<p>    <img   decoding=\"async\" loading=\"lazy\" class=\"size-large\" src=\"https:\/\/www.europesays.com\/fr\/wp-content\/uploads\/2025\/11\/269d87a392f861a9d87a392f8fd9d8v-960x640.jpg\" alt=\"Bihorel inauguration panneau CAA\" width=\"960\" height=\"640\"\/><br \/>\n    Caroline Scarano a expliqu\u00e9 l\u2019utilisation des pictogrammes. \u00a9Le Bulletin<\/p>\n<p class=\" wall-content\">Ce sont des codes de disposition enseign\u00e9s par les orthophonistes. \u00ab Il s\u2019agit d\u2019un v\u00e9ritable support \u00e0 la communication. Ce tableau peut donc \u00eatre utilis\u00e9 par une personne qui ne parle pas, qui ne parle pas fran\u00e7ais, ou qui rencontre des difficult\u00e9s de communication en g\u00e9n\u00e9ral. Il sert de support pour poser des questions simples, comme : est-ce que \u00e7a va bien ? ou, as-tu besoin de boire ?, de manger ? Il ne remplace pas le langage oral, mais le compl\u00e8te \u00bb, explique la sp\u00e9cialiste.<\/p>\n<p>Une premi\u00e8re sur le territoire de la M\u00e9tropole<\/p>\n<p class=\" wall-content\">Le domaine de la communication alternative est en plein essor. Il existe quelques initiatives, <strong>mais elles sont encore isol\u00e9es.<\/strong> Il n\u2019existe pas encore de programme national ou m\u00eame d\u00e9partemental qui encourage la communication. \u00ab Il y a donc tr\u00e8s peu d\u2019initiatives en France, et ces panneaux sont plut\u00f4t avant-gardistes. Il n\u2019y en a pas du tout dans la M\u00e9tropole Rouen Normandie pour le moment, ni m\u00eame en Normandie. C\u2019est donc une premi\u00e8re tr\u00e8s int\u00e9ressante \u00e0 souligner \u00bb, a conclu Caroline Scarano.<\/p>\n<p>Suivez l\u2019actualit\u00e9 de Rouen <a href=\"https:\/\/www.whatsapp.com\/channel\/0029VaKfnf99hXF2ddApFB1D\" target=\"_blank\" rel=\"noopener\">sur notre cha\u00eene WhatsApp<\/a> et <a href=\"https:\/\/www.tiktok.com\/@76actu.fr?lang=fr\" target=\"_blank\" rel=\"noopener\">sur notre compte TikTok<\/a><\/p>\n<p class=\" wall-content\">Personnalisez votre actualit\u00e9 en ajoutant vos villes et m\u00e9dias en favori avec <a href=\"https:\/\/moncompte.actu.fr\" title=\"D\u00e9couvez Mon Actu\" rel=\"nofollow noopener\" data-trk=\"{&quot;cta&quot;:{&quot;action&quot;:&quot;https:\\\/\\\/moncompte.actu.fr&quot;,&quot;category&quot;:&quot;mon compte&quot;,&quot;from&quot;:&quot;article footer&quot;,&quot;name&quot;:&quot;Mon actu&quot;,&quot;type&quot;:&quot;cta&quot;}}\" target=\"_blank\">Mon Actu<\/a>.<\/p>\n<p>                    <script async src=\"\/\/www.tiktok.com\/embed.js\"><\/script><\/p>\n","protected":false},"excerpt":{"rendered":"Par R\u00e9daction Normandie Publi\u00e9 le 3 nov. 2025 \u00e0 19h14 L\u2019Institut m\u00e9dico-\u00e9ducatif (IME) L\u2019Envol Saint-Jean, g\u00e9r\u00e9 par l\u2019association&hellip;\n","protected":false},"author":2,"featured_media":509743,"comment_status":"","ping_status":"","sticky":false,"template":"","format":"standard","meta":{"footnotes":""},"categories":[9587],"tags":[1111,11,1777,674,1011,27,1943,5701,12,5161,25,9590,104],"class_list":{"0":"post-509742","1":"post","2":"type-post","3":"status-publish","4":"format-standard","5":"has-post-thumbnail","7":"category-rouen","8":"tag-actu","9":"tag-actualites","10":"tag-eu","11":"tag-europe","12":"tag-fr","13":"tag-france","14":"tag-handicap","15":"tag-innovation","16":"tag-news","17":"tag-normandie","18":"tag-republique-francaise","19":"tag-rouen","20":"tag-societe"},"share_on_mastodon":{"url":"https:\/\/pubeurope.com\/@fr\/115488032242320495","error":""},"_links":{"self":[{"href":"https:\/\/www.europesays.com\/fr\/wp-json\/wp\/v2\/posts\/509742","targetHints":{"allow":["GET"]}}],"collection":[{"href":"https:\/\/www.europesays.com\/fr\/wp-json\/wp\/v2\/posts"}],"about":[{"href":"https:\/\/www.europesays.com\/fr\/wp-json\/wp\/v2\/types\/post"}],"author":[{"embeddable":true,"href":"https:\/\/www.europesays.com\/fr\/wp-json\/wp\/v2\/users\/2"}],"replies":[{"embeddable":true,"href":"https:\/\/www.europesays.com\/fr\/wp-json\/wp\/v2\/comments?post=509742"}],"version-history":[{"count":0,"href":"https:\/\/www.europesays.com\/fr\/wp-json\/wp\/v2\/posts\/509742\/revisions"}],"wp:featuredmedia":[{"embeddable":true,"href":"https:\/\/www.europesays.com\/fr\/wp-json\/wp\/v2\/media\/509743"}],"wp:attachment":[{"href":"https:\/\/www.europesays.com\/fr\/wp-json\/wp\/v2\/media?parent=509742"}],"wp:term":[{"taxonomy":"category","embeddable":true,"href":"https:\/\/www.europesays.com\/fr\/wp-json\/wp\/v2\/categories?post=509742"},{"taxonomy":"post_tag","embeddable":true,"href":"https:\/\/www.europesays.com\/fr\/wp-json\/wp\/v2\/tags?post=509742"}],"curies":[{"name":"wp","href":"https:\/\/api.w.org\/{rel}","templated":true}]}}