{"id":509748,"date":"2025-11-03T22:06:15","date_gmt":"2025-11-03T22:06:15","guid":{"rendered":"https:\/\/www.europesays.com\/fr\/509748\/"},"modified":"2025-11-03T22:06:15","modified_gmt":"2025-11-03T22:06:15","slug":"grenoble-un-homme-recherche-dans-lisere-apres-avoir-saute-du-pont-saint-laurent","status":"publish","type":"post","link":"https:\/\/www.europesays.com\/fr\/509748\/","title":{"rendered":"Grenoble. Un homme recherch\u00e9 dans l\u2019Is\u00e8re apr\u00e8s avoir saut\u00e9 du pont Saint-Laurent"},"content":{"rendered":"<p>Une vingtaine de sapeurs-pompiers ont \u00e9t\u00e9 engag\u00e9s ce lundi soir \u00e0 Grenoble pour tenter de retrouver un homme qui s\u2019\u00e9tait jet\u00e9 dans l\u2019Is\u00e8re depuis un pont. Le drame s\u2019est produit vers 20 heures lorsque plusieurs t\u00e9moins ont vu une personne enjamber le parapet du pont Saint-Laurent, situ\u00e9 dans l\u2019hyper-centre, et sauter dans le cours d\u2019eau.<\/p>\n<p>Il a ensuite \u00e9t\u00e9 vu remonter \u00e0 la surface avant de dispara\u00eetre. Des plongeurs ont \u00e9t\u00e9 rapidement mobilis\u00e9s ainsi que des \u00e9quipes cynophiles pour inspecter les rives, mais\u00a0les recherches n\u2019avaient donn\u00e9 aucun r\u00e9sultat vers 21\u00a0h\u00a030 et l\u2019op\u00e9ration devait \u00eatre suspendue peu apr\u00e8s, dans le courant de la soir\u00e9e. Les services de police ont ouvert une enqu\u00eate visant \u00e0 identifier la personne recherch\u00e9e.<\/p>\n","protected":false},"excerpt":{"rendered":"Une vingtaine de sapeurs-pompiers ont \u00e9t\u00e9 engag\u00e9s ce lundi soir \u00e0 Grenoble pour tenter de retrouver un homme&hellip;\n","protected":false},"author":2,"featured_media":509749,"comment_status":"","ping_status":"","sticky":false,"template":"","format":"standard","meta":{"footnotes":""},"categories":[9566],"tags":[1111,11,2430,112,1777,674,274,1011,27,2731,2732,108,12,25],"class_list":{"0":"post-509748","1":"post","2":"type-post","3":"status-publish","4":"format-standard","5":"has-post-thumbnail","7":"category-grenoble","8":"tag-actu","9":"tag-actualites","10":"tag-auvergne-rhone-alpes","11":"tag-edition-grenoble-agglomeration","12":"tag-eu","13":"tag-europe","14":"tag-faits-divers-justice","15":"tag-fr","16":"tag-france","17":"tag-grenoble","18":"tag-grenoble-bassin","19":"tag-isere","20":"tag-news","21":"tag-republique-francaise"},"share_on_mastodon":{"url":"https:\/\/pubeurope.com\/@fr\/115488042860554781","error":""},"_links":{"self":[{"href":"https:\/\/www.europesays.com\/fr\/wp-json\/wp\/v2\/posts\/509748","targetHints":{"allow":["GET"]}}],"collection":[{"href":"https:\/\/www.europesays.com\/fr\/wp-json\/wp\/v2\/posts"}],"about":[{"href":"https:\/\/www.europesays.com\/fr\/wp-json\/wp\/v2\/types\/post"}],"author":[{"embeddable":true,"href":"https:\/\/www.europesays.com\/fr\/wp-json\/wp\/v2\/users\/2"}],"replies":[{"embeddable":true,"href":"https:\/\/www.europesays.com\/fr\/wp-json\/wp\/v2\/comments?post=509748"}],"version-history":[{"count":0,"href":"https:\/\/www.europesays.com\/fr\/wp-json\/wp\/v2\/posts\/509748\/revisions"}],"wp:featuredmedia":[{"embeddable":true,"href":"https:\/\/www.europesays.com\/fr\/wp-json\/wp\/v2\/media\/509749"}],"wp:attachment":[{"href":"https:\/\/www.europesays.com\/fr\/wp-json\/wp\/v2\/media?parent=509748"}],"wp:term":[{"taxonomy":"category","embeddable":true,"href":"https:\/\/www.europesays.com\/fr\/wp-json\/wp\/v2\/categories?post=509748"},{"taxonomy":"post_tag","embeddable":true,"href":"https:\/\/www.europesays.com\/fr\/wp-json\/wp\/v2\/tags?post=509748"}],"curies":[{"name":"wp","href":"https:\/\/api.w.org\/{rel}","templated":true}]}}