{"id":509750,"date":"2025-11-03T22:07:19","date_gmt":"2025-11-03T22:07:19","guid":{"rendered":"https:\/\/www.europesays.com\/fr\/509750\/"},"modified":"2025-11-03T22:07:19","modified_gmt":"2025-11-03T22:07:19","slug":"on-pensait-avoir-un-toit-sur-la-tete-pour-longtemps-ca-na-dure-que-4-jours","status":"publish","type":"post","link":"https:\/\/www.europesays.com\/fr\/509750\/","title":{"rendered":"On pensait avoir un toit sur la t\u00eate pour longtemps, \u00e7a n&rsquo;a dur\u00e9 que 4 jours"},"content":{"rendered":"<p>            Par<br \/>\n        <strong><br \/>\n            <a href=\"https:\/\/actu.fr\/auteur\/brian-legoff\" title=\"Consulter tous les articles de Brian Le Goff\" target=\"_blank\" rel=\"noopener\">Brian Le Goff<\/a><br \/>\n        <\/strong><\/p>\n<p>        Publi\u00e9 le<\/p>\n<p>            3 nov. 2025 \u00e0 18h07        <\/p>\n<p>Ils sont <strong>arriv\u00e9s avec les collectifs de soutien<\/strong>\u00a0en fin de matin\u00e9e, <strong>mercredi 29 octobre<\/strong>. <a href=\"https:\/\/actu.fr\/bretagne\/rennes_35238\/migrants-a-rennes-6-jours-apres-l-evacuation-du-camp-de-maurepas-80-personnes-sans-solution-d-hebergement_63364627.html\" target=\"_blank\" rel=\"noopener\">85 migrants ont pris place au sein de l\u2019espace social commun Simone Iff<\/a>, b\u00e2timent du D\u00e9partement d\u2019Ille-et-Vilaine, dans le quartier des <strong>Gayeulles<\/strong> \u00e0 <a href=\"https:\/\/actu.fr\/rennes\/\" target=\"_blank\" rel=\"noopener\">Rennes<\/a>.<\/p>\n<p>Des personnes non prises en charge et d\u2019autres que pour quelques jours<\/p>\n<p class=\" wall-content\">Il s\u2019agit de <strong>celles et ceux rest\u00e9s sans solution ou qui n\u2019ont eu qu\u2019une solution provisoire<\/strong> <a href=\"https:\/\/actu.fr\/bretagne\/rennes_35238\/evacuation-des-migrants-du-parc-de-maurepas-a-rennes-je-suis-triste-mon-avenir-est-incertain_63339490.html\" target=\"_blank\" rel=\"noopener\">apr\u00e8s l\u2019\u00e9vacuation du campement, install\u00e9 dans le parc de Maurepas<\/a> depuis le printemps. \u00c0 l\u2019issue de cette op\u00e9ration, la pr\u00e9fecture d\u2019Ille-et-Vilaine indiquait que <strong>196\u00a0personnes avaient \u00e9t\u00e9 mises \u00e0 l\u2019abri<\/strong>.<\/p>\n<p class=\" wall-content\">D\u00e8s le soir m\u00eame, une <strong>trentaine de personnes<\/strong> n\u2019avait pas eu de proposition d\u2019h\u00e9bergement et avait investi pour la nuit le 4bis (lieu d\u2019information et d\u2019expression pour les jeunes), avant de rejoindre le campus de Villejean de l\u2019universit\u00e9 <a href=\"https:\/\/actu.fr\/tag\/rennes-2\" target=\"_blank\" rel=\"noopener\">Rennes 2<\/a>, avec l\u2019accord de la pr\u00e9sidence, jusqu\u2019au mercredi 29\u00a0octobre.<\/p>\n<p class=\" wall-content\">Ces derni\u00e8res avaient \u00e9t\u00e9 <strong>rejointes en d\u00e9but de semaine derni\u00e8re par une cinquantaine de personnes<\/strong> dont les solutions propos\u00e9es par les autorit\u00e9s n\u2019\u00e9taient pas p\u00e9rennes. Aujourd\u2019hui,<strong> tous et toutes se retrouvent \u00e0 l\u2019espace social commun,<\/strong> faute d\u2019autre solution.<\/p>\n<p>\u00ab\u2009Le lundi, on a appel\u00e9 le 115 et ils ont dit que nous ne pouvions pas rester \u00e0 l\u2019h\u00f4tel\u2009\u00bb<\/p>\n<p class=\" wall-content\">\u00c0 l\u2019image de cette <strong>famille venue d\u2019Albanie<\/strong>, rencontr\u00e9e sur place, mercredi dernier. Celle-ci a obtenu une solution d\u2019h\u00e9bergement dans un h\u00f4tel \u00e0 Quimper. \u00ab\u2009On nous avait dit au d\u00e9but jusqu\u2019\u00e0 mardi. On n\u2019a rien fait sur place, juste essay\u00e9 de rester calme\u2009\u00bb, explique la jeune fille, avec son petit fr\u00e8re, qui fait la traduction pour sa maman.<\/p>\n<p class=\" wall-content\">Aupr\u00e8s d\u2019<a href=\"https:\/\/actu.fr\/rennes\/\" target=\"_blank\" rel=\"noopener\">actu Rennes<\/a>, elle revient sur ces derniers jours. \u00ab\u2009On a appel\u00e9 Utopia 56 lundi pour savoir ce qu\u2019il fallait faire et ils nous ont dit de revenir \u00e0 Rennes jusqu\u2019\u00e0 mercredi, donc on est revenu. On pensait avoir un toit sur la t\u00eate pour longtemps, \u00e7a n\u2019a dur\u00e9 que quatre jours.\u2009\u00bb<\/p>\n<blockquote class=\"ac-article-quote wall-content\">\n<p>Ma m\u00e8re esp\u00e8re que quelqu&rsquo;un peut nous aider parce qu&rsquo;elle ne veut pas que nous, ses enfants, retournions en Albanie. Elle dit que c&rsquo;est mieux ici pour nous.<\/p>\n<p>    <strong>Jeune fille d&rsquo;une famille albanaise sans solution d&rsquo;h\u00e9bergement<\/strong>\n            <\/p><\/blockquote>\n<p>Votre r\u00e9gion, votre actu !<\/p>\n<p>Recevez chaque jour les infos qui comptent pour vous.<\/p>\n<p>\t<a href=\"https:\/\/actu.fr\/newsletter\" class=\"ac-btn ac-btn--corner ac-btn--medium ac-btn--blue800\" target=\"_blank\" rel=\"noopener\">S&rsquo;incrire<\/a><\/p>\n<p class=\" wall-content\">De leur c\u00f4t\u00e9, cette<strong> adolescente de 14\u00a0ans et sa m\u00e8re<\/strong>, originaires du Congo, en France depuis cinq ans, expliquent ne <strong>pas avoir eu de proposition d\u2019h\u00e9bergement<\/strong> apr\u00e8s l\u2019\u00e9vacuation le 23\u00a0octobre. \u00ab\u2009Il y a d\u2019autres familles \u00e0 qui on a donn\u00e9 des places. Nous, nous n\u2019avons rien eu. On a dormi l\u00e0 o\u00f9 les \u00e9tudiants mangent habituellement. Et maintenant, on est ici. Mais <strong>on ne sait pas comment ce sera demain,<\/strong> surtout pour nous les enfants qui devons aller \u00e0 l\u2019\u00e9cole. Si on n\u2019a pas un endroit, ce sera compliqu\u00e9 d\u2019y retourner.\u2009\u00bb<\/p>\n<p>L\u2019espace social commun ferm\u00e9 jusqu\u2019\u00e0 nouvel ordre<\/p>\n<p class=\" wall-content\">Face \u00e0 la situation, le D\u00e9partement a pris la d\u00e9cision de fermer jusqu\u2019\u00e0 nouvel ordre le b\u00e2timent. \u00ab\u2009Cette <strong>occupation des locaux [\u2026] est incompatible avec l\u2019accueil des publics<\/strong> en situation de fragilit\u00e9 [\u2026] ainsi qu\u2019avec le fonctionnement des autres services publics pr\u00e9sents\u2009\u00bb au sein de la structure.<\/p>\n<p class=\" wall-content\">La collectivit\u00e9 consid\u00e8re \u00e9galement <strong>intenable<\/strong> l\u2019occupation \u00ab\u2009pour les personnes pr\u00e9sentes dans les locaux [en raison de]<strong> l\u2019absence de sanitaires et de vestiaires\u2026\u2009\u00bb<\/strong><\/p>\n<blockquote class=\"ac-article-quote wall-content\">\n<p>Ces personnes pr\u00e9sentes sur site, et dont nous imaginons le parcours de vie difficile,<br \/>\ndoivent imp\u00e9rativement retrouver des conditions d\u2019existence correctes ; ce qui commence par une mise \u00e0 l\u2019abri.<\/p>\n<p>    <strong>D\u00e9partement<\/strong>\n            <\/p><\/blockquote>\n<p class=\" wall-content\">Ainsi, le <strong>D\u00e9partement \u00ab\u2009demande \u00e0 l\u2019\u00c9tat d\u2019assumer ses responsabilit\u00e9s<\/strong> et de trouver, tr\u00e8s rapidement, des solutions d\u2019accueil p\u00e9rennes pour les occupants\u2009\u00bb. Il estime assumer pleinement ses comp\u00e9tences en mati\u00e8re de protection de l\u2019enfance \u00ab\u2009mais, <strong>\u00e0 ce stade, aucun \u00e9l\u00e9ment ne permet de penser que des personnes pr\u00e9sentes sur site rel\u00e8vent de la responsabilit\u00e9 de la collectivit\u00e9.<\/strong> Elle n\u2019a donc pas vocation \u00e0 intervenir au-del\u00e0 du cadre l\u00e9gal, qui d\u00e9termine strictement les comp\u00e9tences respectives de l\u2019\u00c9tat et des collectivit\u00e9s.\u2009\u00bb<\/p>\n<p class=\" wall-content\">D\u00e8s que ce sera possible, c\u2019est-\u00e0-dire d\u00e8s que l\u2019occupation prendra fin d\u2019une mani\u00e8re ou d\u2019une autre, le D\u00e9partement compte mettre tout en \u0153uvre pour rouvrir l\u2019espace social commun.<\/p>\n<p>\u00ab\u2009L\u2019entrave n\u2019est pas r\u00e9elle\u2009\u00bb<\/p>\n<p class=\" wall-content\">\u00ab\u2009L\u2019entrave au fonctionnement de l\u2019espace social commun n\u2019est pas r\u00e9elle.<strong> Le jour o\u00f9 nous sommes arriv\u00e9s, le lieu a continu\u00e9 \u00e0 fonctionner<\/strong> toute la journ\u00e9e. C\u2019est plut\u00f4t <strong>une fa\u00e7on de maintenir la pression<\/strong>. Les seuls \u00e9changes que nous avons eus avec la collectivit\u00e9 consistent \u00e0 dire qu\u2019il faut que les personnes quittent les lieux\u2009\u00bb, retrace Suzanne Mamet, coordinatrice de l\u2019antenne rennaise d\u2019Utopia 56, qui explique que<strong>, sur les 85\u00a0personnes sur place, 35 sont mineures<\/strong>. Aucune r\u00e9ponse n\u2019est donn\u00e9e du c\u00f4t\u00e9 de la pr\u00e9fecture aux demandes de solutions d\u2019h\u00e9bergements, assure-t-elle.<\/p>\n<p class=\" wall-content\">Dans le m\u00eame temps,<strong> l\u2019association continue de recevoir des demandes<\/strong>. \u00ab\u2009Faute d\u2019autre r\u00e9ponse \u00e0 leur apporter, on propose aux personnes en tr\u00e8s grande vuln\u00e9rabilit\u00e9 de rejoindre l\u2019occupation.\u2009\u00bb<\/p>\n<blockquote class=\"ac-article-quote wall-content\">\n<p>En r\u00e9sum\u00e9, la mairie et la pr\u00e9fecture sont aux abonn\u00e9s absents et le D\u00e9partement souhaite qu&rsquo;un nouveau campement s&rsquo;installe.<\/p>\n<p>    <strong>Suzanne Mamet<\/strong><br \/>\n        Coordinatrice d&rsquo;Utopia 56    <\/p><\/blockquote>\n<p class=\" wall-content\">Sollicit\u00e9e par la r\u00e9daction d\u2019actu Rennes, la pr\u00e9fecture pr\u00e9cise que <strong>l\u2019examen de toutes les situations prend du temps<\/strong>. \u00ab\u2009On cherche des solutions en lien avec les diff\u00e9rents partenaires.\u2009\u00bb Au sujet de la pr\u00e9sence de mineurs, celle-ci r\u00e9pond\u2009: \u00ab\u2009Le D\u00e9partement a estim\u00e9 que les personnes qui sont pr\u00e9sentes ne sont pas mineures. Les discussions se poursuivent.\u2009\u00bb<\/p>\n<p class=\" wall-content\">Personnalisez votre actualit\u00e9 en ajoutant vos villes et m\u00e9dias en favori avec <a href=\"https:\/\/moncompte.actu.fr\" title=\"D\u00e9couvez Mon Actu\" rel=\"nofollow noopener\" data-trk=\"{&quot;cta&quot;:{&quot;action&quot;:&quot;https:\\\/\\\/moncompte.actu.fr&quot;,&quot;category&quot;:&quot;mon compte&quot;,&quot;from&quot;:&quot;article footer&quot;,&quot;name&quot;:&quot;Mon actu&quot;,&quot;type&quot;:&quot;cta&quot;}}\" target=\"_blank\">Mon Actu<\/a>.<\/p>\n","protected":false},"excerpt":{"rendered":"Par Brian Le Goff Publi\u00e9 le 3 nov. 2025 \u00e0 18h07 Ils sont arriv\u00e9s avec les collectifs de&hellip;\n","protected":false},"author":2,"featured_media":509751,"comment_status":"","ping_status":"","sticky":false,"template":"","format":"standard","meta":{"footnotes":""},"categories":[2821],"tags":[1111,11,829,1777,674,1011,27,1251,12,584,25,104],"class_list":{"0":"post-509750","1":"post","2":"type-post","3":"status-publish","4":"format-standard","5":"has-post-thumbnail","7":"category-rennes","8":"tag-actu","9":"tag-actualites","10":"tag-bretagne","11":"tag-eu","12":"tag-europe","13":"tag-fr","14":"tag-france","15":"tag-migrants","16":"tag-news","17":"tag-rennes","18":"tag-republique-francaise","19":"tag-societe"},"share_on_mastodon":{"url":"https:\/\/pubeurope.com\/@fr\/115488046815537922","error":""},"_links":{"self":[{"href":"https:\/\/www.europesays.com\/fr\/wp-json\/wp\/v2\/posts\/509750","targetHints":{"allow":["GET"]}}],"collection":[{"href":"https:\/\/www.europesays.com\/fr\/wp-json\/wp\/v2\/posts"}],"about":[{"href":"https:\/\/www.europesays.com\/fr\/wp-json\/wp\/v2\/types\/post"}],"author":[{"embeddable":true,"href":"https:\/\/www.europesays.com\/fr\/wp-json\/wp\/v2\/users\/2"}],"replies":[{"embeddable":true,"href":"https:\/\/www.europesays.com\/fr\/wp-json\/wp\/v2\/comments?post=509750"}],"version-history":[{"count":0,"href":"https:\/\/www.europesays.com\/fr\/wp-json\/wp\/v2\/posts\/509750\/revisions"}],"wp:featuredmedia":[{"embeddable":true,"href":"https:\/\/www.europesays.com\/fr\/wp-json\/wp\/v2\/media\/509751"}],"wp:attachment":[{"href":"https:\/\/www.europesays.com\/fr\/wp-json\/wp\/v2\/media?parent=509750"}],"wp:term":[{"taxonomy":"category","embeddable":true,"href":"https:\/\/www.europesays.com\/fr\/wp-json\/wp\/v2\/categories?post=509750"},{"taxonomy":"post_tag","embeddable":true,"href":"https:\/\/www.europesays.com\/fr\/wp-json\/wp\/v2\/tags?post=509750"}],"curies":[{"name":"wp","href":"https:\/\/api.w.org\/{rel}","templated":true}]}}