{"id":509764,"date":"2025-11-03T22:15:20","date_gmt":"2025-11-03T22:15:20","guid":{"rendered":"https:\/\/www.europesays.com\/fr\/509764\/"},"modified":"2025-11-03T22:15:20","modified_gmt":"2025-11-03T22:15:20","slug":"deux-accidents-de-camions-generent-plus-de-10-km-de-bouchons-sur-la63-entre-bordeaux-et-arcachon","status":"publish","type":"post","link":"https:\/\/www.europesays.com\/fr\/509764\/","title":{"rendered":"Deux accidents de camions g\u00e9n\u00e8rent plus de 10 km de bouchons sur l&rsquo;A63 entre Bordeaux et Arcachon"},"content":{"rendered":"<p>            Par<br \/>\n        <strong><br \/>\n            <a href=\"https:\/\/actu.fr\/auteur\/sports33\" title=\"Consulter tous les articles de Nicolas Gosselin\" target=\"_blank\" rel=\"noopener\">Nicolas Gosselin<\/a><br \/>\n        <\/strong><\/p>\n<p>        Publi\u00e9 le<\/p>\n<p>            3 nov. 2025 \u00e0 14h22<br \/>\n        ; mis \u00e0 jour le 3 nov. 2025 \u00e0 17h26    <\/p>\n<p><strong>[Mise \u00e0 jour : la circulation est revenue progrossivement \u00e0 la normale \u00e0 partir de 15 heures.]<\/strong><\/p>\n<p class=\" wall-content\">Lundi 3 novembre 2025, les v\u00e9hicules sont quasiment \u00e0 l\u2019arr\u00eat en ce d\u00e9but d\u2019apr\u00e8s-midi sur l\u2019<a href=\"https:\/\/actu.fr\/tag\/autoroute-63-a63\" target=\"_blank\" rel=\"noopener\">autoroute A63<\/a>, \u00e0 partir de <strong>Cestas<\/strong> (Gironde) et en direction de Bayonne.<\/p>\n<p class=\" wall-content\">Plus de 10 kilom\u00e8tres d\u2019embouteillages se sont form\u00e9s suite \u00e0 deux accrochages coup sur coup impliquant des poids lourds. Selon nos informations, les <a href=\"https:\/\/actu.fr\/tag\/accident\" target=\"_blank\" rel=\"noopener\">accidents<\/a> seraient uniquement mat\u00e9riels.<\/p>\n<p class=\" wall-content\">Les pompiers n\u2019ont pas \u00e9t\u00e9 appel\u00e9s sur place. Vers 14h15, <a href=\"https:\/\/www.bison-fute.gouv.fr\/bordeaux.html\" target=\"_blank\" rel=\"noopener\">Bison Fut\u00e9<\/a> \u00e9valuait <strong>les bouchons \u00e0 12 kilom\u00e8tres<\/strong> de longueur mais \u00e0 14h45, la CRS autorouti\u00e8re expliquait \u00e0 actu Bordeaux que les deux camions avaient quitt\u00e9 la chauss\u00e9e pour se garer sur l\u2019aire de repos de Cestas.<\/p>\n<p class=\" wall-content\">Personnalisez votre actualit\u00e9 en ajoutant vos villes et m\u00e9dias en favori avec <a href=\"https:\/\/moncompte.actu.fr\" title=\"D\u00e9couvez Mon Actu\" rel=\"nofollow noopener\" data-trk=\"{&quot;cta&quot;:{&quot;action&quot;:&quot;https:\\\/\\\/moncompte.actu.fr&quot;,&quot;category&quot;:&quot;mon compte&quot;,&quot;from&quot;:&quot;article footer&quot;,&quot;name&quot;:&quot;Mon actu&quot;,&quot;type&quot;:&quot;cta&quot;}}\" target=\"_blank\">Mon Actu<\/a>.<\/p>\n","protected":false},"excerpt":{"rendered":"Par Nicolas Gosselin Publi\u00e9 le 3 nov. 2025 \u00e0 14h22 ; mis \u00e0 jour le 3 nov. 2025&hellip;\n","protected":false},"author":2,"featured_media":509765,"comment_status":"","ping_status":"","sticky":false,"template":"","format":"standard","meta":{"footnotes":""},"categories":[2817],"tags":[119,1111,11,21591,6427,1997,1777,674,118,1011,27,12,2219,25],"class_list":{"0":"post-509764","1":"post","2":"type-post","3":"status-publish","4":"format-standard","5":"has-post-thumbnail","7":"category-bordeaux","8":"tag-accident","9":"tag-actu","10":"tag-actualites","11":"tag-autoroute-63-a63","12":"tag-bison-fute","13":"tag-bordeaux","14":"tag-eu","15":"tag-europe","16":"tag-faits-divers","17":"tag-fr","18":"tag-france","19":"tag-news","20":"tag-nouvelle-aquitaine","21":"tag-republique-francaise"},"share_on_mastodon":{"url":"https:\/\/pubeurope.com\/@fr\/115488078196497196","error":""},"_links":{"self":[{"href":"https:\/\/www.europesays.com\/fr\/wp-json\/wp\/v2\/posts\/509764","targetHints":{"allow":["GET"]}}],"collection":[{"href":"https:\/\/www.europesays.com\/fr\/wp-json\/wp\/v2\/posts"}],"about":[{"href":"https:\/\/www.europesays.com\/fr\/wp-json\/wp\/v2\/types\/post"}],"author":[{"embeddable":true,"href":"https:\/\/www.europesays.com\/fr\/wp-json\/wp\/v2\/users\/2"}],"replies":[{"embeddable":true,"href":"https:\/\/www.europesays.com\/fr\/wp-json\/wp\/v2\/comments?post=509764"}],"version-history":[{"count":0,"href":"https:\/\/www.europesays.com\/fr\/wp-json\/wp\/v2\/posts\/509764\/revisions"}],"wp:featuredmedia":[{"embeddable":true,"href":"https:\/\/www.europesays.com\/fr\/wp-json\/wp\/v2\/media\/509765"}],"wp:attachment":[{"href":"https:\/\/www.europesays.com\/fr\/wp-json\/wp\/v2\/media?parent=509764"}],"wp:term":[{"taxonomy":"category","embeddable":true,"href":"https:\/\/www.europesays.com\/fr\/wp-json\/wp\/v2\/categories?post=509764"},{"taxonomy":"post_tag","embeddable":true,"href":"https:\/\/www.europesays.com\/fr\/wp-json\/wp\/v2\/tags?post=509764"}],"curies":[{"name":"wp","href":"https:\/\/api.w.org\/{rel}","templated":true}]}}