{"id":509772,"date":"2025-11-03T22:19:32","date_gmt":"2025-11-03T22:19:32","guid":{"rendered":"https:\/\/www.europesays.com\/fr\/509772\/"},"modified":"2025-11-03T22:19:32","modified_gmt":"2025-11-03T22:19:32","slug":"la-residence-seniors-beaumont-se-dote-dun-ecran-tactile-geant","status":"publish","type":"post","link":"https:\/\/www.europesays.com\/fr\/509772\/","title":{"rendered":"la r\u00e9sidence seniors Beaumont se dote d\u2019un \u00e9cran tactile g\u00e9ant"},"content":{"rendered":"<p>            Par<br \/>\n        <strong><br \/>\n            <a href=\"https:\/\/actu.fr\/auteur\/annesophie-2\" title=\"Consulter tous les articles de Anne-Sophie Hourdeaux\" target=\"_blank\" rel=\"noopener\">Anne-Sophie Hourdeaux<\/a><br \/>\n        <\/strong><\/p>\n<p>        Publi\u00e9 le<\/p>\n<p>            3 nov. 2025 \u00e0 10h15        <\/p>\n<p>Il a \u00e9t\u00e9 install\u00e9 dans la grande salle du rez-de-chauss\u00e9e, \u00e0 c\u00f4t\u00e9 du salon o\u00f9 se trouve une t\u00e9l\u00e9.<b> Un \u00e9cran tactile g\u00e9ant, de un m\u00e8tre sur 1,50\u00a0m<\/b>, tr\u00f4ne fi\u00e8rement. Nous sommes non dans un Ehpad, mais dans une <b>r\u00e9sidence seniors <\/b>\u00e0 <a href=\"https:\/\/actu.fr\/hauts-de-france\/roubaix_59512\" target=\"_blank\" rel=\"noopener\">Roubaix<\/a>. Comment sera utilis\u00e9 ce nouvel outil\u2009? <b>Ambiance lors de son inauguration<\/b> en pr\u00e9sence des r\u00e9sidents.<\/p>\n<p>Financ\u00e9 par le club \u00e2ge d\u2019or<\/p>\n<p class=\" wall-content\">La r\u00e9sidence, cr\u00e9\u00e9e en 1979, veut \u00eatre un lieu de vie, elle propose diverses activit\u00e9s\u2009: gym adapt\u00e9e, musicoth\u00e9rapie, r\u00e9flexologie plantaire, sophrologie, jeux\u2026<\/p>\n<p class=\" wall-content\">\u00ab\u2009Nous avons 79 r\u00e9sidents qui ont chacun leur appartement, de 60 \u00e0 98\u00a0ans\u2009\u00bb signale le directeur David Dormael, la structure d\u00e9pendant du CCAS de Roubaix. \u00ab\u2009Ils sont autonomes, avec des espaces communs, des animations, un service restauration et une pr\u00e9sence 24\u2009h sur 24. Nous avons un animateur \u00e0 mi-temps\u2009\u00bb.<\/p>\n<p>    <img   decoding=\"async\" loading=\"lazy\" class=\"size-large\" src=\"https:\/\/www.europesays.com\/fr\/wp-content\/uploads\/2025\/11\/4e2d1e7cabf86523d1e7cabf8363d1v-960x640.jpeg\" alt=\"r\u00e9sidence seniors beaumont roubaix \u00e9cran tactile\" width=\"960\" height=\"640\"\/><br \/>\n    Julien Cornille, l\u2019animateur, a pr\u00e9sent\u00e9 les diff\u00e9rents aspects de l\u2019\u00e9cran\u2009: karaok\u00e9 g\u00e9ant, documentaire sur youtube, visio avec la famille ou avec une \u00e9cole\u2026 \u00a9AS Hourdeaux\/Croix du Nord<\/p>\n<p class=\" wall-content\">D\u00e9but octobre un \u00e9v\u00e9nement a \u00e9t\u00e9 organis\u00e9 pour pr\u00e9senter un nouvel outil\u2009: un \u00e9cran tactile\u2009! Il existe d\u00e9j\u00e0 un petit salon avec une t\u00e9l\u00e9 au rez-de-chauss\u00e9e, l\u2019\u00e9cran tactile ne la remplace pas, il a \u00e9t\u00e9 install\u00e9 dans la grande salle \u00e0 c\u00f4t\u00e9.<\/p>\n<p class=\" wall-content\">Julien Cornille, l\u2019animateur des lieux, pr\u00e9sente le nouvel outil\u2009: \u00ab\u2009Cela va dynamiser nos activit\u00e9s, il y a de nombreuses possibilit\u00e9s. Je suis convaincu que cela va stimuler votre cr\u00e9ativit\u00e9\u2009!\u2009\u00bb Le directeur ajoute\u2009: \u00ab\u2009On est l\u00e0 pour vous accompagner dans son fonctionnement, je suis fier de vos interrogations sur les outils de demain\u2009!\u2009\u00bb Car si l\u2019\u00e9cran est arriv\u00e9 \u00e0 la r\u00e9sidence, c\u2019est gr\u00e2ce au club \u00e2ge d\u2019or du lieu, un club de r\u00e9sidents qui organise des animations, et investit dans diff\u00e9rents projets. C\u2019est le club qui a financ\u00e9 l\u2019\u00e9cran.<\/p>\n<p>Votre r\u00e9gion, votre actu !<\/p>\n<p>Recevez chaque jour les infos qui comptent pour vous.<\/p>\n<p>\t<a href=\"https:\/\/actu.fr\/newsletter\" class=\"ac-btn ac-btn--corner ac-btn--medium ac-btn--blue800\" target=\"_blank\" rel=\"noopener\">S&rsquo;incrire<\/a><\/p>\n<p class=\" wall-content\">Il sera utilis\u00e9 tous les jours\u2009: \u00ab\u2009D\u00e8s le matin, il sera allum\u00e9 avec la m\u00e9t\u00e9o et le saint du jour\u2009\u00bb signale l\u2019animateur.<\/p>\n<p>Faire un quizz, chanter, regarder un docu, du th\u00e9\u00e2tre<\/p>\n<p class=\" wall-content\">Pour donner envie aux r\u00e9sidents des tests ont \u00e9t\u00e9 effectu\u00e9s\u2009: \u00ab\u2009On va voir comment on fait un quizz de culture g\u00e9n\u00e9rale g\u00e9ant\u2009!\u2009\u00bb Les questions d\u00e9filent, plusieurs r\u00e9sidents sont appel\u00e9s pour \u00ab\u2009cliquer\u2009\u00bb sur les bonnes r\u00e9ponses. Puis, place au karaok\u00e9\u2009! car on aime chanter \u00e0 la r\u00e9sidence. C\u2019est bien mieux qu\u2019\u00e0 la t\u00e9l\u00e9, puisque c\u2019est \u00e9crit beaucoup plus grand\u2009! \u00ab\u2009Certains pourront m\u00eame dessiner directement sur l\u2019\u00e9cran\u2009\u00bb, car des r\u00e9sidents ont du talent.<\/p>\n<p class=\" wall-content\">Un extrait d\u2019un documentaire a aussi \u00e9t\u00e9 diffus\u00e9, \u00ab\u2009on peut aller facilement sur Arte, c\u2019est pratique\u2009!\u2009\u00bb dit Julien. \u00ab\u2009Un r\u00e9sident a propos\u00e9 de mettre des pi\u00e8ces de th\u00e9\u00e2tre, c\u2019est une bonne id\u00e9e\u2009\u00bb signale la pr\u00e9sidente du club \u00e2ge d\u2019or, Fran\u00e7oise L\u00e9zy.<\/p>\n<p>Cr\u00e9er du lien avec sa famille, les \u00e9coliers<\/p>\n<p class=\" wall-content\">Surtout, cet outil pourra cr\u00e9er du lien avec d\u2019autres. \u00ab\u2009On pourra pr\u00e9voir des visios avec vos familles, c\u2019est mieux que sur petit \u00e9cran, la qualit\u00e9 des images est belle\u2009\u00bb. Un projet a \u00e9t\u00e9 \u00e9voqu\u00e9\u2009: \u00ab\u2009On a des liens avec les \u00e9l\u00e8ves de l\u2019\u00e9cole Anatole France de Roubaix. Les enfants sont d\u00e9j\u00e0 venus dans la r\u00e9sidence, et certains r\u00e9sidents sont all\u00e9s les voir \u00e0 l\u2019\u00e9cole. Des direct live avec les \u00e9coliers pourraient \u00eatre r\u00e9alis\u00e9s, d\u2019autant qu\u2019on arrive en hiver et nos r\u00e9sidents sortent beaucoup moins\u2026\u2009\u00bb explique David Dormael.<\/p>\n<p>\u00ab\u2009Donnez vos id\u00e9es\u2009\u00bb<\/p>\n<p class=\" wall-content\">Les a\u00een\u00e9s \u00e9coutent avec attention. Certains sont un peu effray\u00e9s pour l\u2019outil. \u00ab\u2009Moi, je toucherai jamais \u00e0 \u00e7a\u2009!\u2009\u00bb dit l\u2019un. Une autre esp\u00e8re \u00ab\u2009qu\u2019on mettra des documentaires animaliers car j\u2019adore \u00e7a\u2009\u00bb. Une autre encore aime les enqu\u00eates, \u00ab\u2009car mon p\u00e8re \u00e9tait policier\u2009\u00bb. Plusieurs appr\u00e9cient \u00ab\u2009le fait que c\u2019est un grand \u00e9cran, on voit mieux\u2009\u00bb.<\/p>\n<p class=\" wall-content\">Fran\u00e7oise L\u00e9zy ajoute\u2009: \u00ab\u2009Il y a du choix avec cet outil\u2009! On fera des activit\u00e9s culturelles, pour entretenir la m\u00e9moire. Le but est de cr\u00e9er des liens fraternels, faire sortir des chambres\u2009\u00bb.<\/p>\n<p class=\" wall-content\">\u00ab\u2009Vous donnerez vos id\u00e9es, on en tiendra compte\u2009\u00bb assure encore l\u2019\u00e9quipe.<\/p>\n<p class=\" wall-content\">Magali Gladysz, adjointe au maire de Roubaix pour l\u2019inclusion num\u00e9rique, a assist\u00e9 \u00e0 l\u2019inauguration\u2009: \u00ab\u2009Voil\u00e0 un num\u00e9rique utile, humain, qui rapproche et qui donne confiance\u2009! C\u2019est une belle le\u00e7on\u2009: il n\u2019y a pas d\u2019\u00e2ge pour se connecter \u00e0 la vie\u2026\u2009\u00bb<\/p>\n<p class=\" wall-content\">Personnalisez votre actualit\u00e9 en ajoutant vos villes et m\u00e9dias en favori avec <a href=\"https:\/\/moncompte.actu.fr\" title=\"D\u00e9couvez Mon Actu\" rel=\"nofollow noopener\" data-trk=\"{&quot;cta&quot;:{&quot;action&quot;:&quot;https:\\\/\\\/moncompte.actu.fr&quot;,&quot;category&quot;:&quot;mon compte&quot;,&quot;from&quot;:&quot;article footer&quot;,&quot;name&quot;:&quot;Mon actu&quot;,&quot;type&quot;:&quot;cta&quot;}}\" target=\"_blank\">Mon Actu<\/a>.<\/p>\n","protected":false},"excerpt":{"rendered":"Par Anne-Sophie Hourdeaux Publi\u00e9 le 3 nov. 2025 \u00e0 10h15 Il a \u00e9t\u00e9 install\u00e9 dans la grande salle&hellip;\n","protected":false},"author":2,"featured_media":509773,"comment_status":"","ping_status":"","sticky":false,"template":"","format":"standard","meta":{"footnotes":""},"categories":[2815],"tags":[1111,11,1777,674,1011,27,811,1307,12,25,3552,104],"class_list":{"0":"post-509772","1":"post","2":"type-post","3":"status-publish","4":"format-standard","5":"has-post-thumbnail","7":"category-lille","8":"tag-actu","9":"tag-actualites","10":"tag-eu","11":"tag-europe","12":"tag-fr","13":"tag-france","14":"tag-hauts-de-france","15":"tag-lille","16":"tag-news","17":"tag-republique-francaise","18":"tag-seniors","19":"tag-societe"},"share_on_mastodon":{"url":"https:\/\/pubeurope.com\/@fr\/115488094773872832","error":""},"_links":{"self":[{"href":"https:\/\/www.europesays.com\/fr\/wp-json\/wp\/v2\/posts\/509772","targetHints":{"allow":["GET"]}}],"collection":[{"href":"https:\/\/www.europesays.com\/fr\/wp-json\/wp\/v2\/posts"}],"about":[{"href":"https:\/\/www.europesays.com\/fr\/wp-json\/wp\/v2\/types\/post"}],"author":[{"embeddable":true,"href":"https:\/\/www.europesays.com\/fr\/wp-json\/wp\/v2\/users\/2"}],"replies":[{"embeddable":true,"href":"https:\/\/www.europesays.com\/fr\/wp-json\/wp\/v2\/comments?post=509772"}],"version-history":[{"count":0,"href":"https:\/\/www.europesays.com\/fr\/wp-json\/wp\/v2\/posts\/509772\/revisions"}],"wp:featuredmedia":[{"embeddable":true,"href":"https:\/\/www.europesays.com\/fr\/wp-json\/wp\/v2\/media\/509773"}],"wp:attachment":[{"href":"https:\/\/www.europesays.com\/fr\/wp-json\/wp\/v2\/media?parent=509772"}],"wp:term":[{"taxonomy":"category","embeddable":true,"href":"https:\/\/www.europesays.com\/fr\/wp-json\/wp\/v2\/categories?post=509772"},{"taxonomy":"post_tag","embeddable":true,"href":"https:\/\/www.europesays.com\/fr\/wp-json\/wp\/v2\/tags?post=509772"}],"curies":[{"name":"wp","href":"https:\/\/api.w.org\/{rel}","templated":true}]}}