{"id":509774,"date":"2025-11-03T22:20:13","date_gmt":"2025-11-03T22:20:13","guid":{"rendered":"https:\/\/www.europesays.com\/fr\/509774\/"},"modified":"2025-11-03T22:20:13","modified_gmt":"2025-11-03T22:20:13","slug":"mathis-etudiant-de-19-ans-tue-par-un-chauffard-a-lille-qui-fuyait-un-controle-de-police-le-conducteur-mis-en-examen-et-place-en-detention-provisoire","status":"publish","type":"post","link":"https:\/\/www.europesays.com\/fr\/509774\/","title":{"rendered":"Mathis, \u00e9tudiant de 19 ans tu\u00e9 par un chauffard \u00e0 Lille qui fuyait un contr\u00f4le de police: Le conducteur mis en examen et plac\u00e9 en d\u00e9tention provisoire"},"content":{"rendered":"<p>Il s&rsquo;appelait Mathis, il n&rsquo;avait que 19 ans et il \u00e9tait un \u00e9tudiant qui \u00e9tait sorti faire la f\u00eate avec des amis dans la nuit de samedi \u00e0 dimanche. Mais il a \u00e9t\u00e9 violemment percut\u00e9 par une voiture qui fuyait les forces de l&rsquo;ordre, le tout film\u00e9 par hasard par un passant qui a assist\u00e9 \u00e0 la sc\u00e8ne.<\/p>\n<p>L&rsquo;homme mis en cause dans cet accident mortel a \u00e9t\u00e9 mis en examen et plac\u00e9 en d\u00e9tention provisoire, annonce le parquet de Lille.<\/p>\n<p data-olk-copy-source=\"MessageBody\">Dans un communiqu\u00e9, ce dernier indique: \u00ab\u00a0Le samedi 1\u00aa novembre \u00e0 4h48, alors qu&rsquo;il traversait le boulevard de la libert\u00e9 \u00e0 hauteur de la pr\u00e9fecture, un homme \u00e2g\u00e9 de 20 ans a \u00e9t\u00e9 percut\u00e9 par un v\u00e9hicule qui roulait \u00e0 vive allure. La victime est d\u00e9c\u00e9d\u00e9e sur le coup avant l&rsquo;arriv\u00e9e des pompiers.\u00a0\u00bb<\/p>\n<p data-olk-copy-source=\"MessageBody\">Et d&rsquo;ajouter: \u00ab\u00a0Le conducteur du v\u00e9hicule est un homme \u00e2g\u00e9 de 31 ans qui avait \u00e0 plusieurs reprises refuser d&rsquo;obtemp\u00e9rer \u00e0 la demande des fonctionnaires de police. Quelques m\u00e8tres apr\u00e8s l&rsquo;accident, le mis en cause s&rsquo;est arr\u00eat\u00e9 et a tent\u00e9 de prendre la fuite \u00e0 pied avant d&rsquo;\u00eatre interpell\u00e9.\u00a0\u00bb<\/p>\n<p>\u00ab\u00a0Les premiers \u00e9l\u00e9ments d&rsquo;investigation indiquent que le d\u00e9pistage alcoolique \u00e9tait n\u00e9gatif. Des bouteilles de protoxyde d&rsquo;azote ont \u00e9t\u00e9 trouv\u00e9es dans le v\u00e9hicule.<\/p>\n<p>Lors de la garde \u00e0 vue l&rsquo;int\u00e9ress\u00e9 n&rsquo;a pas reconnu les faits. L&rsquo;individu est connu pour des d\u00e9lits routiers.\u00a0\u00bb, peut-on lire.<\/p>\n<p>Et de poursuivre: \u00ab\u00a0Le dimanche 2 novembre, \u00e0 l&rsquo;issue de la garde \u00e0 vue, le mis en cause a \u00e9t\u00e9 pr\u00e9sent\u00e9 \u00e0 un juge d&rsquo;instruction. Il a \u00e9t\u00e9 mis en examen des chefs d&rsquo;homicide routier commis avec au moins deux circonstances aggravantes, en l&rsquo;esp\u00e8ce violation manifestation d\u00e9lib\u00e9r\u00e9e d&rsquo;une obligation de s\u00e9curit\u00e9 et de prudence et d\u00e9lit de fuite, et refus d&rsquo;obtemp\u00e9rer.\u00a0\u00bb<\/p>\n<p>\u00ab\u00a0Il a \u00e9t\u00e9 plac\u00e9 en d\u00e9tention provisoire conform\u00e9ment aux r\u00e9quisitions du parquet.\u00a0\u00bb, es-t-il indiqu\u00e9.<\/p>\n","protected":false},"excerpt":{"rendered":"Il s&rsquo;appelait Mathis, il n&rsquo;avait que 19 ans et il \u00e9tait un \u00e9tudiant qui \u00e9tait sorti faire la&hellip;\n","protected":false},"author":2,"featured_media":509775,"comment_status":"","ping_status":"","sticky":false,"template":"","format":"standard","meta":{"footnotes":""},"categories":[2815],"tags":[1111,11,63101,1777,674,1011,27,811,1307,20805,12,63100,25],"class_list":{"0":"post-509774","1":"post","2":"type-post","3":"status-publish","4":"format-standard","5":"has-post-thumbnail","7":"category-lille","8":"tag-actu","9":"tag-actualites","10":"tag-du00e9tention-provisoire","11":"tag-eu","12":"tag-europe","13":"tag-fr","14":"tag-france","15":"tag-hauts-de-france","16":"tag-lille","17":"tag-mathis","18":"tag-news","19":"tag-refus-dobtempu00e9rer","20":"tag-republique-francaise"},"share_on_mastodon":{"url":"https:\/\/pubeurope.com\/@fr\/115488097891707065","error":""},"_links":{"self":[{"href":"https:\/\/www.europesays.com\/fr\/wp-json\/wp\/v2\/posts\/509774","targetHints":{"allow":["GET"]}}],"collection":[{"href":"https:\/\/www.europesays.com\/fr\/wp-json\/wp\/v2\/posts"}],"about":[{"href":"https:\/\/www.europesays.com\/fr\/wp-json\/wp\/v2\/types\/post"}],"author":[{"embeddable":true,"href":"https:\/\/www.europesays.com\/fr\/wp-json\/wp\/v2\/users\/2"}],"replies":[{"embeddable":true,"href":"https:\/\/www.europesays.com\/fr\/wp-json\/wp\/v2\/comments?post=509774"}],"version-history":[{"count":0,"href":"https:\/\/www.europesays.com\/fr\/wp-json\/wp\/v2\/posts\/509774\/revisions"}],"wp:featuredmedia":[{"embeddable":true,"href":"https:\/\/www.europesays.com\/fr\/wp-json\/wp\/v2\/media\/509775"}],"wp:attachment":[{"href":"https:\/\/www.europesays.com\/fr\/wp-json\/wp\/v2\/media?parent=509774"}],"wp:term":[{"taxonomy":"category","embeddable":true,"href":"https:\/\/www.europesays.com\/fr\/wp-json\/wp\/v2\/categories?post=509774"},{"taxonomy":"post_tag","embeddable":true,"href":"https:\/\/www.europesays.com\/fr\/wp-json\/wp\/v2\/tags?post=509774"}],"curies":[{"name":"wp","href":"https:\/\/api.w.org\/{rel}","templated":true}]}}