{"id":509776,"date":"2025-11-03T22:21:25","date_gmt":"2025-11-03T22:21:25","guid":{"rendered":"https:\/\/www.europesays.com\/fr\/509776\/"},"modified":"2025-11-03T22:21:25","modified_gmt":"2025-11-03T22:21:25","slug":"in-bed-with-starck-collab-de-reve-chez-cassina-marseille","status":"publish","type":"post","link":"https:\/\/www.europesays.com\/fr\/509776\/","title":{"rendered":"In bed with Starck, collab\u2019 de r\u00eave chez Cassina Marseille"},"content":{"rendered":"<p>\tIn bed with Starck, collab\u2019 de r\u00eave chez Cassina Marseille &#8211; Toutma<\/p>\n<p>&#13;<br \/>\n&#13;<\/p>\n<p>&#13;<br \/>\n\t\t&#13;<\/p>\n<p>Nous utilisons des cookies pour vous garantir la meilleure exp\u00e9rience sur notre site web. Si vous continuez \u00e0 utiliser ce site, nous supposerons que vous en \u00eates satisfait.OK<\/p>\n<p>\t\t&#13;<\/p>\n","protected":false},"excerpt":{"rendered":"In bed with Starck, collab\u2019 de r\u00eave chez Cassina Marseille &#8211; Toutma &#13; &#13; &#13; &#13; Nous utilisons&hellip;\n","protected":false},"author":2,"featured_media":509777,"comment_status":"","ping_status":"","sticky":false,"template":"","format":"standard","meta":{"footnotes":""},"categories":[2814],"tags":[1111,11,1386,1777,674,1011,27,884,8886,63102,12,30970,63103,882,61998,25],"class_list":{"0":"post-509776","1":"post","2":"type-post","3":"status-publish","4":"format-standard","5":"has-post-thumbnail","7":"category-marseille","8":"tag-actu","9":"tag-actualites","10":"tag-design","11":"tag-eu","12":"tag-europe","13":"tag-fr","14":"tag-france","15":"tag-marseille","16":"tag-mobilier","17":"tag-mobilier-design","18":"tag-news","19":"tag-philippe-starck","20":"tag-philippe-starck-marseille","21":"tag-provence-alpes-cote-dazur","22":"tag-que-faire-a-marseille","23":"tag-republique-francaise"},"share_on_mastodon":{"url":"https:\/\/pubeurope.com\/@fr\/115488101813559310","error":""},"_links":{"self":[{"href":"https:\/\/www.europesays.com\/fr\/wp-json\/wp\/v2\/posts\/509776","targetHints":{"allow":["GET"]}}],"collection":[{"href":"https:\/\/www.europesays.com\/fr\/wp-json\/wp\/v2\/posts"}],"about":[{"href":"https:\/\/www.europesays.com\/fr\/wp-json\/wp\/v2\/types\/post"}],"author":[{"embeddable":true,"href":"https:\/\/www.europesays.com\/fr\/wp-json\/wp\/v2\/users\/2"}],"replies":[{"embeddable":true,"href":"https:\/\/www.europesays.com\/fr\/wp-json\/wp\/v2\/comments?post=509776"}],"version-history":[{"count":0,"href":"https:\/\/www.europesays.com\/fr\/wp-json\/wp\/v2\/posts\/509776\/revisions"}],"wp:featuredmedia":[{"embeddable":true,"href":"https:\/\/www.europesays.com\/fr\/wp-json\/wp\/v2\/media\/509777"}],"wp:attachment":[{"href":"https:\/\/www.europesays.com\/fr\/wp-json\/wp\/v2\/media?parent=509776"}],"wp:term":[{"taxonomy":"category","embeddable":true,"href":"https:\/\/www.europesays.com\/fr\/wp-json\/wp\/v2\/categories?post=509776"},{"taxonomy":"post_tag","embeddable":true,"href":"https:\/\/www.europesays.com\/fr\/wp-json\/wp\/v2\/tags?post=509776"}],"curies":[{"name":"wp","href":"https:\/\/api.w.org\/{rel}","templated":true}]}}