{"id":509780,"date":"2025-11-03T22:23:27","date_gmt":"2025-11-03T22:23:27","guid":{"rendered":"https:\/\/www.europesays.com\/fr\/509780\/"},"modified":"2025-11-03T22:23:27","modified_gmt":"2025-11-03T22:23:27","slug":"scenes-lyon-nuit-du-cirque-jongler-mais-pas-que-par-nadja-pobel","status":"publish","type":"post","link":"https:\/\/www.europesays.com\/fr\/509780\/","title":{"rendered":"Sc\u00e8nes Lyon &#8211; Nuit du cirque : jongler mais pas que par Nadja Pobel"},"content":{"rendered":"<p itemprop=\"description\" style=\"font-weight: 600;\">    Nouveau cirque \/ Du 14 au 16 novembre, la Nuit du cirque se tiendra dans diff\u00e9rentes salles de la m\u00e9tropole dont les Subs qui joue les prolongations avec la cr\u00e9ation de Martin Palisse, David Gauchard et Stefan Kinsman, \u00ab\u00a0Commencer \u00e0 exister\u00a0\u00bb.<\/p>\n<p><img decoding=\"async\" src=\"https:\/\/www.europesays.com\/fr\/wp-content\/uploads\/2025\/11\/2025-10-27-15-50-26_CommenceraExisterPaulineGouablin1HD.jpg\" alt=\"\"\/><\/p>\n<p style=\"font-size:12px;\">Photo : Commencer a\u0300 exister \u00a9 Pauline Gouablin<\/p>\n<p>Jongler. On serait heureux que ce ne soit qu&rsquo;une discipline artistique, mais en trois clics sur le web, chacun peut constater que les structures culturelles et circassiennes sont oblig\u00e9es de le faire m\u00eame hors de sc\u00e8ne car les tutelles soufflent le chaud et le froid sur les institutions de la m\u00e9tropole lyonnaise. Sur sa page d&rsquo;accueil, l&rsquo;\u00e9cole de cirque de Lyon, pr\u00e9paratoire aux grandes \u00e9coles, appelle \u00e0 <a href=\"https:\/\/mjc-menival-ecole-de-cirque-de-lyon.s2.yapla.com\/fr\/campaign-13158\/detail\/suppression-de-la-subvention-de-la-region-aura-soutenons-lecole-de-cirque-de-lyon\/13158\" target=\"_blank\" rel=\"noopener\">faire un don <\/a>pour \u00ab sauver les formations et les emplois en danger \u00bb suite \u00e0 la suppression de la totalit\u00e9 de subvention de la R\u00e9gion AURA cette ann\u00e9e, 60 000\u20ac. Parall\u00e8lement, Rachida Dati est venue annoncer dans ces m\u00eames locaux l&rsquo;attribution, par le minist\u00e8re de la Culture, du plus important label en la mati\u00e8re, P\u00f4le national de cirque, \u00e0 la future cit\u00e9 internationale des arts du cirque. Pr\u00e9vue pour 2028, elle regroupe la compagnie MPTA, le festival UtoPiste et donc l&rsquo;\u00e9cole.<\/p>\n<p>Pour la <a href=\"https:\/\/lanuitducirque.com\/\" target=\"_blank\" rel=\"noopener\">7e \u00e9dition de la Nuit du cirque<\/a>, celle-ci est pour l&rsquo;instant int\u00e9gr\u00e9e \u00e0 la MJC de M\u00e9nival (5e arrondissement) et propose d&rsquo;assister \u00e0 sept num\u00e9ros et autant de disciplines gr\u00e2ce \u00e0 une sc\u00e8ne ouverte aux jeunes artistes sortantes d&rsquo;\u00e9coles sup\u00e9rieures en arts du cirque \u00e0 l&rsquo;\u00e9chelle europ\u00e9enne (les 15 et 16 novembre). Cette manifestation, cr\u00e9\u00e9e en 2009, se d\u00e9ploie aussi en effet en Allemagne, en Suisse, en R\u00e9publique Tch\u00e8que et en Belgique.<\/p>\n<p>T\u00eate en l&rsquo;air<\/p>\n<p>\u00c0 la Mouche, la tradition circassienne tient une bonne place tout au long de la saison. Le 14 novembre, c&rsquo;est le duo ard\u00e9chois de la compagnie Si seulement qui allie m\u00e2t chinois et jonglage en s&rsquo;adressant aux enfants d\u00e8s 4 ans dans <a href=\"https:\/\/ciesiseulement.wixsite.com\/ciesiseulement\/spectacles\" target=\"_blank\" rel=\"noopener\">Ven<\/a>. Le jonglage est donc toujours un art de cr\u00e9ation. Ouf ! La preuve est aussi faite les Franciliens de la compagnie EA EO. Il se trouve qu&rsquo;ils seront \u00e0 la Mouche en mars avec Biographies. Le spectacle, qui est une des parties de l&rsquo;ample et in\u00e9gal spectacle qu&rsquo;est Les Fauves, est programm\u00e9 pour l&rsquo;heure aux Subs du 12 au 16 novembre. Pierre Laloge y fait dialoguer son rap avec les balles de Neta Oren.<\/p>\n<p style=\"text-align:center;\"><img loading=\"lazy\" decoding=\"async\" class=\"img-responsive\" src=\"https:\/\/www.europesays.com\/fr\/wp-content\/uploads\/2025\/11\/2025-10-27-15-53-47_VenKalimba.jpg\" alt=\"\" width=\"683\" height=\"455\"\/><\/p>\n<p>Si cette Nuit du cirque se d\u00e9roule syst\u00e9matiquement pendant le week-end qui suit le 11 novembre et qu&rsquo;elle dure 72h enjambant 3 jours et 3 nuits, elle peut aussi jouer les prolongations en fonction des calendriers de cr\u00e9ation. Ce sera le cas aux Subs, encore, carrefour de cet \u00e9v\u00e9nement \u00e0 Lyon. C&rsquo;est l\u00e0 que va \u00eatre donn\u00e9e la toute premi\u00e8re date, Commencer \u00e0 exister, du 20 au 22 novembre. Au sortir du Covid le metteur en sc\u00e8ne de th\u00e9\u00e2tre David Gauchard et le circassien, directeur du P\u00f4le national de Nexon (Haute-Vienne), unissaient leur cr\u00e9ativit\u00e9 dans le premier volet d&rsquo;une trilogie sur les h\u00e9ritages. Time to tell \u00e9voquait sans d\u00e9tour la mucoviscidose dont souffre Martin Palisse. Avec Commencer \u00e0 exister,  ils ont invit\u00e9 le tr\u00e8s dou\u00e9 sp\u00e9cialiste de la roue Cyr Stefan Kinsman \u00e0 les rejoindre. En mots et en gestes de cirque, il est question, promettent-ils, des \u00ab traces que leurs familles ont laiss\u00e9es en eux \u00bb, \u00e0 commencer par celles de leurs p\u00e8res, marquantes.<\/p>\n<p><strong>Nuit du cirque<br \/><\/strong>\u00c0 La Mouche : Ven, 14 novembre 2025 ; de 12\u20ac \u00e0 18\u20ac<br \/>\u00c0 l&rsquo;\u00e9cole de cirque : <a href=\"https:\/\/www.ecoledecirquedelyon.com\/blog\/2025\/10\/7\/scne-ouverte-europene-nuit-du-cirque-\" target=\"_blank\" rel=\"noopener\">Sc\u00e8ne ouverte europ\u00e9enne<\/a>, les 15 et 16 novembre 2025 ; prix libre<br \/>Aux Subs : Biographies, du 12 au 16 novembre 2025 + Commencer \u00e0 exister du 20 au 22 novembre 2025 ; de 5\u20ac \u00e0 18\u20ac<\/p><\/p>\n","protected":false},"excerpt":{"rendered":"Nouveau cirque \/ Du 14 au 16 novembre, la Nuit du cirque se tiendra dans diff\u00e9rentes salles de&hellip;\n","protected":false},"author":2,"featured_media":509781,"comment_status":"","ping_status":"","sticky":false,"template":"","format":"standard","meta":{"footnotes":""},"categories":[1889],"tags":[1111,11,2430,63106,1777,674,1011,27,2428,63104,12,63105,25,5890],"class_list":{"0":"post-509780","1":"post","2":"type-post","3":"status-publish","4":"format-standard","5":"has-post-thumbnail","7":"category-lyon","8":"tag-actu","9":"tag-actualites","10":"tag-auvergne-rhone-alpes","11":"tag-compagnie-ea-eo","12":"tag-eu","13":"tag-europe","14":"tag-fr","15":"tag-france","16":"tag-lyon","17":"tag-martin-palisse","18":"tag-news","19":"tag-nuit-du-cirque","20":"tag-republique-francaise","21":"tag-scenes"},"share_on_mastodon":{"url":"https:\/\/pubeurope.com\/@fr\/115488110392558847","error":""},"_links":{"self":[{"href":"https:\/\/www.europesays.com\/fr\/wp-json\/wp\/v2\/posts\/509780","targetHints":{"allow":["GET"]}}],"collection":[{"href":"https:\/\/www.europesays.com\/fr\/wp-json\/wp\/v2\/posts"}],"about":[{"href":"https:\/\/www.europesays.com\/fr\/wp-json\/wp\/v2\/types\/post"}],"author":[{"embeddable":true,"href":"https:\/\/www.europesays.com\/fr\/wp-json\/wp\/v2\/users\/2"}],"replies":[{"embeddable":true,"href":"https:\/\/www.europesays.com\/fr\/wp-json\/wp\/v2\/comments?post=509780"}],"version-history":[{"count":0,"href":"https:\/\/www.europesays.com\/fr\/wp-json\/wp\/v2\/posts\/509780\/revisions"}],"wp:featuredmedia":[{"embeddable":true,"href":"https:\/\/www.europesays.com\/fr\/wp-json\/wp\/v2\/media\/509781"}],"wp:attachment":[{"href":"https:\/\/www.europesays.com\/fr\/wp-json\/wp\/v2\/media?parent=509780"}],"wp:term":[{"taxonomy":"category","embeddable":true,"href":"https:\/\/www.europesays.com\/fr\/wp-json\/wp\/v2\/categories?post=509780"},{"taxonomy":"post_tag","embeddable":true,"href":"https:\/\/www.europesays.com\/fr\/wp-json\/wp\/v2\/tags?post=509780"}],"curies":[{"name":"wp","href":"https:\/\/api.w.org\/{rel}","templated":true}]}}