{"id":509788,"date":"2025-11-03T22:32:14","date_gmt":"2025-11-03T22:32:14","guid":{"rendered":"https:\/\/www.europesays.com\/fr\/509788\/"},"modified":"2025-11-03T22:32:14","modified_gmt":"2025-11-03T22:32:14","slug":"pourquoi-mamadi-doumbouya-plait-il-tant-a-paris","status":"publish","type":"post","link":"https:\/\/www.europesays.com\/fr\/509788\/","title":{"rendered":"Pourquoi Mamadi Doumbouya pla\u00eet-il tant \u00e0 Paris\u00a0?"},"content":{"rendered":"<p>Cela pr\u00eate \u00e0 sourire, la <a class=\"Link\" href=\"https:\/\/www.lepoint.fr\/tags\/guinee\" data-gtm=\"click:capsule\" data-capsule=\"Lien\" target=\"_blank\" rel=\"noopener\">Guin\u00e9e<\/a> qui fut longtemps la brebis galeuse de la bergerie fran\u00e7africaine est en train\u00a0d&rsquo;en devenir\u00a0la favorite et <a class=\"Link\" href=\"https:\/\/www.lepoint.fr\/afrique\/tierno-monenembo-en-guinee-apres-abdoul-sacko-a-qui-le-tour-27-02-2025-2583475_3826.php\" title=\"\" data-gtm=\"click:capsule\" data-capsule=\"Lien\" target=\"_blank\" rel=\"noopener\">le g\u00e9n\u00e9ral Mamadi Doumbouya<\/a>, son nouveau Bokassa. Entre la M\u00e9tropole et sa turbulente ancienne colonie, le b\u00e9guin est si fort dor\u00e9navant\u00a0que les m\u00e9chantes langues\u00a0ont trouv\u00e9 un ravissant surnom\u00a0\u00e0 l&rsquo;actuel homme fort de Conakry\u00a0: le chouchou de Macron.<\/p>\n<p>Un journaliste qui couvre l&rsquo;Afrique pour un\u00a0grand quotidien parisien a essay\u00e9 de m&rsquo;expliquer les raisons obscures de cette alliance contre nature\u00a0: \u00ab\u00a0Chass\u00e9e du Mali, du Burkina Faso et du Niger, fragilis\u00e9e au S\u00e9n\u00e9gal, au Togo et au Tchad, la France mise sur la Guin\u00e9e pour contrer l&rsquo;expansion russe. Dans l&rsquo;\u00e9tat de confusion g\u00e9n\u00e9rale que conna\u00eet le monde, chacun avance le pion qu&rsquo;il peut, ajoute, pince-sans-rire, notre\u00a0confr\u00e8re qui sait de quoi il parle\u00a0\u00bb.<\/p>\n<p>Paris cherche un nouveau relais en Afrique de l&rsquo;Ouest<\/p>\n<p>Si j&rsquo;ai bien compris, c&rsquo;est sur Mamadi Doumbouya, ce g\u00e9n\u00e9ral autoproclam\u00e9, cet ancien caporal-chef de la L\u00e9gion \u00e9trang\u00e8re, que les g\u00e9nies du Quai d&rsquo;Orsay misent pour prot\u00e9ger le pr\u00e9 carr\u00e9 fran\u00e7ais des vis\u00e9es de Vladimir Poutine et tenter en d\u00e9sespoir de cause, de garder un pied en Afrique. Si c&rsquo;est vrai, alors c&rsquo;est s\u00fbrement cela, la g\u00e9opolitique de haut vol\u00a0! Mamadi Doumbouya pour faire barrage \u00e0 Poutine, autant arr\u00eater les eaux de la Volga avec ses mains\u00a0! Mais bon, il arrive que la diplomatie, cette \u00ab\u00a0police en grand\u00a0costume\u00a0\u00bb, pour reprendre le fameux mot de Napol\u00e9on, sorte du s\u00e9rieux pour danser le quadrille. Je dis quadrille, parce que ce mot d\u00e9gage un air de l\u00e9g\u00e8ret\u00e9 qui colle bien \u00e0 la situation\u00a0et puisque, en fin de compte, la confrontation franco-russe en Afrique se d\u00e9cline plut\u00f4t en changement de cavali\u00e8re qu&rsquo;en confrontation directe. Voil\u00e0 que la Guin\u00e9e, le premier pays d&rsquo;Afrique noire \u00e0 avoir ouvert une ambassade \u00e0 Moscou, revient vers la France, son ennemi d&rsquo;hier\u00a0tandis que le Niger, le berceau de <a class=\"Link\" href=\"https:\/\/www.lepoint.fr\/afrique\/quand-l-organisation-internationale-de-la-francophonie-perd-pied-en-afrique-de-l-ouest-28-03-2025-2585949_3826.php\" title=\"\" data-gtm=\"click:capsule\" data-capsule=\"Lien\" target=\"_blank\" rel=\"noopener\">l&rsquo;Organisation internationale de la francophonie <\/a>(l&rsquo;OIF qui n&rsquo;est autre que l&rsquo;ancienne ACCT qui, on le sait, a \u00e9t\u00e9 fond\u00e9e\u00a0\u00e0 Niamey) fait les yeux doux \u00e0 Moscou, bient\u00f4t rejoint peut-\u00eatre, par le S\u00e9n\u00e9gal, la patrie de l&rsquo;ultra-francophile Senghor\u00a0! Apr\u00e8s la diplomatie des petits pas, ch\u00e8re \u00e0 Nixon et \u00e0 Mao, la diplomatie du pas de deux\u00a0!<\/p>\n<p>Une coop\u00e9ration militaire qui interroge<\/p>\n<p>Le changement de cavali\u00e8re \u00e9tant fr\u00e9quent dans le quadrille personne ne sait jusqu&rsquo;\u00e0 quand durera cette idylle<a class=\"Link\" href=\"https:\/\/www.lepoint.fr\/afrique\/guinee-france-la-francafrique-a-l-epreuve-du-palais-bourbon-23-09-2024-2570895_3826.php\" title=\"\" data-gtm=\"click:capsule\" data-capsule=\"Lien\" target=\"_blank\" rel=\"noopener\"> franco-guin\u00e9enne<\/a>. Il reste que, pour l&rsquo;instant, la France a pour le tyran\u00a0de Conakry\u00a0les yeux de Chim\u00e8ne. Rien de trop pour son petit prot\u00e9g\u00e9\u00a0! C&rsquo;est vers Conakry dor\u00e9navant et non vers Dakar ou N&rsquo;Djamena que vont les ch\u00e8ques les plus gros et le mat\u00e9riel militaire de dernier cri. Habituellement, en cas de coup d&rsquo;\u00c9tat, la France suspend sa coop\u00e9ration militaire avec le pays concern\u00e9. Avec Mamadi Doumbouya, non seulement celle-ci n&rsquo;a jamais \u00e9t\u00e9 interrompue mais\u00a0elle s&rsquo;est intensifi\u00e9e au point que le journaliste Thomas Dietrich soup\u00e7onne des officiers fran\u00e7ais de participer \u00e0 l&rsquo;encadrement des forces parall\u00e8les guin\u00e9ennes\u00a0impliqu\u00e9es dans la r\u00e9pression\u00a0des opposants.\u00a0Est-ce vrai, est-ce faux\u00a0? Seule une enqu\u00eate approfondie pourrait le dire. Ce qui est s\u00fbr, c&rsquo;est qu&rsquo;Emmanuel Macron ne semble pas beaucoup s&rsquo;\u00e9mouvoir des d\u00e9rives dictatoriales de son poulain de Conakry.\u00a0Pendant que celui-ci tord le cou \u00e0 la charte de la Transition, pendant que se multiplient les morts myst\u00e9rieuses et les disparitions forc\u00e9es, il fait semblant de regarder ailleurs. Les nombreux \u00e9missaires qu&rsquo;il envoie \u00e0 Conakry parlent de tout sauf de droits de l&rsquo;homme et pour cause, ce ne sont que des banquiers, des grad\u00e9s, des ing\u00e9nieurs et\u00a0des g\u00e9opoliticiens. Ce qui les int\u00e9resse, <a class=\"Link\" href=\"https:\/\/www.lepoint.fr\/afrique\/gisement-de-fer-de-simandou-la-guinee-fait-le-pari-du-co-developpement-30-03-2022-2470286_3826.php\" title=\"\" data-gtm=\"click:capsule\" data-capsule=\"Lien\" target=\"_blank\" rel=\"noopener\">c&rsquo;est la bauxite et le diamant<\/a>, certainement pas le sort de Sadou Nimaga, de Maraouane Camara, de Fonink\u00e9 Mengu\u00e9 et de Billo Bah, disparus depuis plus d&rsquo;un an et dont on ne sait toujours rien\u00a0: vivent-ils encore ou ont-ils d\u00e9j\u00e0 succomb\u00e9 \u00e0 la torture\u00a0? Seul Mamadi Doumbouya pourrait le dire.<\/p>\n<p>\n\u00c0 D\u00e9couvrir<br \/>\n<strong class=\"discover-kangourou__line\"><br \/>\n<img decoding=\"async\" class=\"discover-kangourou__img\" src=\"https:\/\/static.lpnt.fr\/static\/img\/kangourou\/kangourou_filled.svg\"\/><br \/>\n<strong class=\"discover-kangourou__txt\"><br \/>\n<strong>Le Kangourou du jour<\/strong><br \/>\n<a href=\"https:\/\/kangourou.lepoint.fr\" title=\"kangourou\" data-gtm-cta=\"kangourou_article\" class=\"discover-kangourou__lnk\" target=\"_blank\" rel=\"noopener\"><br \/>\nR\u00e9pondre<br \/>\n<\/a><br \/>\n<\/strong><br \/>\n<\/strong><br \/>\nLa France entretient avec l&rsquo;Afrique des relations politiques, culturelles et humaines fortes malgr\u00e9 les vicissitudes de l&rsquo;Histoire, malgr\u00e9 les al\u00e9as de la diplomatie. Qu&rsquo;elle\u00a0veuille les maintenir, rien de plus normal et m\u00eame, rien de plus souhaitable\u00a0! Est-elle pour autant oblig\u00e9e de d\u00e9rouler le tapis rouge <a class=\"Link\" href=\"https:\/\/www.lepoint.fr\/afrique\/guinee-il-est-urgent-que-des-poursuites-soient-diligentees-16-09-2022-2490276_3826.php\" title=\"\" data-gtm=\"click:capsule\" data-capsule=\"Lien\" target=\"_blank\" rel=\"noopener\">\u00e0 ses tyrans\u00a0<\/a>\u00a0?<\/p>\n<p>*\u00a01986, Grand Prix\u00a0litt\u00e9raire d&rsquo;Afrique noire ex aequo\u00a0pour\u00a0Les \u00c9cailles du ciel\u00a0; 2008, prix Renaudot pour\u00a0Le Roi de Kahel\u00a0; 2012, prix Erckmann-Chatrian et Grand Prix du roman m\u00e9tis pour\u00a0Le Terroriste noir\u00a0; 2013, Grand Prix\u00a0Palatine et prix Ahmadou-Kourouma pour\u00a0Le Terroriste noir\u00a0; 2017, Grand\u00a0Prix de la francophonie pour l&rsquo;ensemble de son \u0153uvre.<\/p>\n<p>Toute l\u2019actualit\u00e9 \u00e0 1\u20ac le premier mois<\/p>\n<p><a href=\"https:\/\/abo.lepoint.fr\/?provenance=21EDI020098\" class=\"btn\" title=\"S&#039;abonner\" data-gtm=\"click:abo|display:abo\" data-campaign=\"paywall_maison\" target=\"_blank\" rel=\"noopener\">S&rsquo;abonner<\/a><\/p>\n<p>ou<\/p>\n","protected":false},"excerpt":{"rendered":"Cela pr\u00eate \u00e0 sourire, la Guin\u00e9e qui fut longtemps la brebis galeuse de la bergerie fran\u00e7africaine est en&hellip;\n","protected":false},"author":2,"featured_media":509789,"comment_status":"","ping_status":"","sticky":false,"template":"","format":"standard","meta":{"footnotes":""},"categories":[1888],"tags":[1111,1928,11,1927,63107,1777,674,1011,27,15627,12,1926,626,1925,25],"class_list":{"0":"post-509788","1":"post","2":"type-post","3":"status-publish","4":"format-standard","5":"has-post-thumbnail","7":"category-paris","8":"tag-actu","9":"tag-actu-paris","10":"tag-actualites","11":"tag-actualites-paris","12":"tag-alpha-conde","13":"tag-eu","14":"tag-europe","15":"tag-fr","16":"tag-france","17":"tag-guinee","18":"tag-news","19":"tag-news-paris","20":"tag-paris","21":"tag-paris-news","22":"tag-republique-francaise"},"share_on_mastodon":{"url":"https:\/\/pubeurope.com\/@fr\/115488145133985020","error":""},"_links":{"self":[{"href":"https:\/\/www.europesays.com\/fr\/wp-json\/wp\/v2\/posts\/509788","targetHints":{"allow":["GET"]}}],"collection":[{"href":"https:\/\/www.europesays.com\/fr\/wp-json\/wp\/v2\/posts"}],"about":[{"href":"https:\/\/www.europesays.com\/fr\/wp-json\/wp\/v2\/types\/post"}],"author":[{"embeddable":true,"href":"https:\/\/www.europesays.com\/fr\/wp-json\/wp\/v2\/users\/2"}],"replies":[{"embeddable":true,"href":"https:\/\/www.europesays.com\/fr\/wp-json\/wp\/v2\/comments?post=509788"}],"version-history":[{"count":0,"href":"https:\/\/www.europesays.com\/fr\/wp-json\/wp\/v2\/posts\/509788\/revisions"}],"wp:featuredmedia":[{"embeddable":true,"href":"https:\/\/www.europesays.com\/fr\/wp-json\/wp\/v2\/media\/509789"}],"wp:attachment":[{"href":"https:\/\/www.europesays.com\/fr\/wp-json\/wp\/v2\/media?parent=509788"}],"wp:term":[{"taxonomy":"category","embeddable":true,"href":"https:\/\/www.europesays.com\/fr\/wp-json\/wp\/v2\/categories?post=509788"},{"taxonomy":"post_tag","embeddable":true,"href":"https:\/\/www.europesays.com\/fr\/wp-json\/wp\/v2\/tags?post=509788"}],"curies":[{"name":"wp","href":"https:\/\/api.w.org\/{rel}","templated":true}]}}